{"id":18313,"date":"2025-03-12T14:25:17","date_gmt":"2025-03-12T18:25:17","guid":{"rendered":"https:\/\/noticiasveraces.com\/?p=18313"},"modified":"2025-03-12T14:25:17","modified_gmt":"2025-03-12T18:25:17","slug":"jose-breton-confiesa-por-primera-vez-que-mato-a-sus-hijos-tenia-que-morir-sin-sufrimiento-y-que-los-cuerpos-no-se-sociedad","status":"publish","type":"post","link":"https:\/\/noticiasveraces.com\/?p=18313","title":{"rendered":"Jos\u00e9 Bret\u00f3n Confiesa por Primera Vez que Mat\u00f3 A Sus Hijos: \u00abTen\u00eda que Morir Sin Sufrimiento y Que Los Cuerpos No se. Sociedad"},"content":{"rendered":"<p> \n<br \/><img decoding=\"async\" src=\"https:\/\/imagenes.elpais.com\/resizer\/v2\/SHGS3OL565DN5MW76AI5OSJ2WI.jpg?auth=c182837b9a81e1b7c949d9f4f4deedf64f344df41d9cf95719422d7332454f71\" \/><\/p>\n<div data-dtm-region=\"articulo_cuerpo\">\n<p class=\"\">Jos\u00e9 Bret\u00f3n, Condenado A 40 A\u00f1os de C\u00e1rcel Por Matar A Sus dos Hijos, Ruth y Jos\u00e9, de 6 y 2 A\u00f1os, en octubre de 2011 en C\u00f3rdoba, Ha Confesado Ser El Autor del Crimen. Lo hace en el libro <i>El Odio <\/i>(Anagrama), del escritore Luisg\u00e9 Mart\u00edn, Que Saldr\u00e1 a la Venta El 26 de Marzo. El Asesino Hab\u00eda Confesado Su Crimen Ya en 2017, seg\u00fan se explica en el libro, Pero no Trascendi\u00f3 Porque Fue de Manera privada y dentro del marco de una terapia de justicia restaurante restaurante las proesiones de las Penitenciaciones de la c\u00e1ra de Herrera de la mangcha (CAMATIVA, CUBLES, PENITENES, CUCHA REALES) Condena. Es Ahora, A Trav\u00e9s del Libro, Que Esa Confesi\u00f3n Llega Al P\u00fablico.<\/p>\n<p class=\"\">\u00abTen\u00eda que Morir sin sufrimiento y que los cuerpos no se encuentren el Encontrario Pudieran\u00bb, Cuenta Bret\u00f3n al Escritor en un Encuento que Mantienen en la C\u00e1rcel. \u201cSin cad\u00e1veres no Hay Crimen, eSo Est\u00e1 en Cualquier Novela Policiaca. Ten\u00eda los Medicamentos y Ten\u00eda la Le\u00f1a en la Finca, solo tuve que comprar el Gas\u00f3leo \u201d, Confiesa. \u201cDisolv\u00ed las Pastillas Machacadas en Agua Con Az\u00facar y Se la di para que Bebieran. Antes de Poner los cuerpos en el FUEGO comprob\u00e9 que no respiraban, Estaban ya muertos. No se enteraron de lo que iba un pasar. Confiaron en M\u00ed. No Hubo Miedo ni Dolor ni Ning\u00fan Tipo de Sufrimiento \u201d, Asegura Al Escritor en <i>El Odio<\/i>.<\/p>\n<p class=\"\">El Asesinato Conmocion\u00f3 a la Sociedad y la Lucha de Ruth Ortiz, La Madre de Los Ni\u00f1os, Junto A Organizaciones Feministas, Consiguio Que se Reconciera como v\u00edctimas de Violencia de G\u00e9nero Vicaria. Para que Puedan Acceder a la Proteci\u00f3n y Ayuda de Lass Instituciones Que Necesitan.<\/p>\n<p class=\"\">En la Misma l\u00ednea de otras prospecciones Psicol\u00f3gicas de Asesinos como <i>Un sagrado fr\u00eda,<\/i> De Truman Capote, O <i>El adversario<\/i>de Emmanuel Carr\u00e8re, <i>El Odio<\/i> SE Compone de Dos Partes: La Reconstrucyn del Crimen y El Perfil del Verdugo, y La Propia Relaci\u00f3 -Que Asesino y Escritor establecido.<\/p>\n<p class=\"\">En este Caso, Mart\u00edn Cruz\u00f3 Con Bret\u00f3n, que Cumple Una Condena Efectiva de 25 A\u00f1os, Unas 60 Cartas y Muchas Llamadas de Tel\u00e9fono. El Libro, De Hecho, Termina Con un Encuentro Presencial: la visita que el escritor le hizo a finales de 2023. En estecuentro personal, bret\u00f3n de la respuesta a la pregunta de por -ascept\u00f3 colaborar con elescritor para el libro, afirmando quiere quiersar queeprepiente: \u00abeleprepiente elepebre para el n\u00f3metro, afirmando quiere quiersar queepiate:\u00bb eleprepiente elepebree el homebre, el n\u00facleo, el mate a a a a a a a a a a a a a a a a a a a a a a a a a a a los de Ruth y Jos\u00e9 Quiere Pedir Perd\u00f3n por El Dado Que Hizo \u201d, Se Lee en El Libro.<\/p>\n<p class=\"\">En el libro, el escritore reconstruye el crimen de bret\u00f3n, que en 2011 y para hacer da\u00f1o a su mujer desespu\u00e9s de que est\u00e1 quisiera finalizar su matrimonio con \u00e9l, mezcl\u00f3 somn\u00edferos con agua suministr\u00f3 a sus hijos, causaNdoles la muerte, para posterietari\u00e9reriadores Cuerpos en la Finca Familiary Cordobesa. El Asesino de los Menores declar\u00f3 que no es informaci\u00f3n sobre la informaci\u00f3n de la especi\u00f3n para preparar el Crimen, y Que Quer\u00eda Hacer desaparece TODO RASTRO DE LOS CUERPOS PARA QUE NO HUBIERA CRIMEN.<\/p>\n<p class=\"\">Bret\u00f3n Fue Condenado en Julio de 2013 Por la Audios Como Provincial Autor de Dos delitos de Asesinato A las PeRes de 20 A\u00f1os de C\u00e1rcel Por Cada Ni\u00f1o, 40 A\u00f1os en Total de los Que Cumplir\u00e1 25. Est\u00e1 Previsto qu\u00e9 Salga de la C\u00e1rcel en 2036.<\/p>\n<p class=\"\"><i>El Tel\u00e9fono 016 ATIENTE A LAS V\u00cdCTIMAS DE VIOLENCIA MACHISTA, A SUS FAMILIAS YA SOTORNO LAS 24 HORAS DEL DIA, TODOS LOS DIAS DEL ARO, EN 53 IDIOMAS DIFERENtes. El N\u00daMERO NO REGISTRADO DE QUEDA EN LA FACURA TELEF\u00d3NICA, PERO HAY QUE BORRAR LA LLAMADA DEL SIPOSITIVO. Tambi\u00e9n se pude contactar a Trav\u00e9s del Correo Elect\u00f3nico <\/i><i>016-online@igualdad.gob.es<\/i><i>  y por whatsapp en el n\u00famero 600 000 016. Los Menores Pueden Dirigirse al Tel\u00e9fono de la Fundaci\u00f3n ANAR 900 20 20 10. Si es una situaci\u00f3n de emergencia, se pude lllamar al 112 oa los tel\u00e9fonos de la polic\u00cda nacional (091) y de la Guardia civil (062). Y en Caso de no poder Llamar, Se Puede recurrir a la Aplicacia alertcops, desde la que se env\u00eda una se\u00f1al de alerta a la polic\u00eda con geolocalizaci\u00f3n.<\/i><\/p>\n<\/div>\n\n","protected":false},"excerpt":{"rendered":"<p>Jos\u00e9 Bret\u00f3n, Condenado A 40 A\u00f1os de C\u00e1rcel Por Matar A Sus dos Hijos, Ruth y Jos\u00e9, de 6 y 2 A\u00f1os, en octubre de 2011 en C\u00f3rdoba, Ha Confesado Ser El Autor del Crimen. Lo hace en el libro El Odio (Anagrama), del escritore Luisg\u00e9 Mart\u00edn, Que Saldr\u00e1 a la Venta El 26 de &hellip;<\/p>\n","protected":false},"author":1,"featured_media":18315,"comment_status":"open","ping_status":"open","sticky":false,"template":"","format":"standard","meta":{"fifu_image_url":"https:\/\/imagenes.elpais.com\/resizer\/v2\/SHGS3OL565DN5MW76AI5OSJ2WI.jpg?auth=c182837b9a81e1b7c949d9f4f4deedf64f344df41d9cf95719422d7332454f71&width=1200","fifu_image_alt":"","footnotes":""},"categories":[11],"tags":[],"class_list":["post-18313","post","type-post","status-publish","format-standard","has-post-thumbnail","","category-viaje"],"_links":{"self":[{"href":"https:\/\/noticiasveraces.com\/index.php?rest_route=\/wp\/v2\/posts\/18313","targetHints":{"allow":["GET"]}}],"collection":[{"href":"https:\/\/noticiasveraces.com\/index.php?rest_route=\/wp\/v2\/posts"}],"about":[{"href":"https:\/\/noticiasveraces.com\/index.php?rest_route=\/wp\/v2\/types\/post"}],"author":[{"embeddable":true,"href":"https:\/\/noticiasveraces.com\/index.php?rest_route=\/wp\/v2\/users\/1"}],"replies":[{"embeddable":true,"href":"https:\/\/noticiasveraces.com\/index.php?rest_route=%2Fwp%2Fv2%2Fcomments&post=18313"}],"version-history":[{"count":0,"href":"https:\/\/noticiasveraces.com\/index.php?rest_route=\/wp\/v2\/posts\/18313\/revisions"}],"wp:featuredmedia":[{"embeddable":true,"href":"https:\/\/noticiasveraces.com\/index.php?rest_route=\/wp\/v2\/media\/18315"}],"wp:attachment":[{"href":"https:\/\/noticiasveraces.com\/index.php?rest_route=%2Fwp%2Fv2%2Fmedia&parent=18313"}],"wp:term":[{"taxonomy":"category","embeddable":true,"href":"https:\/\/noticiasveraces.com\/index.php?rest_route=%2Fwp%2Fv2%2Fcategories&post=18313"},{"taxonomy":"post_tag","embeddable":true,"href":"https:\/\/noticiasveraces.com\/index.php?rest_route=%2Fwp%2Fv2%2Ftags&post=18313"}],"curies":[{"name":"wp","href":"https:\/\/api.w.org\/{rel}","templated":true}]}}