{"id":18289,"date":"2025-03-12T11:13:46","date_gmt":"2025-03-12T15:13:46","guid":{"rendered":"https:\/\/noticiasveraces.com\/?p=18289"},"modified":"2025-03-12T11:13:46","modified_gmt":"2025-03-12T15:13:46","slug":"capitan-del-carguero-colisionado-es-un-ruso-dw-12-03-2025","status":"publish","type":"post","link":"https:\/\/noticiasveraces.com\/?p=18289","title":{"rendered":"Capit\u00e1n del Carguero Colisionado es un RUSO &#8211; DW &#8211; 12\/03\/2025"},"content":{"rendered":"<p> \n<\/p>\n<div>\n<p>El Choque del Lunes (10.3.2025), en El Que el Carguero de Bandera Portugues &#8216;Solong&#8217; Colision\u00f3 Con El Petrolero &#8216;Stena Inmaculate&#8217;, de Pabell\u00f3n Estadounidense y PropiDad de Una Empresa Sueca, Gener\u00f3 Temores de Unes\u00f3col\u00f3gico en la Zona. Tras el Incidee, El Indede, 36 Tripulantes de Ambas Embarcaciones Fueron Rescatados Sanos y Salvos.<\/p>\n<p>El Capit\u00e1n del &#8216;Solong&#8217; Fue arrestado. \u00abConfirma que el Capit\u00e1n es de Nacionalidad Rusa. El Resto de la Tripulaci\u00f3ni Son Ciudadanos Rusos y Filipinos\u00bb, Se\u00f1al\u00f3 la Compa\u00f1\u00eda Alemana, Ernst Russ, en Un Comunicado.<\/p>\n<h2>De Momento, no hay signos de contaminacia<\/h2>\n<p>El Hombre, de 59 A\u00f1os, Sigue Detenido, Sospechoso de homicidio Inventario por Negligencia Grave. Las Autoridadadas Brit\u00e1nnicas Creen que Muri\u00f3 Un Tripulante del Carguero, Desaparecido en el Inde\u00f1a. \u00abNuestra Hip\u00f3tesis es Que, Tristemento, El Marinero Ha Fallecido\u00bb, Dijo Al Respeto El Secretario de Estado del Transporte Mar\u00ed Timo, Mike Kane, en El Parlamento, en Referencia Al Tripulante Desaparecido del \u00absolong\u00bb.<\/p>\n<p>Kane A\u00f1adi\u00f3 Que \u00abTal como est\u00e1n las cosas, no se ha observado Se\u00f1ales de Contaminaci\u00f3n en Este Momento. Pero se Mantiena la Alerta en El Lugar\u00bb, Tras el Choque en el Que se Rompi\u00f3 un Tanque de Queroso en El Petrolero.<\/p>\n<p>El Gobierno Brit\u00e1nnico Defiende la Tesis de Un accidente como COUSA DEL COMO. \u00abPor Lo Que Entido, No Hay Raz\u00f3n para Pensar en Este Momento que sean un Acto Criminal\u00bb, Dijo Un Portavoz del Primer Ministerio Brit\u00e1nico, Starmer.<\/p>\n<p>MS (AFP\/EFE)<\/p>\n<\/p>\n<\/div>\n\n","protected":false},"excerpt":{"rendered":"<p>El Choque del Lunes (10.3.2025), en El Que el Carguero de Bandera Portugues &#8216;Solong&#8217; Colision\u00f3 Con El Petrolero &#8216;Stena Inmaculate&#8217;, de Pabell\u00f3n Estadounidense y PropiDad de Una Empresa Sueca, Gener\u00f3 Temores de Unes\u00f3col\u00f3gico en la Zona. Tras el Incidee, El Indede, 36 Tripulantes de Ambas Embarcaciones Fueron Rescatados Sanos y Salvos. El Capit\u00e1n del &#8216;Solong&#8217; &hellip;<\/p>\n","protected":false},"author":1,"featured_media":18290,"comment_status":"open","ping_status":"open","sticky":false,"template":"","format":"standard","meta":{"fifu_image_url":"https:\/\/static.dw.com\/image\/71890514_6.jpg","fifu_image_alt":"","footnotes":""},"categories":[13],"tags":[],"class_list":["post-18289","post","type-post","status-publish","format-standard","has-post-thumbnail","","category-mundo"],"_links":{"self":[{"href":"https:\/\/noticiasveraces.com\/index.php?rest_route=\/wp\/v2\/posts\/18289","targetHints":{"allow":["GET"]}}],"collection":[{"href":"https:\/\/noticiasveraces.com\/index.php?rest_route=\/wp\/v2\/posts"}],"about":[{"href":"https:\/\/noticiasveraces.com\/index.php?rest_route=\/wp\/v2\/types\/post"}],"author":[{"embeddable":true,"href":"https:\/\/noticiasveraces.com\/index.php?rest_route=\/wp\/v2\/users\/1"}],"replies":[{"embeddable":true,"href":"https:\/\/noticiasveraces.com\/index.php?rest_route=%2Fwp%2Fv2%2Fcomments&post=18289"}],"version-history":[{"count":0,"href":"https:\/\/noticiasveraces.com\/index.php?rest_route=\/wp\/v2\/posts\/18289\/revisions"}],"wp:featuredmedia":[{"embeddable":true,"href":"https:\/\/noticiasveraces.com\/index.php?rest_route=\/wp\/v2\/media\/18290"}],"wp:attachment":[{"href":"https:\/\/noticiasveraces.com\/index.php?rest_route=%2Fwp%2Fv2%2Fmedia&parent=18289"}],"wp:term":[{"taxonomy":"category","embeddable":true,"href":"https:\/\/noticiasveraces.com\/index.php?rest_route=%2Fwp%2Fv2%2Fcategories&post=18289"},{"taxonomy":"post_tag","embeddable":true,"href":"https:\/\/noticiasveraces.com\/index.php?rest_route=%2Fwp%2Fv2%2Ftags&post=18289"}],"curies":[{"name":"wp","href":"https:\/\/api.w.org\/{rel}","templated":true}]}}