{"id":18283,"date":"2025-03-12T09:11:37","date_gmt":"2025-03-12T13:11:37","guid":{"rendered":"https:\/\/noticiasveraces.com\/?p=18283"},"modified":"2025-03-12T09:11:37","modified_gmt":"2025-03-12T13:11:37","slug":"el-partido-de-groenlandia-favorece-la-independencia-gana-en-medio-de-los-comentarios-de-trump-sobre-la-adquisicion-de-ee-uu","status":"publish","type":"post","link":"https:\/\/noticiasveraces.com\/?p=18283","title":{"rendered":"El Partido de Groenlandia favorece la independencia gana en medio de los comentarios de Trump sobre la adquisici\u00f3n de EE. UU."},"content":{"rendered":"<p> \n<\/p>\n<div>\n<p class=\"speakable\">El Partido Demokraatit Center-Right de Groenlandia logr\u00f3 una victoria sorpresa en las elecciones parlamentarias del pa\u00eds, tomando el partido del primer ministro de Groenlandia, M\u00fate Egede, inuit Ataqatigiit, fuera del poder. La independencia de Dinamarca se convirti\u00f3 en un punto focal de la elecci\u00f3n en medio de la repetida charla del presidente Donald Trump sobre los Estados Unidos que toman el control.<\/p>\n<p class=\"speakable\">\u00abLa gente quiere un cambio &#8230; queremos que m\u00e1s negocios financien nuestro bienestar\u00bb, dijo Jens-Frederik Nielsen, l\u00edder de Demokraatit, seg\u00fan Reuters. La salida agreg\u00f3 que Nielsen dijo que Groenlandia no \u00abquiere la independencia ma\u00f1ana\u00bb y que prefiere la separaci\u00f3n de Dinamarca se basa en una \u00abbuena base\u00bb.<\/p>\n<div class=\"image-ct inline\">\n<div class=\"m\"><picture><source media=\"(max-width: 767px)\" srcset=\"https:\/\/a57.foxnews.com\/static.foxnews.com\/foxnews.com\/content\/uploads\/2025\/03\/343\/192\/greenland-election-1.jpg?ve=1&amp;tl=1, https:\/\/a57.foxnews.com\/static.foxnews.com\/foxnews.com\/content\/uploads\/2025\/03\/686\/384\/greenland-election-1.jpg?ve=1&amp;tl=1 2x\" height=\"192\" width=\"343\"><source media=\"(min-width: 768px) and (max-width: 1023px)\" srcset=\"https:\/\/a57.foxnews.com\/static.foxnews.com\/foxnews.com\/content\/uploads\/2025\/03\/672\/378\/greenland-election-1.jpg?ve=1&amp;tl=1, https:\/\/a57.foxnews.com\/static.foxnews.com\/foxnews.com\/content\/uploads\/2025\/03\/1344\/756\/greenland-election-1.jpg?ve=1&amp;tl=1 2x\" height=\"378\" width=\"672\"><source media=\"(min-width: 1024px) and (max-width: 1279px)\" srcset=\"https:\/\/a57.foxnews.com\/static.foxnews.com\/foxnews.com\/content\/uploads\/2025\/03\/931\/523\/greenland-election-1.jpg?ve=1&amp;tl=1, https:\/\/a57.foxnews.com\/static.foxnews.com\/foxnews.com\/content\/uploads\/2025\/03\/1862\/1046\/greenland-election-1.jpg?ve=1&amp;tl=1 2x\" height=\"523\" width=\"931\"><source media=\"(min-width: 1280px)\" srcset=\"https:\/\/a57.foxnews.com\/static.foxnews.com\/foxnews.com\/content\/uploads\/2025\/03\/720\/405\/greenland-election-1.jpg?ve=1&amp;tl=1, https:\/\/a57.foxnews.com\/static.foxnews.com\/foxnews.com\/content\/uploads\/2025\/03\/1440\/810\/greenland-election-1.jpg?ve=1&amp;tl=1 2x\" height=\"405\" width=\"720\"><img loading=\"lazy\" decoding=\"async\" src=\"https:\/\/a57.foxnews.com\/static.foxnews.com\/foxnews.com\/content\/uploads\/2025\/03\/1200\/675\/greenland-election-1.jpg?ve=1&amp;tl=1\" alt=\"L\u00edder del Partido Demokraatit de Groenlandia, Jens-Frederik Nielsen\" width=\"1200\" height=\"675\"\/><\/source><\/source><\/source><\/source><\/picture><\/div>\n<div class=\"info\">\n<div class=\"caption\">\n<p><span>El l\u00edder de Demokraatit, Jens-Frederik Nielsen, reacciona durante el partido electoral en Cafe Killut en Nuuk, el 12 de marzo de 2025. <\/span> <span>(Ritzau Scanpix\/Mads Claus Rasmussen a trav\u00e9s de Reuters)<\/span><\/p>\n<\/div>\n<\/div>\n<\/div>\n<p><strong>El partido de oposici\u00f3n de Groenlandia empuja los lazos estadounidenses m\u00e1s cercanos, la independencia de Dinamarca mientras Trump juega a lo grande en las elecciones<\/strong><\/p>\n<p>Cuatro de las cinco fiestas principales en la boleta electoral, incluidas las que ganaron el primer y segundo lugar, Demokraatit Party y Naleraq, favorecen la independencia de Dinamarca, pero no est\u00e1n de acuerdo en el ritmo. Groenlandia, cuya poblaci\u00f3n tiene aproximadamente 57,000 personas, actualmente opera como un territorio semiaut\u00f3nomo del reino de Dinamarca. Sin embargo, el renovado inter\u00e9s de Trump en la isla provoc\u00f3 conversaciones sobre separarse de la corona danesa.<\/p>\n<p>El primer ministro Egede, cuyo partido no pudo mantener el control, dijo en una publicaci\u00f3n de Facebook que respeta el resultado de las elecciones y que las partes est\u00e1n listas para las negociaciones. <\/p>\n<p>El ministro de Defensa Dan\u00e9s, Troels Lund Poulsen, felicit\u00f3 al Partido Demokraatit y dijo que el futuro groenland\u00e9s enfrentar\u00eda la \u00abpresi\u00f3n masiva\u00bb de Trump, seg\u00fan Associated Press, que cit\u00f3 a la Corporaci\u00f3n Danesa de Broadcasting Dr. Seg\u00fan los informes, Poulsen agreg\u00f3 que \u00abel futuro de Groenlandia se basa en lo que quieren el pueblo y el gobierno de Groenlandia\u00bb.<\/p>\n<p>El Partido Demokraatit vio un gran aumento en el apoyo, ganando casi el 30% de los votos en comparaci\u00f3n con solo el 9% en 2021, seg\u00fan The Associated Press, que cit\u00f3 a la corporaci\u00f3n de transmisi\u00f3n de Groenlandia Knr TV.<\/p>\n<div class=\"image-ct inline\">\n<div class=\"m\"><picture><source media=\"(max-width: 767px)\" srcset=\"https:\/\/a57.foxnews.com\/static.foxnews.com\/foxnews.com\/content\/uploads\/2025\/03\/343\/192\/greenland-election-2.jpg?ve=1&amp;tl=1, https:\/\/a57.foxnews.com\/static.foxnews.com\/foxnews.com\/content\/uploads\/2025\/03\/686\/384\/greenland-election-2.jpg?ve=1&amp;tl=1 2x\" height=\"192\" width=\"343\"><source media=\"(min-width: 768px) and (max-width: 1023px)\" srcset=\"https:\/\/a57.foxnews.com\/static.foxnews.com\/foxnews.com\/content\/uploads\/2025\/03\/672\/378\/greenland-election-2.jpg?ve=1&amp;tl=1, https:\/\/a57.foxnews.com\/static.foxnews.com\/foxnews.com\/content\/uploads\/2025\/03\/1344\/756\/greenland-election-2.jpg?ve=1&amp;tl=1 2x\" height=\"378\" width=\"672\"><source media=\"(min-width: 1024px) and (max-width: 1279px)\" srcset=\"https:\/\/a57.foxnews.com\/static.foxnews.com\/foxnews.com\/content\/uploads\/2025\/03\/931\/523\/greenland-election-2.jpg?ve=1&amp;tl=1, https:\/\/a57.foxnews.com\/static.foxnews.com\/foxnews.com\/content\/uploads\/2025\/03\/1862\/1046\/greenland-election-2.jpg?ve=1&amp;tl=1 2x\" height=\"523\" width=\"931\"><source media=\"(min-width: 1280px)\" srcset=\"https:\/\/a57.foxnews.com\/static.foxnews.com\/foxnews.com\/content\/uploads\/2025\/03\/720\/405\/greenland-election-2.jpg?ve=1&amp;tl=1, https:\/\/a57.foxnews.com\/static.foxnews.com\/foxnews.com\/content\/uploads\/2025\/03\/1440\/810\/greenland-election-2.jpg?ve=1&amp;tl=1 2x\" height=\"405\" width=\"720\"><img loading=\"lazy\" decoding=\"async\" src=\"https:\/\/a57.foxnews.com\/static.foxnews.com\/foxnews.com\/content\/uploads\/2025\/03\/1200\/675\/greenland-election-2.jpg?ve=1&amp;tl=1\" alt=\"P\u00f3ster de Jens-Frederik Nielsen\" width=\"1200\" height=\"675\"\/><\/source><\/source><\/source><\/source><\/picture><\/div>\n<div class=\"info\">\n<div class=\"caption\">\n<p><span>Cartel de Demokraatit, Jens-Frederik Nielsen, frente a Godthaabshallen, donde la votaci\u00f3n tiene lugar en relaci\u00f3n con las elecciones parlamentarias a Inatsisartut en Nuuk, Groenlandia, martes 11 de marzo de 2025.<\/span> <span>(Mads Claus Rasmussen\/Ritzau ScanPix a trav\u00e9s de AP)<\/span><\/p>\n<\/div>\n<\/div>\n<\/div>\n<p><strong>Groenlandia, Panam\u00e1 rechaza ferozmente las ambiciones de Trump en el discurso al Congreso<\/strong><\/p>\n<p>A principios de este mes, Trump mencion\u00f3 a Groenlandia en su discurso a una sesi\u00f3n conjunta del Congreso.<\/p>\n<p>\u00abApoyamos firmemente su derecho a determinar su propio futuro y, si lo desea, le damos la bienvenida a los Estados Unidos de Am\u00e9rica\u00bb, dijo Trump, provocando la risa de la multitud. \u00abNecesitamos Groenlandia para la seguridad nacional e incluso la seguridad internacional, y estamos trabajando con todos los involucrados para tratar de conseguirlo &#8230; de una forma u otra, lo vamos a conseguir\u00bb.<\/p>\n<p>En la misma direcci\u00f3n, Trump prometi\u00f3 que Estados Unidos \u00abllevar\u00eda a Groenlandia a alturas como nunca antes hab\u00eda cre\u00eddo posible\u00bb.<\/p>\n<div class=\"image-ct inline\">\n<div class=\"m\"><picture><source media=\"(max-width: 767px)\" srcset=\"https:\/\/a57.foxnews.com\/static.foxnews.com\/foxnews.com\/content\/uploads\/2025\/03\/343\/192\/gettyimages-2204351314-scaled.jpg?ve=1&amp;tl=1, https:\/\/a57.foxnews.com\/static.foxnews.com\/foxnews.com\/content\/uploads\/2025\/03\/686\/384\/gettyimages-2204351314-scaled.jpg?ve=1&amp;tl=1 2x\" height=\"192\" width=\"343\"><source media=\"(min-width: 768px) and (max-width: 1023px)\" srcset=\"https:\/\/a57.foxnews.com\/static.foxnews.com\/foxnews.com\/content\/uploads\/2025\/03\/672\/378\/gettyimages-2204351314-scaled.jpg?ve=1&amp;tl=1, https:\/\/a57.foxnews.com\/static.foxnews.com\/foxnews.com\/content\/uploads\/2025\/03\/1344\/756\/gettyimages-2204351314-scaled.jpg?ve=1&amp;tl=1 2x\" height=\"378\" width=\"672\"><source media=\"(min-width: 1024px) and (max-width: 1279px)\" srcset=\"https:\/\/a57.foxnews.com\/static.foxnews.com\/foxnews.com\/content\/uploads\/2025\/03\/931\/523\/gettyimages-2204351314-scaled.jpg?ve=1&amp;tl=1, https:\/\/a57.foxnews.com\/static.foxnews.com\/foxnews.com\/content\/uploads\/2025\/03\/1862\/1046\/gettyimages-2204351314-scaled.jpg?ve=1&amp;tl=1 2x\" height=\"523\" width=\"931\"><source media=\"(min-width: 1280px)\" srcset=\"https:\/\/a57.foxnews.com\/static.foxnews.com\/foxnews.com\/content\/uploads\/2025\/03\/720\/405\/gettyimages-2204351314-scaled.jpg?ve=1&amp;tl=1, https:\/\/a57.foxnews.com\/static.foxnews.com\/foxnews.com\/content\/uploads\/2025\/03\/1440\/810\/gettyimages-2204351314-scaled.jpg?ve=1&amp;tl=1 2x\" height=\"405\" width=\"720\"><img loading=\"lazy\" decoding=\"async\" src=\"https:\/\/a57.foxnews.com\/static.foxnews.com\/foxnews.com\/content\/uploads\/2025\/03\/1200\/675\/gettyimages-2204351314-scaled.jpg?ve=1&amp;tl=1\" alt=\"Los carteles de la campa\u00f1a de Groenlandia cuelgan antes de las elecciones\" width=\"1200\" height=\"675\"\/><\/source><\/source><\/source><\/source><\/picture><\/div>\n<div class=\"info\">\n<div class=\"caption\">\n<p><span>Los carteles de la campa\u00f1a cuelgan fuera de la estaci\u00f3n de votaci\u00f3n antes de las elecciones generales de ma\u00f1ana el 10 de marzo de 2025 en Ilulissat, Groenlandia. <\/span> <span>(Joe Raedle\/Getty Images)<\/span><\/p>\n<\/div>\n<\/div>\n<\/div>\n<p><strong><u>Haga clic aqu\u00ed para obtener la aplicaci\u00f3n Fox News<\/u><\/strong> <\/p>\n<p>Durante una llamada telef\u00f3nica de enero con Trump, el primer ministro dan\u00e9s, Mette Frederiksen, dijo que se debe permitir que Groenlandia tome decisiones sobre su propio futuro. Tanto los primeros ministros Frederiksen y Egede le dijeron al presidente Trump que \u00abGroenlandia no est\u00e1 a la venta\u00bb, inform\u00f3 Axios en ese momento.<\/p>\n<p>En diciembre de 2024, el entonces presidente electo Trump toc\u00f3 a Ken Howery como embajador de los Estados Unidos en Dinamarca. Trump dijo en una publicaci\u00f3n sobre Truth Social anunciando la elecci\u00f3n que \u00ablos Estados Unidos de Am\u00e9rica sienten que la propiedad y el control de Groenlandia es una necesidad absoluta\u00bb.<\/p>\n<p>El presidente Trump tambi\u00e9n mir\u00f3 a Groenlandia durante su primer mandato, causando fricci\u00f3n entre \u00e9l y el primer ministro Frederiksen. En 2019, despu\u00e9s de que el l\u00edder dan\u00e9s llam\u00f3 a la idea de que Estados Unidos comprara Groenlandia \u00ababsurdo\u00bb, el presidente Trump cancel\u00f3 abruptamente su viaje a Dinamarca por el comentario \u00abdesagradable\u00bb.<\/p>\n<p> <!----> <\/p>\n<div class=\"article-meta\">\n<div class=\"author-bio\">\n<p>Rachel Wolf es una escritora de noticias de Fox News Digital y Fox Business.<\/p>\n<\/div>\n<\/div>\n<\/div>\n\n","protected":false},"excerpt":{"rendered":"<p>El Partido Demokraatit Center-Right de Groenlandia logr\u00f3 una victoria sorpresa en las elecciones parlamentarias del pa\u00eds, tomando el partido del primer ministro de Groenlandia, M\u00fate Egede, inuit Ataqatigiit, fuera del poder. La independencia de Dinamarca se convirti\u00f3 en un punto focal de la elecci\u00f3n en medio de la repetida charla del presidente Donald Trump sobre &hellip;<\/p>\n","protected":false},"author":1,"featured_media":18285,"comment_status":"open","ping_status":"open","sticky":false,"template":"","format":"standard","meta":{"fifu_image_url":"https:\/\/static.foxnews.com\/foxnews.com\/content\/uploads\/2025\/03\/greenland-election-1.jpg","fifu_image_alt":"","footnotes":""},"categories":[13],"tags":[],"class_list":["post-18283","post","type-post","status-publish","format-standard","has-post-thumbnail","","category-mundo"],"_links":{"self":[{"href":"https:\/\/noticiasveraces.com\/index.php?rest_route=\/wp\/v2\/posts\/18283","targetHints":{"allow":["GET"]}}],"collection":[{"href":"https:\/\/noticiasveraces.com\/index.php?rest_route=\/wp\/v2\/posts"}],"about":[{"href":"https:\/\/noticiasveraces.com\/index.php?rest_route=\/wp\/v2\/types\/post"}],"author":[{"embeddable":true,"href":"https:\/\/noticiasveraces.com\/index.php?rest_route=\/wp\/v2\/users\/1"}],"replies":[{"embeddable":true,"href":"https:\/\/noticiasveraces.com\/index.php?rest_route=%2Fwp%2Fv2%2Fcomments&post=18283"}],"version-history":[{"count":0,"href":"https:\/\/noticiasveraces.com\/index.php?rest_route=\/wp\/v2\/posts\/18283\/revisions"}],"wp:featuredmedia":[{"embeddable":true,"href":"https:\/\/noticiasveraces.com\/index.php?rest_route=\/wp\/v2\/media\/18285"}],"wp:attachment":[{"href":"https:\/\/noticiasveraces.com\/index.php?rest_route=%2Fwp%2Fv2%2Fmedia&parent=18283"}],"wp:term":[{"taxonomy":"category","embeddable":true,"href":"https:\/\/noticiasveraces.com\/index.php?rest_route=%2Fwp%2Fv2%2Fcategories&post=18283"},{"taxonomy":"post_tag","embeddable":true,"href":"https:\/\/noticiasveraces.com\/index.php?rest_route=%2Fwp%2Fv2%2Ftags&post=18283"}],"curies":[{"name":"wp","href":"https:\/\/api.w.org\/{rel}","templated":true}]}}