{"id":18270,"date":"2025-03-12T06:54:07","date_gmt":"2025-03-12T10:54:07","guid":{"rendered":"https:\/\/noticiasveraces.com\/?p=18270"},"modified":"2025-03-12T06:54:07","modified_gmt":"2025-03-12T10:54:07","slug":"trump-aumenta-los-aranceles-sobre-todas-las-importaciones-de-acero-aluminio-lo-que-hace-que-europa-tome-represalias","status":"publish","type":"post","link":"https:\/\/noticiasveraces.com\/?p=18270","title":{"rendered":"Trump aumenta los aranceles sobre todas las importaciones de acero, aluminio, lo que hace que Europa tome represalias"},"content":{"rendered":"<p> \n<\/p>\n<div><!----> <!----> <\/p>\n<div class=\"featured featured-video video-ct\">\n<div class=\"contain\">\n<div class=\"info\">\n<div class=\"caption\">\n<p>El representante Riley Moore, RW.V., discute las conversaciones comerciales de Estados Unidos y Canad\u00e1 y c\u00f3mo est\u00e1n listos para reanudar esta semana en &#8216;The Bottom Line&#8217;.<\/p>\n<\/div>\n<\/div>\n<\/div>\n<\/div>\n<p>El aumento del 25% de la tarifa del presidente Donald Trump en todas las importaciones de acero y aluminio en vigencia oficialmente entr\u00f3 en vigencia el mi\u00e9rcoles, el \u00faltimo movimiento en los planes de la administraci\u00f3n para remodelar las normas comerciales globales a favor de la fabricaci\u00f3n estadounidense.  <\/p>\n<p>La acci\u00f3n provoc\u00f3 represalias de la Comisi\u00f3n Europea, que anunci\u00f3 poco despu\u00e9s de que los aranceles de Trump entraron en vigencia de que impondr\u00eda las tarifas contrarias sobre el equivalente de bienes de $ 28 mil millones en productos estadounidenses a partir del pr\u00f3ximo mes. <\/p>\n<p>\u00abLamentamos la tarifa injustificada del 25% de EE. UU. A las importaciones de acero y aluminio. La UE proteger\u00e1 a sus consumidores y negocios\u00bb, dijo la comisi\u00f3n en un comunicado. \u00abEstamos lanzando contramedidas r\u00e1pidas y proporcionales que valen hasta ($ 28 mil millones), coincidiendo con el impacto econ\u00f3mico de los aranceles estadounidenses\u00bb.<\/p>\n<p><strong>As\u00ed es como los aranceles de Trump sobre China podr\u00edan afectar los precios de las drogas y otros costos de atenci\u00f3n m\u00e9dica<\/strong><\/p>\n<p>La acci\u00f3n de Trump para aumentar las protecciones para los productores de acero y aluminio estadounidenses restaura aranceles globales efectivos del 25% en todas las importaciones de los metales y extiende las tareas a cientos de productos aguas abajo hechos de metales, desde nueces y pernos hasta cuchillas y latas de soda.<\/p>\n<p>El per\u00edodo previo a la fecha l\u00edmite de tarifas se produjo despu\u00e9s de que Trump amenaz\u00f3 a Canad\u00e1 al duplicar el deber al 50% en sus exportaciones de acero y aluminio a los Estados Unidos. <\/p>\n<p>Retrocedi\u00f3 esos planes despu\u00e9s de que el primer ministro de Ontario, Doug Ford, acord\u00f3 suspender la decisi\u00f3n de su provincia de imponer un recargo del 25% sobre las exportaciones de electricidad a los estados de Minnesota, Michigan y Nueva York hasta que se eliminaron los aranceles anteriores de los Estados Unidos.<\/p>\n<div class=\"inline image-ct\">\n<div class=\"m\"><picture><source media=\"(max-width: 767px)\" srcset=\"https:\/\/a57.foxnews.com\/static.foxbusiness.com\/foxbusiness.com\/content\/uploads\/2025\/03\/343\/192\/trump.jpg?ve=1&amp;tl=1, https:\/\/a57.foxnews.com\/static.foxbusiness.com\/foxbusiness.com\/content\/uploads\/2025\/03\/686\/384\/trump.jpg?ve=1&amp;tl=1 2x\"><source media=\"(min-width: 768px) and (max-width: 1023px)\" srcset=\"https:\/\/a57.foxnews.com\/static.foxbusiness.com\/foxbusiness.com\/content\/uploads\/2025\/03\/672\/378\/trump.jpg?ve=1&amp;tl=1, https:\/\/a57.foxnews.com\/static.foxbusiness.com\/foxbusiness.com\/content\/uploads\/2025\/03\/1344\/756\/trump.jpg?ve=1&amp;tl=1 2x\"><source media=\"(min-width: 1024px) and (max-width: 1279px)\" srcset=\"https:\/\/a57.foxnews.com\/static.foxbusiness.com\/foxbusiness.com\/content\/uploads\/2025\/03\/931\/523\/trump.jpg?ve=1&amp;tl=1, https:\/\/a57.foxnews.com\/static.foxbusiness.com\/foxbusiness.com\/content\/uploads\/2025\/03\/1862\/1046\/trump.jpg?ve=1&amp;tl=1 2x\"><source media=\"(min-width: 1280px)\" srcset=\"https:\/\/a57.foxnews.com\/static.foxbusiness.com\/foxbusiness.com\/content\/uploads\/2025\/03\/720\/405\/trump.jpg?ve=1&amp;tl=1, https:\/\/a57.foxnews.com\/static.foxbusiness.com\/foxbusiness.com\/content\/uploads\/2025\/03\/1440\/810\/trump.jpg?ve=1&amp;tl=1 2x\"><img decoding=\"async\" src=\"https:\/\/a57.foxnews.com\/static.foxbusiness.com\/foxbusiness.com\/content\/uploads\/2025\/03\/931\/523\/trump.jpg?ve=1&amp;tl=1\" alt=\"Presidente Donald Trump\"\/><\/source><\/source><\/source><\/source><\/picture><\/div>\n<div class=\"caption\">\n<p><span>El presidente Donald Trump calific\u00f3 el martes con Canad\u00e1 \u00abuna de las naciones m\u00e1s altas de orientaci\u00f3n en cualquier parte del mundo\u00bb.<\/span><span>  (Anna Moneymaker \/ Getty Images \/ Getty Images)<\/span><\/p>\n<\/div>\n<\/div>\n<p>El incidente empap\u00f3 los mercados financieros de los Estados Unidos ya nerviosos por la amplia ofensiva de la tarifa de Trump, pero dej\u00f3 los planes originales de Trump sin cambios de fortalecer los aranceles de seguridad nacional de la Secci\u00f3n 232 sobre el acero y el aluminio impuestos en 2018 durante su primer mandato.<\/p>\n<p>La Agencia de Aduanas y Protecci\u00f3n Fronteriza de EE. UU. Cort\u00f3 las importaciones que calificaron para la entrada libre de impuestos en los arreglos de cuotas mucho antes de la fecha l\u00edmite de medianoche, diciendo en un bolet\u00edn a los cargadores que se debe procesar el papeleo de las cuotas a las 4:30 pm hora local el martes en los puertos de entrada de EE. UU. O los aranceles completos.<\/p>\n<p><strong>Los canadienses sienten &#8216;bajo ataque econ\u00f3mico&#8217;, frustraci\u00f3n con nosotros sobre los aranceles de Trump, la charla de anexi\u00f3n: embajador<\/strong><\/p>\n<p>Los pa\u00edses m\u00e1s afectados por los aranceles son Canad\u00e1, el mayor proveedor extranjero de acero y aluminio a los Estados Unidos, Brasil, M\u00e9xico y Corea del Sur, que han disfrutado de cierto nivel de exenciones o cuotas.<\/p>\n<div class=\"inline image-ct\">\n<div class=\"m\"><picture><source media=\"(max-width: 767px)\" srcset=\"https:\/\/a57.foxnews.com\/static.foxbusiness.com\/foxbusiness.com\/content\/uploads\/2025\/03\/343\/192\/us-canada-tariff-warning-getty.jpg?ve=1&amp;tl=1, https:\/\/a57.foxnews.com\/static.foxbusiness.com\/foxbusiness.com\/content\/uploads\/2025\/03\/686\/384\/us-canada-tariff-warning-getty.jpg?ve=1&amp;tl=1 2x\"><source media=\"(min-width: 768px) and (max-width: 1023px)\" srcset=\"https:\/\/a57.foxnews.com\/static.foxbusiness.com\/foxbusiness.com\/content\/uploads\/2025\/03\/672\/378\/us-canada-tariff-warning-getty.jpg?ve=1&amp;tl=1, https:\/\/a57.foxnews.com\/static.foxbusiness.com\/foxbusiness.com\/content\/uploads\/2025\/03\/1344\/756\/us-canada-tariff-warning-getty.jpg?ve=1&amp;tl=1 2x\"><source media=\"(min-width: 1024px) and (max-width: 1279px)\" srcset=\"https:\/\/a57.foxnews.com\/static.foxbusiness.com\/foxbusiness.com\/content\/uploads\/2025\/03\/931\/523\/us-canada-tariff-warning-getty.jpg?ve=1&amp;tl=1, https:\/\/a57.foxnews.com\/static.foxbusiness.com\/foxbusiness.com\/content\/uploads\/2025\/03\/1862\/1046\/us-canada-tariff-warning-getty.jpg?ve=1&amp;tl=1 2x\"><source media=\"(min-width: 1280px)\" srcset=\"https:\/\/a57.foxnews.com\/static.foxbusiness.com\/foxbusiness.com\/content\/uploads\/2025\/03\/720\/405\/us-canada-tariff-warning-getty.jpg?ve=1&amp;tl=1, https:\/\/a57.foxnews.com\/static.foxbusiness.com\/foxbusiness.com\/content\/uploads\/2025\/03\/1440\/810\/us-canada-tariff-warning-getty.jpg?ve=1&amp;tl=1 2x\"><img decoding=\"async\" src=\"https:\/\/a57.foxnews.com\/static.foxbusiness.com\/foxbusiness.com\/content\/uploads\/2025\/03\/931\/523\/us-canada-tariff-warning-getty.jpg?ve=1&amp;tl=1\" alt=\"Bandera de Estados Unidos y Canad\u00e1 con se\u00f1al de tarifa\"\/><\/source><\/source><\/source><\/source><\/picture><\/div>\n<div class=\"caption\">\n<p><span>El primer ministro de Alberta, Danielle Smith, reacciona a las noticias de tarifas sin parar entre Estados Unidos y Canad\u00e1.<\/span><span>  (Jakub Porzycki \/ Nurphoto a trav\u00e9s de Getty Images \/ Getty Images)<\/span><\/p>\n<\/div>\n<\/div>\n<p>La mayor\u00eda del comercio de US Canad\u00e1 permanece libre de impuestos bajo el acuerdo comercial de la USMCA que Trump firm\u00f3 en 2020, pero contin\u00faa quej\u00e1ndose de las altas tasas arancelas de Canad\u00e1 para los productos l\u00e1cteos.<\/p>\n<div class=\"inline image-ct\">\n<div class=\"m\"><picture><source media=\"(max-width: 767px)\" srcset=\"https:\/\/a57.foxnews.com\/static.foxbusiness.com\/foxbusiness.com\/content\/uploads\/2025\/03\/343\/192\/gettyimages-2202705686.jpg?ve=1&amp;tl=1, https:\/\/a57.foxnews.com\/static.foxbusiness.com\/foxbusiness.com\/content\/uploads\/2025\/03\/686\/384\/gettyimages-2202705686.jpg?ve=1&amp;tl=1 2x\"><source media=\"(min-width: 768px) and (max-width: 1023px)\" srcset=\"https:\/\/a57.foxnews.com\/static.foxbusiness.com\/foxbusiness.com\/content\/uploads\/2025\/03\/672\/378\/gettyimages-2202705686.jpg?ve=1&amp;tl=1, https:\/\/a57.foxnews.com\/static.foxbusiness.com\/foxbusiness.com\/content\/uploads\/2025\/03\/1344\/756\/gettyimages-2202705686.jpg?ve=1&amp;tl=1 2x\"><source media=\"(min-width: 1024px) and (max-width: 1279px)\" srcset=\"https:\/\/a57.foxnews.com\/static.foxbusiness.com\/foxbusiness.com\/content\/uploads\/2025\/03\/931\/523\/gettyimages-2202705686.jpg?ve=1&amp;tl=1, https:\/\/a57.foxnews.com\/static.foxbusiness.com\/foxbusiness.com\/content\/uploads\/2025\/03\/1862\/1046\/gettyimages-2202705686.jpg?ve=1&amp;tl=1 2x\"><source media=\"(min-width: 1280px)\" srcset=\"https:\/\/a57.foxnews.com\/static.foxbusiness.com\/foxbusiness.com\/content\/uploads\/2025\/03\/720\/405\/gettyimages-2202705686.jpg?ve=1&amp;tl=1, https:\/\/a57.foxnews.com\/static.foxbusiness.com\/foxbusiness.com\/content\/uploads\/2025\/03\/1440\/810\/gettyimages-2202705686.jpg?ve=1&amp;tl=1 2x\"><img decoding=\"async\" src=\"https:\/\/a57.foxnews.com\/static.foxbusiness.com\/foxbusiness.com\/content\/uploads\/2025\/03\/931\/523\/gettyimages-2202705686.jpg?ve=1&amp;tl=1\" alt=\"Trudeau habla\"\/><\/source><\/source><\/source><\/source><\/picture><\/div>\n<div class=\"caption\">\n<p><span>El primer ministro de Canad\u00e1, Justin Trudeau, habla durante una conferencia de prensa sobre los aranceles estadounidenses contra Canad\u00e1 el 4 de marzo de 2025 en Parliament Hill en Ottawa, como ministra de Relaciones Exteriores, Melanie Joly (L) y el Ministro de Finanzas y Asuntos Intergubernamentales,<\/span><span>  (Getty Images \/ Getty Images)<\/span><\/p>\n<\/div>\n<\/div>\n<p>Ottawa la semana pasada gan\u00f3 el respiro de un mes para las exportaciones que cumplen con la USMCA de las tarifas generales del 25% de Trump para Canad\u00e1 amenazadas por el tr\u00e1fico de fentanilo. <\/p>\n<p><strong>Haga clic aqu\u00ed para obtener el negocio de Fox<\/strong><\/p>\n<p>China sigue siendo el proveedor n\u00famero dos de aluminio y productos hechos de aluminio, pero ya enfrenta tarifas altas para contrarrestar el presunto vertido y subsidios, as\u00ed como una nueva tarifa del 20% que Trump ha impuesto durante el mes pasado por el tr\u00e1fico de fentanilo. <\/p>\n<p><i>Reuters contribuy\u00f3 a este informe. <\/i><\/p>\n<\/div>\n\n","protected":false},"excerpt":{"rendered":"<p>El representante Riley Moore, RW.V., discute las conversaciones comerciales de Estados Unidos y Canad\u00e1 y c\u00f3mo est\u00e1n listos para reanudar esta semana en &#8216;The Bottom Line&#8217;. El aumento del 25% de la tarifa del presidente Donald Trump en todas las importaciones de acero y aluminio en vigencia oficialmente entr\u00f3 en vigencia el mi\u00e9rcoles, el \u00faltimo &hellip;<\/p>\n","protected":false},"author":1,"featured_media":18272,"comment_status":"open","ping_status":"open","sticky":false,"template":"","format":"standard","meta":{"fifu_image_url":"https:\/\/a57.foxnews.com\/static.foxbusiness.com\/foxbusiness.com\/content\/uploads\/2025\/03\/0\/0\/trump.jpg?ve=1&tl=1","fifu_image_alt":"","footnotes":""},"categories":[3],"tags":[],"class_list":["post-18270","post","type-post","status-publish","format-standard","has-post-thumbnail","","category-negocio"],"_links":{"self":[{"href":"https:\/\/noticiasveraces.com\/index.php?rest_route=\/wp\/v2\/posts\/18270","targetHints":{"allow":["GET"]}}],"collection":[{"href":"https:\/\/noticiasveraces.com\/index.php?rest_route=\/wp\/v2\/posts"}],"about":[{"href":"https:\/\/noticiasveraces.com\/index.php?rest_route=\/wp\/v2\/types\/post"}],"author":[{"embeddable":true,"href":"https:\/\/noticiasveraces.com\/index.php?rest_route=\/wp\/v2\/users\/1"}],"replies":[{"embeddable":true,"href":"https:\/\/noticiasveraces.com\/index.php?rest_route=%2Fwp%2Fv2%2Fcomments&post=18270"}],"version-history":[{"count":0,"href":"https:\/\/noticiasveraces.com\/index.php?rest_route=\/wp\/v2\/posts\/18270\/revisions"}],"wp:featuredmedia":[{"embeddable":true,"href":"https:\/\/noticiasveraces.com\/index.php?rest_route=\/wp\/v2\/media\/18272"}],"wp:attachment":[{"href":"https:\/\/noticiasveraces.com\/index.php?rest_route=%2Fwp%2Fv2%2Fmedia&parent=18270"}],"wp:term":[{"taxonomy":"category","embeddable":true,"href":"https:\/\/noticiasveraces.com\/index.php?rest_route=%2Fwp%2Fv2%2Fcategories&post=18270"},{"taxonomy":"post_tag","embeddable":true,"href":"https:\/\/noticiasveraces.com\/index.php?rest_route=%2Fwp%2Fv2%2Ftags&post=18270"}],"curies":[{"name":"wp","href":"https:\/\/api.w.org\/{rel}","templated":true}]}}