{"id":18267,"date":"2025-03-12T06:41:29","date_gmt":"2025-03-12T10:41:29","guid":{"rendered":"https:\/\/noticiasveraces.com\/?p=18267"},"modified":"2025-03-12T06:41:29","modified_gmt":"2025-03-12T10:41:29","slug":"el-papa-francisco-anotando-hitos-importantes-esta-semana-mientras-se-recupera-de-la-neumonia-en-el-hospital-de-roma","status":"publish","type":"post","link":"https:\/\/noticiasveraces.com\/?p=18267","title":{"rendered":"El Papa Francisco anotando hitos importantes esta semana mientras se recupera de la neumon\u00eda en el Hospital de Roma"},"content":{"rendered":"<p> \n<br \/><img decoding=\"async\" src=\"https:\/\/media-cldnry.s-nbcnews.com\/image\/upload\/t_fit_1500w\/rockcms\/2025-02\/250219-pope-francis-ew-242p-5e49d7.jpg\" \/><\/p>\n<div>\n<p class=\"body-graf\">ROMA-La recuperaci\u00f3n del Papa Francisco de la neumon\u00eda doble continu\u00f3 el mi\u00e9rcoles mientras avanzaba hacia muescas en algunos hitos importantes en su papado: el 12\u00ba aniversario del jueves de su elecci\u00f3n como Pope y un recordatorio en el hospital para un pont\u00edfice.<\/p>\n<p class=\"body-graf\">El Vaticano dijo el mi\u00e9rcoles que Francis tuvo una noche tranquila en el Hospital Gemelli de Roma.<\/p>\n<p class=\"body-graf\">Si los \u00faltimos d\u00edas son una gu\u00eda, el argentino de 88 a\u00f1os probablemente seguir\u00e1 la retirada espiritual del Vaticano de forma remota mientras contin\u00faa su terapia f\u00edsica y respiratoria. La audiencia general del mi\u00e9rcoles semanal del Papa se cancel\u00f3 de todos modos, ya que toda la jerarqu\u00eda del Vaticano est\u00e1 en retirada esta semana como parte de los ejercicios espirituales de Cuaresma que han sido un pilar del pontificado del Papa jesuita.<\/p>\n<p class=\"body-graf\">Los m\u00e9dicos han dicho que Francis est\u00e1 haciendo mejoras lentas y graduales y esta semana declar\u00f3 que ya no est\u00e1 en peligro inminente de muerte como resultado de la compleja infecci\u00f3n respiratoria que tuvo cuando fue admitido el 14 de febrero. Pero siguen siendo cautelosos, dada la complejidad de su condici\u00f3n y fragilidad general, y dice que necesita permanecer hospitalizado durante un n\u00famero no especificado de d\u00edas.<\/p>\n<p class=\"body-graf\">Se esperaba otra actualizaci\u00f3n m\u00e9dica m\u00e1s tarde el mi\u00e9rcoles.<\/p>\n<p class=\"body-graf\">El jueves se cumple el 12 aniversario de la elecci\u00f3n de Francis como el 266 Papa. El ex cardenal Jorge Mario Bergoglio fue elegido en la quinta votaci\u00f3n del c\u00f3nclave de 2013 que se llam\u00f3 despu\u00e9s de que el Papa Benedicto XVI renunci\u00f3. Si bien Francis ha elogiado la humildad de Benedict por renunciar y dijo que \u00e9l tambi\u00e9n podr\u00eda seguir sus pasos, m\u00e1s recientemente ha dicho que el papado es un trabajo para la vida.<\/p>\n<p class=\"body-graf\">La Santa Sede no ha dicho c\u00f3mo el aniversario, que es un d\u00eda festivo en el Vaticano, podr\u00eda conmemorarse este a\u00f1o.<\/p>\n<p class=\"body-graf\">Otro hito viene el viernes, cuando Francis marca cuatro semanas o 28 d\u00edas de hospitalizaci\u00f3n. San Juan Pablo II tiene el r\u00e9cord de una estad\u00eda en el hospital, a los 55 d\u00edas de 1981, cuando se someti\u00f3 a una operaci\u00f3n quir\u00fargica menor y luego fue tratado por una infecci\u00f3n por citomegalovirus. Francis est\u00e1 en camino de igualar la segunda estad\u00eda m\u00e1s larga, 28 d\u00edas, que John Paul registr\u00f3 en 1994 cuando se someti\u00f3 a una cirug\u00eda para reparar su articulaci\u00f3n de cadera derecha despu\u00e9s de fracturarse su f\u00e9mur derecho en una ca\u00edda, seg\u00fan el Hospital Gemelli.<\/p>\n<p class=\"endmark body-graf\">El Vaticano no ha lanzado fotos o video de Francis desde que fue admitido. El Papa grab\u00f3 un mensaje de audio la semana pasada para agradecer a las personas por sus oraciones, aunque la debilidad y la disnea de su voz dejaron en claro cu\u00e1n fr\u00e1gil era.<\/p>\n<\/div>\n\n","protected":false},"excerpt":{"rendered":"<p>ROMA-La recuperaci\u00f3n del Papa Francisco de la neumon\u00eda doble continu\u00f3 el mi\u00e9rcoles mientras avanzaba hacia muescas en algunos hitos importantes en su papado: el 12\u00ba aniversario del jueves de su elecci\u00f3n como Pope y un recordatorio en el hospital para un pont\u00edfice. El Vaticano dijo el mi\u00e9rcoles que Francis tuvo una noche tranquila en el &hellip;<\/p>\n","protected":false},"author":1,"featured_media":18269,"comment_status":"open","ping_status":"open","sticky":false,"template":"","format":"standard","meta":{"fifu_image_url":"https:\/\/media-cldnry.s-nbcnews.com\/image\/upload\/t_nbcnews-fp-1200-630,f_auto,q_auto:best\/rockcms\/2025-02\/250219-pope-francis-ew-242p-5e49d7.jpg","fifu_image_alt":"","footnotes":""},"categories":[4],"tags":[],"class_list":["post-18267","post","type-post","status-publish","format-standard","has-post-thumbnail","","category-historias-destacadas"],"_links":{"self":[{"href":"https:\/\/noticiasveraces.com\/index.php?rest_route=\/wp\/v2\/posts\/18267","targetHints":{"allow":["GET"]}}],"collection":[{"href":"https:\/\/noticiasveraces.com\/index.php?rest_route=\/wp\/v2\/posts"}],"about":[{"href":"https:\/\/noticiasveraces.com\/index.php?rest_route=\/wp\/v2\/types\/post"}],"author":[{"embeddable":true,"href":"https:\/\/noticiasveraces.com\/index.php?rest_route=\/wp\/v2\/users\/1"}],"replies":[{"embeddable":true,"href":"https:\/\/noticiasveraces.com\/index.php?rest_route=%2Fwp%2Fv2%2Fcomments&post=18267"}],"version-history":[{"count":0,"href":"https:\/\/noticiasveraces.com\/index.php?rest_route=\/wp\/v2\/posts\/18267\/revisions"}],"wp:featuredmedia":[{"embeddable":true,"href":"https:\/\/noticiasveraces.com\/index.php?rest_route=\/wp\/v2\/media\/18269"}],"wp:attachment":[{"href":"https:\/\/noticiasveraces.com\/index.php?rest_route=%2Fwp%2Fv2%2Fmedia&parent=18267"}],"wp:term":[{"taxonomy":"category","embeddable":true,"href":"https:\/\/noticiasveraces.com\/index.php?rest_route=%2Fwp%2Fv2%2Fcategories&post=18267"},{"taxonomy":"post_tag","embeddable":true,"href":"https:\/\/noticiasveraces.com\/index.php?rest_route=%2Fwp%2Fv2%2Ftags&post=18267"}],"curies":[{"name":"wp","href":"https:\/\/api.w.org\/{rel}","templated":true}]}}