{"id":18249,"date":"2025-03-12T04:05:18","date_gmt":"2025-03-12T08:05:18","guid":{"rendered":"https:\/\/noticiasveraces.com\/?p=18249"},"modified":"2025-03-12T04:05:18","modified_gmt":"2025-03-12T08:05:18","slug":"esclavitud-y-regimen-colonial-calificados-de-genocidio-dw-11-03-2025","status":"publish","type":"post","link":"https:\/\/noticiasveraces.com\/?p=18249","title":{"rendered":"ESCLAVITUD Y REGIMEN COLONIAL, Calificados de Genocidio &#8211; DW &#8211; 11\/03\/2025"},"content":{"rendered":"<p> \n<\/p>\n<div>\n<p>La Cumbre de la Uni\u00f3n africana (UA) Celebra en febrero abord\u00f3 los legados del colonialismo, la esclavitud y la discriminaci\u00f3n sist\u00e9mica en el continente. La Reuni\u00f3n, Que Tuvo Lugo en la Capital Etriope, Ad\u00eds Abeba, SE Centr\u00f3 en la Justicia Reparadora y la Sanaci\u00f3n Racial para Las Personas Africanos y de Ascendencia africana.<\/p>\n<p>Durante la Cumbre, la Ua \u00abDeclar\u00f3 la Eslavitud, La Deportacia y la Colonizaci\u00f3a CR\u00cdMenes contra la humanidad y Genocidio contra los Pueblos Africanos\u00bb, Inform\u00f3 la Agencia de Prensa Africana (APA).<\/p>\n<p>\u00abEsta resoluci\u00f3 Hist\u00f3rica, Iniciada por Togo Bajo el Liderazgo del Presidente Faure Gnassingb\u00e9, Marca un Paso significativo en el Reconcimiento del Profundo Da\u00f1o Infligido A \u00e1frica Durante LOS \u00dalimos Cinco Siglos\u00bb, Contin\u00faa La Declaraci\u00f3n.<\/p>\n<blockquote class=\"tweet embed\" data-id=\"1891272919113756996\"\/>\n<p>La resoluci\u00f3n, que se produce en un contexto de creciente demanda de reparaciones, fue Adoptada por Los Jefes de Estado y de Gobierno Presenta en la Sesi\u00f3n.<\/p>\n<p>\u00abLa decisi\u00f3n de clasificar la esclavitud, la deportaci\u00f3n y la colonizaci\u00f3n como cr\u00edmenes contra la humanidad y genocidio contra los pueblos de \u00c1frica es un paso crucial, una victoria para \u00c1frica en su b\u00fasqueda de la autodeterminaci\u00f3n y del control de su propio destino\u00bb, Declar\u00f3 El Profesor Robert Dussey, Ministro de Exteriores de Togo, Tras la Votaci\u00f3 de la Resoluci\u00f3n Inicio por Su Pa\u00eds.<\/p>\n<h2>Posibles consecias jur\u00eddicas<\/h2>\n<p>Aunque sus implicaciones hijo Limitadas, El Historiador y Profesor Benin\u00e9s Didier Houenoude, Experto en Arte Expoliado Durante la Esclavitud y La Colonizaci\u00f3n, Considera Que la Resoluci\u00f3n Resoluci\u00f3n Podr\u00eda Reforzars La Posici\u00f3n de -frica en las Negociaciones Soluciones internaciones. Justicia y Las Desigualdades Hist\u00f3ricas.<\/p>\n<p>\u00abESTO Significar que la Uni\u00f3n Africana Podr\u00eda Pedir A Los Pa\u00edses Coloniales, Es Decir, un los Pa\u00edses occidentales que participaron en la trata transatl\u00e1nntica de Eslavos, una indemnizaci\u00f3n las las vficiMas que sufraronon estas pr\u00f3ptas\u00bb, Explic\u00f3.<\/p>\n<p>El Texto establece un marco Jur\u00eddico que define el oficial e internacional la el actos de esclavitud, deportaci\u00f3n forzada y colonizaci\u00f3n como cr\u00edmenes contra la humanidad y actos de g\u00e9nocidio, enfatizando de fuferon \u00abplanificados y ejecutados met\u00f3dicamentos\u00bb enfatizando de lumberon \u00abplanificados y ejecutados met\u00f3dicamento\u00bb enfatizando de lumberon \u00abplanificados y eJecutados Met\u00f3dicamento\u00bb enfatizando de l\u00e1s Poblaciones africanas, inform\u00f3 apa.<\/p>\n<figure class=\"placeholder-image master_landscape big\"><img data-format=\"MASTER_LANDSCAPE\" data-id=\"64506605\" data-url=\"https:\/\/static.dw.com\/image\/64506605_${formatId}.jpg\" data-aspect-ratio=\"16\/9\" alt=\"DIBUJO QUE MUESTRA A PERSONAS Africanas que Son Inspeccionadas y Tratadas como esclavos por colonizadores europeos.\" style=\"padding-bottom: 56.25%; height: 0; max-height: 0;\"\/><figcaption class=\"img-caption\">Imagen de la Esclavitud de Personas Africanas ALGUITOS por por El Colonialismo Europa.<small class=\"copyright\">Imagen: uig\/ima<\/small><\/figcaption><\/figure>\n<p>Sin embargo, Christian Tomuschat, Profesor Em\u00e9rito de Derecho P\u00fablico y Derecho Internacional de la Universidad Humboldt, De Berl\u00edn, Cuestiona la Trascendencia del Texto.<\/p>\n<p>\u00abRespeto la Opini\u00f3n de Que la Colonizaci\u00f3n Constituy\u00f3 Un Crimen Contra la humanidad. Se Puede aprrobar una resoluci\u00f3n de este tipo, pero no conlleva consecuencias jur\u00eddicas, ni siSciera en el marco de la doctrina moderna moderna\u00bb, afirm\u00f3 tom.<\/p>\n<p>\u00abExisten Normas Cl\u00e1sicas del Derecho Internacional que estipulan que Cualquier Injusticia Debe Ser Remediiada Medietaria una indemnizaci\u00f3n\u00bb, A\u00f1adi\u00f3 Tomuschat, Tambi\u00e9nas es exmiembro del Consejo de DeRechos Humanos de La Onu y de La Comisi\u00f3n de DeCeechionalal.<\/p>\n<p>\u00abSE Trata de una evoluci\u00f3n del derecha modernos internacionales, pero no puede aplicarste retroactivamento a los siglos xvii, xviii y xix\u00bb, dados.<\/p>\n<h2>\u00bfQ\u00e9 Dice El Derecho Internacional?<\/h2>\n<p>La Corte Penal Internacional (IPC), Reconcida por 125 Estados, ES responsable de enjuiciar A Las PERSONAS ACUSADAS DE GENOCIDIO O CR\u00cdMENES DE GUERRA. El Art\u00edculo 7 de su Estato define Los Cr\u00edmenes contra la humanidad.<svg xmlns=\"http:\/\/www.w3.org\/2000\/svg\" width=\"20\" height=\"20\" viewbox=\"0 0 20 20\"><path d=\"M11.5 3.5 11.5 4.233C14.342 4.233 15.167 4.245 15.167 4.258L8.984 10.467 10.033 11.516C14.826 6.725 16.228 5.333 16.242 5.333L16.267 9 17.733 9 17.733 2.767 11.5 2.767 11.5 3.5M2.267 11 2.267 17.233 16.733 17.233 16.733 12 15.267 12 15.25 15.75 9.5 15.75 3.75 15.75 3.75 6.25 9.5 6.233 9.5 4.767 2.267 4.767 2.267 11 \"\/><\/svg><\/p>\n<p>De Acuerdo Con Esta Disposici\u00f3n, Un Crimen Contra la Humanidad Se Refiere A \u00abCualquiera de los Siganientes Actos Cuando Se Cometan Como COMO PARTE DE UNA ATAQUE GENERALIZADO O SISTEM\u00c1TO CONTRA UNA UNA POBLACON CIVIL Y CIVIMIENTO DE DICHO ATACO\u00bb.<\/p>\n<p>Estos Actos incluyen el Asesinato, El Exterminio, La Esclavitud, La Deportacia, La Tortura, La Violaci\u00f3n, La Esclavitud Sexual Y El <em>segregaci\u00f3n racial<\/em>.<svg xmlns=\"http:\/\/www.w3.org\/2000\/svg\" width=\"20\" height=\"20\" viewbox=\"0 0 20 20\"><path d=\"M11.5 3.5 11.5 4.233C14.342 4.233 15.167 4.245 15.167 4.258L8.984 10.467 10.033 11.516C14.826 6.725 16.228 5.333 16.242 5.333L16.267 9 17.733 9 17.733 2.767 11.5 2.767 11.5 3.5M2.267 11 2.267 17.233 16.733 17.233 16.733 12 15.267 12 15.25 15.75 9.5 15.75 3.75 15.75 3.75 6.25 9.5 6.233 9.5 4.767 2.267 4.767 2.267 11 \"\/><\/svg><\/p>\n<p>ESTA DEFICI\u00d3N TAMBI\u00c9N INCLUYE LA PERSECUCU\u00d3N DE CUALQUIL Grupo o Comunidad Identificable en base a criterios pol\u00cdTICOS, raciales, nacionales, \u00e9nnicos, culturales, religiosos o de g\u00e9nero.<\/p>\n<p>M\u00e1s All\u00e1 de Este Marco Legal, Ning\u00fan Otrro Mecanismo Jur\u00eddico Internacional Permite un Los Estados Africanos exigir reparaciones vinculantes. SIN Embargo, Algunos Expertos legaliza Creen que est\u00e1 resoluci\u00f3n Podr\u00eda alentar iniciativas ante instituciones como la corteza internacional de justicia (CIJ).<\/p>\n<p><span data-slot-id=\"Article_InContent-1\" class=\"rich-text-ad\"\/><\/p>\n<h2>ImpactO en la Educaci\u00f3n y la Memoria Colectiva<\/h2>\n<p>HoUenoude Sugiere que la Resoluci\u00f3n Adoptada Redefinir\u00e1 la forma en que se ense\u00f1a la histia en las escuelas africanas.<\/p>\n<p>\u00abCreo que Estos Momentos Cruciales de la Historia Humana se enseinar\u00e1n desde la escuela primaria en adelante, haciendo hincapi\u00e9 en el hecho de que una parte de la humanidad cometi\u00f3 un crimen contrama otra\u00bb, Dice Houenaude. \u00abESTO AYUDAR\u00c1 A MOLDAR LA IDENDAD Y LA CONCENENCIA HIST\u00d3RICA DE LOS AFRICANOS\u00bb.<\/p>\n<p>El Historiador Benin\u00e9s, Que se Encuentra Realmentse en la Ciudad alemana de Dresde, Como parte de la investigaci\u00f3n ESTOS Artefactos.<\/p>\n<p>\u00abLa Mayor\u00eda de Las Obras expuestas en Los Museos Fueron Adquiridas Ilegalmenta y Deber\u00eda Ser Develeltas. Personalmento, Introso que exhibir los Restos de los Antepasados \u200b\u200ben Un Museo es una Flagrante Falta de Respeto. Un Museo No Est\u00e1 Hecho para Eso. entrerrados \u00ab, dijo.<\/p>\n<h2>UN AVANCE SIMB\u00d3LICO Y POL\u00cdTICO<\/h2>\n<p>Esta iniciativa de la uni\u00f3 africana responde a los persistentes llamados de la sociedad civil africana y de las organizaciones de la di\u00e1spora, que desde hace tiempo abogan por el el reconocimiento de la regalizaci\u00f3n del historia de la historia de la historia.<\/p>\n<p>La resoluci\u00f3n de adopci\u00f3n de adopci\u00f3n de la adopci\u00f3n un avance Simb\u00f3lico y Pol\u00edtico, Pero sus efectos concretos probablemento depender\u00e1n de las acionos diplom\u00e1ticos y jur\u00eddicas que los estados emprender de los afrodanos.<\/p>\n<p>(CP\/RML)<\/p>\n<\/div>\n\n","protected":false},"excerpt":{"rendered":"<p>La Cumbre de la Uni\u00f3n africana (UA) Celebra en febrero abord\u00f3 los legados del colonialismo, la esclavitud y la discriminaci\u00f3n sist\u00e9mica en el continente. La Reuni\u00f3n, Que Tuvo Lugo en la Capital Etriope, Ad\u00eds Abeba, SE Centr\u00f3 en la Justicia Reparadora y la Sanaci\u00f3n Racial para Las Personas Africanos y de Ascendencia africana. Durante la &hellip;<\/p>\n","protected":false},"author":1,"featured_media":18250,"comment_status":"open","ping_status":"open","sticky":false,"template":"","format":"standard","meta":{"fifu_image_url":"https:\/\/static.dw.com\/image\/71641299_6.jpg","fifu_image_alt":"","footnotes":""},"categories":[13],"tags":[],"class_list":["post-18249","post","type-post","status-publish","format-standard","has-post-thumbnail","","category-mundo"],"_links":{"self":[{"href":"https:\/\/noticiasveraces.com\/index.php?rest_route=\/wp\/v2\/posts\/18249","targetHints":{"allow":["GET"]}}],"collection":[{"href":"https:\/\/noticiasveraces.com\/index.php?rest_route=\/wp\/v2\/posts"}],"about":[{"href":"https:\/\/noticiasveraces.com\/index.php?rest_route=\/wp\/v2\/types\/post"}],"author":[{"embeddable":true,"href":"https:\/\/noticiasveraces.com\/index.php?rest_route=\/wp\/v2\/users\/1"}],"replies":[{"embeddable":true,"href":"https:\/\/noticiasveraces.com\/index.php?rest_route=%2Fwp%2Fv2%2Fcomments&post=18249"}],"version-history":[{"count":0,"href":"https:\/\/noticiasveraces.com\/index.php?rest_route=\/wp\/v2\/posts\/18249\/revisions"}],"wp:featuredmedia":[{"embeddable":true,"href":"https:\/\/noticiasveraces.com\/index.php?rest_route=\/wp\/v2\/media\/18250"}],"wp:attachment":[{"href":"https:\/\/noticiasveraces.com\/index.php?rest_route=%2Fwp%2Fv2%2Fmedia&parent=18249"}],"wp:term":[{"taxonomy":"category","embeddable":true,"href":"https:\/\/noticiasveraces.com\/index.php?rest_route=%2Fwp%2Fv2%2Fcategories&post=18249"},{"taxonomy":"post_tag","embeddable":true,"href":"https:\/\/noticiasveraces.com\/index.php?rest_route=%2Fwp%2Fv2%2Ftags&post=18249"}],"curies":[{"name":"wp","href":"https:\/\/api.w.org\/{rel}","templated":true}]}}