{"id":18247,"date":"2025-03-12T03:00:25","date_gmt":"2025-03-12T07:00:25","guid":{"rendered":"https:\/\/noticiasveraces.com\/?p=18247"},"modified":"2025-03-12T03:00:25","modified_gmt":"2025-03-12T07:00:25","slug":"confirman-exclusioso-de-prorruso-de-presidenciales-dw-11-03-2025","status":"publish","type":"post","link":"https:\/\/noticiasveraces.com\/?p=18247","title":{"rendered":"Confirman exclusioso de Prorruso de Presidenciales &#8211; DW &#8211; 11\/03\/2025"},"content":{"rendered":"<p> \n<\/p>\n<div>\n<p>El Tribunal Constitucional de Rumania Confirm\u00f3 Este Martes (11.03.2025) La Exclusi\u00f3nica del Candidato Ultranacionalista y Prorruso calin Georgescu en Las Elecciones Presidenciales del Promo 4 y 18 de Mayo. La Decisi\u00f3n Fue Anuncia en Televisi\u00f3n por la Presidente de la Corte, Marian Enache. M\u00e1s detalla a Ser\u00e1n Publicados Pronto en la Gaceta Oficial.<\/p>\n<p>Seg\u00fan la emisora \u200b\u200bdigi24, Los Jueces Rembzaron de Forma Un\u00e1ne Loss una vez recursos presentados por el candidato ultra contrahabilitaci\u00f3.<\/p>\n<p>Georgescu Gan\u00f3 Contra TODO PRON\u00d3STICO LA PRIMERA Vuelta de Las Presidenciales ultranacionalista. Con la Decisi\u00f3n de los Magistrados del Constitucional, la candidata de Georgescu Queda Definitivamente Descartada.<\/p>\n<p>Al Fundamentar Su decisi\u00f3n de Inhabilitar la Nueva Candidatura de Georgescu, La Oficina Central Central Record\u00f3 que Fue Precisamente La Violaci\u00f3n de Las Normas Electorales de Parte del Parte del Ultranacionalista Lo Que Llev\u00f3 All Rumano Constitucional Ruman Por ello, considerar que aceptar el Nuevo Nuevo candidatura implicar\u00eda desconocer no decisi\u00f3n del constitucional que avala que no cumpli\u00f3 con las leyes ni respet\u00f3 procesos dem\u00f3cratas.<\/p>\n<p><span data-slot-id=\"Article_InContent-1\" class=\"rich-text-ad\"\/><\/p>\n<h2>Ultraderecha sin candidato<\/h2>\n<p>ERA ELTRANACONALISTA, SEG\u00daN LAS U\u00daLTIMAS ENCUESTAS, EL PRINCIPAL Favorito para Ganar la Primera Ronda Electoral del 4 de Mayo Con Un 35 Por Ciento de Los Respondo, Lo Que Le Habr\u00eda DADO PASO SEGURO A LA SEGUNDA VULELTA. Los partidarios de Georgescu, de 62 A\u00f1os, Anunciaron en Redes Sociales Que se Reunir\u00e1n Frente Al Palacio del Parlamento y Sede del Tribunal, Para Manifiesto en contra de la Inhabilitaci\u00f3n definitiva de su candidato.<\/p>\n<p>Con la exclusiaci\u00f3n de Georgescu, Los partidos ultranacionalistas rumanos no tienen candidato para las elecciones presidenciales y el plazo para aspirantes presentes en comparte el pr\u00f3ximo 15 de marzo. Sin embargo, Seg\u00fan la Prensa Rumana, El L\u00edder del Partido Derechista y Populista Aur, George Simion, Podr\u00eda presentada. En Las Eleciones Anuladas del 24 de Noviembre Simion Fue Cuarto, Con UN 13,9 por Ciento de los Votos.<\/p>\n<p>Desde finos de febrero, georgescu es investigador por la fiscal\u00eda por cargos que incluyen incitaci\u00f3n a Actos Contra la constituci\u00f3n, Falso testimonio y fundaci\u00f3n de una organizaci\u00f3n fascista y antisemita. Asimismo, Los fiscales persiguen un fortaleza de un grupo armado que, reportes de seg\u00fan diversos, apoya a georgescu, quien ha dicho en varias ocasas que, de ganar, abolir\u00e1 los partidos pol\u00cdticos.<\/p>\n<p>DZC (EFE, DPA)<\/p>\n<\/div>\n\n","protected":false},"excerpt":{"rendered":"<p>El Tribunal Constitucional de Rumania Confirm\u00f3 Este Martes (11.03.2025) La Exclusi\u00f3nica del Candidato Ultranacionalista y Prorruso calin Georgescu en Las Elecciones Presidenciales del Promo 4 y 18 de Mayo. La Decisi\u00f3n Fue Anuncia en Televisi\u00f3n por la Presidente de la Corte, Marian Enache. M\u00e1s detalla a Ser\u00e1n Publicados Pronto en la Gaceta Oficial. Seg\u00fan la &hellip;<\/p>\n","protected":false},"author":1,"featured_media":18248,"comment_status":"open","ping_status":"open","sticky":false,"template":"","format":"standard","meta":{"fifu_image_url":"https:\/\/static.dw.com\/image\/71864765_6.jpg","fifu_image_alt":"","footnotes":""},"categories":[13],"tags":[],"class_list":["post-18247","post","type-post","status-publish","format-standard","has-post-thumbnail","","category-mundo"],"_links":{"self":[{"href":"https:\/\/noticiasveraces.com\/index.php?rest_route=\/wp\/v2\/posts\/18247","targetHints":{"allow":["GET"]}}],"collection":[{"href":"https:\/\/noticiasveraces.com\/index.php?rest_route=\/wp\/v2\/posts"}],"about":[{"href":"https:\/\/noticiasveraces.com\/index.php?rest_route=\/wp\/v2\/types\/post"}],"author":[{"embeddable":true,"href":"https:\/\/noticiasveraces.com\/index.php?rest_route=\/wp\/v2\/users\/1"}],"replies":[{"embeddable":true,"href":"https:\/\/noticiasveraces.com\/index.php?rest_route=%2Fwp%2Fv2%2Fcomments&post=18247"}],"version-history":[{"count":0,"href":"https:\/\/noticiasveraces.com\/index.php?rest_route=\/wp\/v2\/posts\/18247\/revisions"}],"wp:featuredmedia":[{"embeddable":true,"href":"https:\/\/noticiasveraces.com\/index.php?rest_route=\/wp\/v2\/media\/18248"}],"wp:attachment":[{"href":"https:\/\/noticiasveraces.com\/index.php?rest_route=%2Fwp%2Fv2%2Fmedia&parent=18247"}],"wp:term":[{"taxonomy":"category","embeddable":true,"href":"https:\/\/noticiasveraces.com\/index.php?rest_route=%2Fwp%2Fv2%2Fcategories&post=18247"},{"taxonomy":"post_tag","embeddable":true,"href":"https:\/\/noticiasveraces.com\/index.php?rest_route=%2Fwp%2Fv2%2Ftags&post=18247"}],"curies":[{"name":"wp","href":"https:\/\/api.w.org\/{rel}","templated":true}]}}