{"id":18244,"date":"2025-03-12T02:19:18","date_gmt":"2025-03-12T06:19:18","guid":{"rendered":"https:\/\/noticiasveraces.com\/?p=18244"},"modified":"2025-03-12T02:19:18","modified_gmt":"2025-03-12T06:19:18","slug":"mbappe-duda-para-el-euroderbi-de-champions-ante-el-atletico-por-un-golpe-en-el-tobillo","status":"publish","type":"post","link":"https:\/\/noticiasveraces.com\/?p=18244","title":{"rendered":"Mbapp\u00e9, Duda Para El &#8216;Euroderbi&#8217; de Champions Ante El Atl\u00e9tico por Un Golpe en El Tobillo"},"content":{"rendered":"<p> \n<\/p>\n<div id=\"intext\">\n<p>Kiliano <b>Mbapp\u00e9 es duda para medirse al atl\u00e9tico de madrid<\/b> en el Metropolitano Con Motivo de la Vuelta de Octavos de Final de la Liga de la Liga de Campeones por Un Golpe en El Tobillo que Sufri\u00f3 Ante El Rayo Vallecano en La \u00dasttima Jornada Liguera.<\/p>\n<p>A Pesar de Las Molestias, El Delantero Galo s\u00ed que Ha Saltado al C\u00e9sped Este Martes en la Previa del <b>Derbi Europa crucial<\/b> y su presencia en el una vez inicial blanco ser\u00e1 una inc\u00f3gnita Hasta Horas Antes del Partido.<\/p>\n<p>Mbapp\u00e9 no se atrren\u00f3 este lunes por la se\u00f1orana con el resta de sus compenseros en la sesi\u00f3n de recuperaci\u00f3n tras la <b>Victoria por la M\u00ednima Ante el Conjunto Vallecano<\/b>Partido en el Que El Franc\u00e9s Hizo El Primero de Los Goles.<\/p>\n<p>El Franc\u00e9s se eJercit\u00f3 en el Gimnasio Durante la Tarde del Lunes y Tambi\u00e9n realiz\u00f3 Ejercios en el C\u00e9sped, Eso S\u00ed, Al Margen de Sus Compa\u00f1eros.<\/p>\n<h2 class=\"title-h2\">Ancelotti Retrasa La Convocatoria<\/h2>\n<p>Carlo <b>Ancelotti se Reunir\u00e1 Con Mbapp\u00e9 en Las Pr\u00f3ximas Horas<\/b> Para Tomar una decisi\u00f3n Sobre si parte de inicio en el una vez titular madridista o comienza el partido desde el banquillo. El T\u00e9cnico italiano ha decidido<b> Retrasar La Lista de Convocados <\/b>Hasta Este Mi\u00e9rcoles, El Mismo D\u00eda del Partido.<\/p>\n<p>El Real Madrid Llega al Metropolitano Con una <b>ventaja por la m\u00ednima<\/b> Dispu\u00e9s de la Victoria (2-1) en El Santiago Bernab\u00e9u Gracias A Los Goles de Rodrygo y Brahim. Juli\u00e1n \u00c1lvarez, en un gran estado de forma, hizo el gol colchonero y volver\u00e1 a ser la gran amenaza rojiblanca en el encuentro de vuelta de octavos de la liga de campeones final de la.<\/p>\n<p><span><i><span>Esguenos en nuestro <\/span><span>Canal de whatsapp<\/span><span>  y no te Pierdas la \u00daltima Hora y Toda la actualidad de antena3noticias.com<\/span><\/i><\/span><\/p>\n<div class=\"recirculation-video\" data-mod=\"a3mod_recirculation_video\">\n<div class=\"recirculation-video-wrapper\">\n<div>\n<div class=\"video-wrapper\">\n  <picture class=\"video-main-picture\"><source media=\"(min-width: 481px)\" srcset=\"https:\/\/fotografias.antena3.com\/clipping\/cmsimages02\/2025\/03\/10\/88904835-6F7E-4738-A198-20239E0AFC8A\/hansi-flick-rueda-prensa_94.jpg?crop=1920,1080,x0,y87&amp;width=800&amp;height=450&amp;optimize=medium&amp;format=webply\" width=\"800\" height=\"450\"><source media=\"(min-width: 391px) and (max-width: 480px)\" srcset=\"https:\/\/fotografias.antena3.com\/clipping\/cmsimages02\/2025\/03\/10\/88904835-6F7E-4738-A198-20239E0AFC8A\/hansi-flick-rueda-prensa_70.jpg?crop=1920,1080,x0,y87&amp;width=480&amp;height=270&amp;optimize=high&amp;format=webply\" width=\"480\" height=\"270\"><source media=\"(min-width: 321px) and (max-width: 390px)\" srcset=\"https:\/\/fotografias.antena3.com\/clipping\/cmsimages02\/2025\/03\/10\/88904835-6F7E-4738-A198-20239E0AFC8A\/hansi-flick-rueda-prensa_92.jpg?crop=1920,1078,x0,y88&amp;width=390&amp;height=219&amp;optimize=high&amp;format=webply\" width=\"390\" height=\"219\"><source media=\"(max-width: 320px)\" srcset=\"https:\/\/fotografias.antena3.com\/clipping\/cmsimages02\/2025\/03\/10\/88904835-6F7E-4738-A198-20239E0AFC8A\/hansi-flick-rueda-prensa_52.jpg?crop=1920,1080,x0,y87&amp;width=320&amp;height=180&amp;optimize=high&amp;format=webply\" width=\"320\" height=\"180\"><img decoding=\"async\" title=\"Hansi Flick en Rueda de Prensa\" alt=\"Hansi Flick en Rueda de Prensa\" width=\"480\" height=\"270\" src=\"https:\/\/fotografias.antena3.com\/clipping\/cmsimages02\/2025\/03\/10\/88904835-6F7E-4738-A198-20239E0AFC8A\/hansi-flick-rueda-prensa_70.jpg?crop=1920,1080,x0,y87&amp;width=480&amp;height=270&amp;optimize=high&amp;format=webply\" loading=\"lazy\" class=\"lazy\"\/><br \/>\n  <\/source><\/source><\/source><\/source><\/picture>\n <\/div>\n<\/div><\/div>\n<\/p><\/div>\n<\/div>\n\n","protected":false},"excerpt":{"rendered":"<p>Kiliano Mbapp\u00e9 es duda para medirse al atl\u00e9tico de madrid en el Metropolitano Con Motivo de la Vuelta de Octavos de Final de la Liga de la Liga de Campeones por Un Golpe en El Tobillo que Sufri\u00f3 Ante El Rayo Vallecano en La \u00dasttima Jornada Liguera. A Pesar de Las Molestias, El Delantero Galo &hellip;<\/p>\n","protected":false},"author":1,"featured_media":18246,"comment_status":"open","ping_status":"open","sticky":false,"template":"","format":"standard","meta":{"fifu_image_url":"https:\/\/fotografias.antena3.com\/clipping\/cmsimages02\/2025\/03\/04\/DFD142BD-11C0-444D-842D-6C5788DE5D38\/kylian-mbappe-lino-griezmann_69.jpg?crop=3272,1841,x0,y0&width=1280&height=720&optimize=low&format=jpg","fifu_image_alt":"","footnotes":""},"categories":[6],"tags":[],"class_list":["post-18244","post","type-post","status-publish","format-standard","has-post-thumbnail","","category-deportes"],"_links":{"self":[{"href":"https:\/\/noticiasveraces.com\/index.php?rest_route=\/wp\/v2\/posts\/18244","targetHints":{"allow":["GET"]}}],"collection":[{"href":"https:\/\/noticiasveraces.com\/index.php?rest_route=\/wp\/v2\/posts"}],"about":[{"href":"https:\/\/noticiasveraces.com\/index.php?rest_route=\/wp\/v2\/types\/post"}],"author":[{"embeddable":true,"href":"https:\/\/noticiasveraces.com\/index.php?rest_route=\/wp\/v2\/users\/1"}],"replies":[{"embeddable":true,"href":"https:\/\/noticiasveraces.com\/index.php?rest_route=%2Fwp%2Fv2%2Fcomments&post=18244"}],"version-history":[{"count":0,"href":"https:\/\/noticiasveraces.com\/index.php?rest_route=\/wp\/v2\/posts\/18244\/revisions"}],"wp:featuredmedia":[{"embeddable":true,"href":"https:\/\/noticiasveraces.com\/index.php?rest_route=\/wp\/v2\/media\/18246"}],"wp:attachment":[{"href":"https:\/\/noticiasveraces.com\/index.php?rest_route=%2Fwp%2Fv2%2Fmedia&parent=18244"}],"wp:term":[{"taxonomy":"category","embeddable":true,"href":"https:\/\/noticiasveraces.com\/index.php?rest_route=%2Fwp%2Fv2%2Fcategories&post=18244"},{"taxonomy":"post_tag","embeddable":true,"href":"https:\/\/noticiasveraces.com\/index.php?rest_route=%2Fwp%2Fv2%2Ftags&post=18244"}],"curies":[{"name":"wp","href":"https:\/\/api.w.org\/{rel}","templated":true}]}}