{"id":18171,"date":"2025-03-11T14:07:35","date_gmt":"2025-03-11T18:07:35","guid":{"rendered":"https:\/\/noticiasveraces.com\/?p=18171"},"modified":"2025-03-11T14:07:35","modified_gmt":"2025-03-11T18:07:35","slug":"la-impactante-foto-inedita-de-maradona-en-su-lecho-de-muerte-fue-asesinado","status":"publish","type":"post","link":"https:\/\/noticiasveraces.com\/?p=18171","title":{"rendered":"La Impactante Foto In\u00e9dita de Maradona en Su Lecho de Muerte: \u00abFue Asesinado\u00bb"},"content":{"rendered":"<p> \n<\/p>\n<div id=\"intext\">\n<p>Una impactante Fotograf\u00eda in\u00e9dita de Diego Armando Maradona, Postrado en una cama y tomada en el contexo de su muerte, fue Mostrada Este Martes por Uno de los fiscales Durante la Primera Audios del <b>Juicio Sobre El Fallecimiento del Astro Argentino<\/b>.<\/p>\n<p>En la imagen se ve a una maradona antes de Moria o reci\u00e9n fallecido, pues el fiscal no lo aclar\u00f3, en la cuual aparece muy hinchado y entubado. Al Parecer, La Fotograf\u00eda se Habr\u00eda Tomado El 25 de Noviembre de 2020, El D\u00eda Que Falleci\u00f3.<\/p>\n<h2 class=\"title-h2\">\u00abAs\u00ed Muri\u00f3 Maradona\u00bb<\/h2>\n<p>\u00abAs\u00ed Muri\u00f3 Maradona\u00bb, Dijo Patricio Ferrari, General Fiscal Adjunto del Tribunal de San Isidro, Localidad de Las Afueras de Buenos Aires, Al Mostar la Fotograf\u00eda.<\/p>\n<p>Lo Hizo al final de su Alegato, Cuando Se acerc\u00f3 a Los Jueces ver\u00f3nica di Tommaso, Maximiliano Savarino y Julieta Makintach, del Tribunal Oral en lo criminal n\u00famero 3 de San Isidro, Con la Foto en la Mano.<\/p>\n<p>El Momento Gener\u00f3 ImpactO en El P\u00fablico que se Encontraba en la Sala, Principalmmental en Sus Tres Hijas. Una de Ella, Giannina, se Tap\u00f3 el Rostro para evitar a su Padre en e Estado.<\/p>\n<blockquote class=\"blockquote \">\n<p class=\"blockquote__quote\">\u00abLa Verdad es un Derecho. Hoy Diego Diego Armando Maradona, Sus Hijos, Sus Deudos y El Pueblo Argentino Merecen Justicia\u00bb<\/p>\n<\/blockquote>\n<p>\u00abLa Verdad es un Derecho. Hoy Diego Diego Armando Maradona, Sus Hijos, Sus Deudos y El Pueblo Argentino Merecen Justicia\u00bb, Asegur\u00f3 Ferrari Sobre la Situaci\u00f3n en La Que Falleci\u00f3 el FamaSo Jugador de F\u00fatbol, \u200b\u200bEs decir, en una vivienda bajuJaudanos M\u00e9dicos M\u00e9dicos M\u00e9dicos M\u00e9dicos M\u00e9dicOS en una cl\u00ednica u hospital.<\/p>\n<p>\u00abAsumieron Voluntaria es rol en la Internaci\u00f3n Domiciliaria Incumpli\u00f3do Todos Los Deberos una carga\u00bb, Dijo Sobre Las Personas que Atendieron.<\/p>\n<p>Ferrari acus\u00f3 as\u00ed a Los M\u00e9dicos y Otros Profesionales de Haber abandonado al \u00eddolo en sus \u00daltimos dias por no tomar medidas adecuadas para asistirlo.<\/p>\n<h2 class=\"title-h2\">V\u00edcima de \u00abUn plan inhumano de resultado Eficaz\u00bb<\/h2>\n<p>El Medifico Abogado Fernando Burlando, Representante de Dalma y Giannina -hijas de Diego Armando Maradona -Asegur\u00f3 por Su PARTE QUE EL PELUSA FUE V\u00cdCTIMA DE \u00abUNO PLAN INHUMANO DE SEGURAD<\/p>\n<p>\u00abFue Asesinado\u00bb, Detetin\u00f3 el Abogado, Al Detallar C\u00d3mo Fueron Los \u00daltimos D\u00edas de Maradona en una vivienda Con Asistencia M\u00e9dica Privada A Domicilio, en Vez de Ser Atendido en Un Hospital.<\/p>\n<p>\u00abLa Internaci\u00f3n Domiciliaria Fue una Manera de Condenarlo a Muerte\u00bb, insisti\u00f3 Burlando Durante Su Alegato en el Juicio Que Durar\u00e1 Al Menos Cinco Meses y Contear\u00e1 Con 92 Testigos.<\/p>\n<blockquote class=\"blockquote \">\n<p class=\"blockquote__quote\">\u00abLa Internaci\u00f3n Domiciliaria Fue una Manera de Condenarlo a Muerte\u00bb<\/p>\n<\/blockquote>\n<p>Burlando Afirm\u00f3 que la decisi\u00f3n de Mantenerlo en un Domicilio particular \u00abFue Llevada A Cabo Contra TODO SENDIDO COM\u00daN, BAJO ENGANO DE LA FAMILIA, SIN EL DESENTIMIENTO EXPRESO DEL PACIENTE QUE EN NING\u00daN MOTIVO EXPRESO Su VolunteD de No Ser Atendido en Centro M\u00e9dico M\u00e9dico\u00bb.<\/p>\n<p>\u00abDesafiaron Todos los C\u00f3digos \u00e9tica y Desafiaron la Ley\u00bb, Argumento de El Abogado. Tambi\u00e9n expres\u00f3 que fue \u00abuna conjunci\u00f3n diab\u00f3lica\u00bb y que \u00abtanta gente no se puede equivocar y empujar a la muerte a una persona de estaja\u00bb.<\/p>\n<p>Seg\u00fan El Abogado, Si Hubieran Llevado a Maradona a una cl\u00ednica, \u00abLe Salvaban la Vida\u00bb, Pero \u00abNo Quer\u00eda Hacerlo\u00bb Porque \u00abESE ERA Su Deseo, Quitarle La Vida\u00bb. \u00abFueron inhumanos e indolentes\u00bb, Concluy\u00f3 El Abogado.<\/p>\n<h2 class=\"title-h2\">Siete Imputados<\/h2>\n<p>El Juicio por la Muerte de Maradona Arranc\u00f3 Este Martes con la Presencia de <b>Siete Imputados<\/b> Y Las Hijas del Astro Argentino: Dalma, Giannina y Jana.<\/p>\n<p>Los acusados \u200b\u200bpor homicidio simple con dolo hijo el neurocirujano leopoldo luque, la psiquiatra agustina cosachov, el psicoanalista carlos d\u00edaz, la doctora y coordinada de la emppresa suiza, Nancy forlini, el M\u00e9dico Pedico, el coordinador de la coordina de la coordinada de. Y El Enfermero Ricardo Almir\u00f3n.<\/p>\n<p>Tambi\u00e9n Est\u00e1 Acusada la Enfermera Dahiana Madrid, Quien Solicit\u00f3 Un Juicio por Jurado y Ser\u00e1 Juzgada en Un Proceso Aparte, por lo que no esta presente en esta audiencia.<\/p>\n<h2 class=\"title-h2\">Insuficiencia respiratoria y paro card\u00edaco<\/h2>\n<p>Diego Armando Maradona Muri\u00f3 A Los 60 A\u00f1os por una Ins\u00faficia Respiratoria Y Paro Card\u00edaco \u00abEN UNA SITUACI\u00d3N DE DESAMPARO\u00bb Y \u00abLibrado A Suierte\u00bb, De Acuerdo a Los Fiscales Patricio Ferrario, Cosme Iribarren y Laura Capra, un Cargo de La Investigaci.<\/p>\n<p><i>S\u00edguenos en nuestro canal de whatsapp y no te Pierdas la \u00daLtima Hora y Toda la actualidad de antena3noticias.com<\/i><\/p>\n<div class=\"recirculation-video\" data-mod=\"a3mod_recirculation_video\">\n<div class=\"recirculation-video-wrapper\">\n<div>\n<div class=\"video-wrapper\">\n  <picture class=\"video-main-picture\"><source media=\"(min-width: 481px)\" srcset=\"https:\/\/fotografias.antena3.com\/clipping\/cmsimages02\/2025\/03\/10\/A2F79DFF-0640-4A0E-8DC3-090E59259C62\/asi-llegaba-carles-minarro-hotel-concentracion_94.jpg?crop=1321,743,x98,y0&amp;width=800&amp;height=450&amp;optimize=medium&amp;format=webply\" width=\"800\" height=\"450\"><source media=\"(min-width: 391px) and (max-width: 480px)\" srcset=\"https:\/\/fotografias.antena3.com\/clipping\/cmsimages02\/2025\/03\/10\/A2F79DFF-0640-4A0E-8DC3-090E59259C62\/asi-llegaba-carles-minarro-hotel-concentracion_70.jpg?crop=1321,743,x98,y0&amp;width=480&amp;height=270&amp;optimize=high&amp;format=webply\" width=\"480\" height=\"270\"><source media=\"(min-width: 321px) and (max-width: 390px)\" srcset=\"https:\/\/fotografias.antena3.com\/clipping\/cmsimages02\/2025\/03\/10\/A2F79DFF-0640-4A0E-8DC3-090E59259C62\/asi-llegaba-carles-minarro-hotel-concentracion_92.jpg?crop=1323,743,x96,y0&amp;width=390&amp;height=219&amp;optimize=high&amp;format=webply\" width=\"390\" height=\"219\"><source media=\"(max-width: 320px)\" srcset=\"https:\/\/fotografias.antena3.com\/clipping\/cmsimages02\/2025\/03\/10\/A2F79DFF-0640-4A0E-8DC3-090E59259C62\/asi-llegaba-carles-minarro-hotel-concentracion_52.jpg?crop=1321,743,x98,y0&amp;width=320&amp;height=180&amp;optimize=high&amp;format=webply\" width=\"320\" height=\"180\"><img decoding=\"async\" title=\"As\u00ed Llegaba Carles Mi\u00f1o AL Hotel de Concentraci\u00f3n\" alt=\"As\u00ed Llegaba Carles Mi\u00f1o AL Hotel de Concentraci\u00f3n\" width=\"480\" height=\"270\" src=\"https:\/\/fotografias.antena3.com\/clipping\/cmsimages02\/2025\/03\/10\/A2F79DFF-0640-4A0E-8DC3-090E59259C62\/asi-llegaba-carles-minarro-hotel-concentracion_70.jpg?crop=1321,743,x98,y0&amp;width=480&amp;height=270&amp;optimize=high&amp;format=webply\" loading=\"lazy\" class=\"lazy\"\/><br \/>\n  <\/source><\/source><\/source><\/source><\/picture>\n <\/div>\n<\/div><\/div>\n<\/p><\/div>\n<\/div>\n\n","protected":false},"excerpt":{"rendered":"<p>Una impactante Fotograf\u00eda in\u00e9dita de Diego Armando Maradona, Postrado en una cama y tomada en el contexo de su muerte, fue Mostrada Este Martes por Uno de los fiscales Durante la Primera Audios del Juicio Sobre El Fallecimiento del Astro Argentino. En la imagen se ve a una maradona antes de Moria o reci\u00e9n fallecido, &hellip;<\/p>\n","protected":false},"author":1,"featured_media":18173,"comment_status":"open","ping_status":"open","sticky":false,"template":"","format":"standard","meta":{"fifu_image_url":"https:\/\/fotografias.antena3.com\/clipping\/cmsimages01\/2025\/03\/11\/1DBBABB1-9F1A-40FE-9D72-37E732A123E1\/fiscal-muestra-foto-maradona-lecho-muerte_69.jpg?crop=905,509,x28,y0&width=1280&height=720&optimize=low&format=jpg","fifu_image_alt":"","footnotes":""},"categories":[6],"tags":[],"class_list":["post-18171","post","type-post","status-publish","format-standard","has-post-thumbnail","","category-deportes"],"_links":{"self":[{"href":"https:\/\/noticiasveraces.com\/index.php?rest_route=\/wp\/v2\/posts\/18171","targetHints":{"allow":["GET"]}}],"collection":[{"href":"https:\/\/noticiasveraces.com\/index.php?rest_route=\/wp\/v2\/posts"}],"about":[{"href":"https:\/\/noticiasveraces.com\/index.php?rest_route=\/wp\/v2\/types\/post"}],"author":[{"embeddable":true,"href":"https:\/\/noticiasveraces.com\/index.php?rest_route=\/wp\/v2\/users\/1"}],"replies":[{"embeddable":true,"href":"https:\/\/noticiasveraces.com\/index.php?rest_route=%2Fwp%2Fv2%2Fcomments&post=18171"}],"version-history":[{"count":0,"href":"https:\/\/noticiasveraces.com\/index.php?rest_route=\/wp\/v2\/posts\/18171\/revisions"}],"wp:featuredmedia":[{"embeddable":true,"href":"https:\/\/noticiasveraces.com\/index.php?rest_route=\/wp\/v2\/media\/18173"}],"wp:attachment":[{"href":"https:\/\/noticiasveraces.com\/index.php?rest_route=%2Fwp%2Fv2%2Fmedia&parent=18171"}],"wp:term":[{"taxonomy":"category","embeddable":true,"href":"https:\/\/noticiasveraces.com\/index.php?rest_route=%2Fwp%2Fv2%2Fcategories&post=18171"},{"taxonomy":"post_tag","embeddable":true,"href":"https:\/\/noticiasveraces.com\/index.php?rest_route=%2Fwp%2Fv2%2Ftags&post=18171"}],"curies":[{"name":"wp","href":"https:\/\/api.w.org\/{rel}","templated":true}]}}