{"id":18148,"date":"2025-03-11T11:16:32","date_gmt":"2025-03-11T15:16:32","guid":{"rendered":"https:\/\/noticiasveraces.com\/?p=18148"},"modified":"2025-03-11T11:16:32","modified_gmt":"2025-03-11T15:16:32","slug":"el-lider-evangelico-influyente-dice-que-no-deberiamos-dar-alivio-o-reconocimiento-de-sanciones-a-siria","status":"publish","type":"post","link":"https:\/\/noticiasveraces.com\/?p=18148","title":{"rendered":"El l\u00edder evang\u00e9lico influyente dice que no deber\u00edamos dar alivio o reconocimiento de sanciones a Siria"},"content":{"rendered":"<p> \n<\/p>\n<div>\n<p class=\"speakable\">Jerusal\u00e9n: el ex terrorista de Al Qaeda y actual presidente interino de Siria, Ahmed al-Sharaa, no pudo detener una masacre de m\u00e1s de 1,000 sirios, incluidos los cristianos, que se desarroll\u00f3 el jueves pasado y continuaron durante un per\u00edodo de d\u00edas.<\/p>\n<p class=\"speakable\">Al-Sharaa y su organizaci\u00f3n, Hayat Tahrir al-Sham, una organizaci\u00f3n terrorista sunita designada por Estados Unidos, derrib\u00f3 al ex presidente sirio Bashar Assad en diciembre.<\/p>\n<p>Los l\u00edderes cristianos y los activistas de los derechos humanos han arrojado fuertes dudas sobre la capacidad del r\u00e9gimen islamista de al-Sharra para construir una democracia que pueda proteger a los grupos minoritarios religiosos vulnerables.<\/p>\n<p>\u00abEsta es una advertencia de que el gobierno sirio no est\u00e1 listo para el horario estelar si no puede proteger a un pu\u00f1ado de cristianos vulnerables que no tuvieron absolutamente nada que ver con esta violencia excepto ser sus v\u00edctimas\u00bb, dijo el reverendo Johnnie Moore, presidente del Congreso de L\u00edderes Cristianos, Fox News Digital.<\/p>\n<p><strong>La advertencia de Tulsi Gabbard al Senado sobre Siria demuestra prof\u00e9tica ya que las minor\u00edas del r\u00e9gimen ligado a Al Qaeda<\/strong><\/p>\n<div class=\"image-ct inline\">\n<div class=\"m\"><picture><source media=\"(max-width: 767px)\" srcset=\"https:\/\/a57.foxnews.com\/static.foxnews.com\/foxnews.com\/content\/uploads\/2025\/03\/343\/192\/gettyimages-2203611020-scaled.jpg?ve=1&amp;tl=1, https:\/\/a57.foxnews.com\/static.foxnews.com\/foxnews.com\/content\/uploads\/2025\/03\/686\/384\/gettyimages-2203611020-scaled.jpg?ve=1&amp;tl=1 2x\" height=\"192\" width=\"343\"><source media=\"(min-width: 768px) and (max-width: 1023px)\" srcset=\"https:\/\/a57.foxnews.com\/static.foxnews.com\/foxnews.com\/content\/uploads\/2025\/03\/672\/378\/gettyimages-2203611020-scaled.jpg?ve=1&amp;tl=1, https:\/\/a57.foxnews.com\/static.foxnews.com\/foxnews.com\/content\/uploads\/2025\/03\/1344\/756\/gettyimages-2203611020-scaled.jpg?ve=1&amp;tl=1 2x\" height=\"378\" width=\"672\"><source media=\"(min-width: 1024px) and (max-width: 1279px)\" srcset=\"https:\/\/a57.foxnews.com\/static.foxnews.com\/foxnews.com\/content\/uploads\/2025\/03\/931\/523\/gettyimages-2203611020-scaled.jpg?ve=1&amp;tl=1, https:\/\/a57.foxnews.com\/static.foxnews.com\/foxnews.com\/content\/uploads\/2025\/03\/1862\/1046\/gettyimages-2203611020-scaled.jpg?ve=1&amp;tl=1 2x\" height=\"523\" width=\"931\"><source media=\"(min-width: 1280px)\" srcset=\"https:\/\/a57.foxnews.com\/static.foxnews.com\/foxnews.com\/content\/uploads\/2025\/03\/720\/405\/gettyimages-2203611020-scaled.jpg?ve=1&amp;tl=1, https:\/\/a57.foxnews.com\/static.foxnews.com\/foxnews.com\/content\/uploads\/2025\/03\/1440\/810\/gettyimages-2203611020-scaled.jpg?ve=1&amp;tl=1 2x\" height=\"405\" width=\"720\"><img loading=\"lazy\" decoding=\"async\" src=\"https:\/\/a57.foxnews.com\/static.foxnews.com\/foxnews.com\/content\/uploads\/2025\/03\/1200\/675\/gettyimages-2203611020-scaled.jpg?ve=1&amp;tl=1\" alt=\"Siria enfrentamientos\" width=\"1200\" height=\"675\"\/><\/source><\/source><\/source><\/source><\/picture><\/div>\n<div class=\"info\">\n<div class=\"caption\">\n<p><span>Las fuerzas de seguridad leales al gobierno sirio interino viajan en la parte trasera de un veh\u00edculo que se mueve a lo largo de una carretera en la ciudad occidental de Latakia de Siria el 9 de marzo de 2025.<\/span> <span>(Omar Haj Kadour\/AFP a trav\u00e9s de Getty Images)<\/span><\/p>\n<\/div>\n<\/div>\n<\/div>\n<p>Despu\u00e9s de que las im\u00e1genes de video en l\u00ednea impactantes mostraron a los islamistas que participaron en masacres de alauitas sirios, una poblaci\u00f3n religiosa minoritaria, Al-Sharra afirm\u00f3 que \u00abresponsabilizar\u00eda, firmemente y sin clemencia, cualquier persona que estuviera involucrada en el derramamiento de sangre de civiles\u00bb. Agreg\u00f3: \u00abNo habr\u00e1 nadie por encima de la ley y cualquiera cuyas manos han sido manchadas de sangre de los sirios enfrentar\u00e1n justicia tarde o temprano\u00bb.<\/p>\n<p>Moore dijo: \u00abEs una clara demostraci\u00f3n que este nuevo gobierno ha fallado en la primera tarea de cualquier gobierno, que es proteger a sus ciudadanos\u00bb.<\/p>\n<div class=\"image-ct inline\">\n<div class=\"m\"><picture><source media=\"(max-width: 767px)\" srcset=\"https:\/\/a57.foxnews.com\/static.foxnews.com\/foxnews.com\/content\/uploads\/2024\/12\/343\/192\/gettyimages-1246869264.jpg?ve=1&amp;tl=1, https:\/\/a57.foxnews.com\/static.foxnews.com\/foxnews.com\/content\/uploads\/2024\/12\/686\/384\/gettyimages-1246869264.jpg?ve=1&amp;tl=1 2x\" height=\"192\" width=\"343\"><source media=\"(min-width: 768px) and (max-width: 1023px)\" srcset=\"https:\/\/a57.foxnews.com\/static.foxnews.com\/foxnews.com\/content\/uploads\/2024\/12\/672\/378\/gettyimages-1246869264.jpg?ve=1&amp;tl=1, https:\/\/a57.foxnews.com\/static.foxnews.com\/foxnews.com\/content\/uploads\/2024\/12\/1344\/756\/gettyimages-1246869264.jpg?ve=1&amp;tl=1 2x\" height=\"378\" width=\"672\"><source media=\"(min-width: 1024px) and (max-width: 1279px)\" srcset=\"https:\/\/a57.foxnews.com\/static.foxnews.com\/foxnews.com\/content\/uploads\/2024\/12\/931\/523\/gettyimages-1246869264.jpg?ve=1&amp;tl=1, https:\/\/a57.foxnews.com\/static.foxnews.com\/foxnews.com\/content\/uploads\/2024\/12\/1862\/1046\/gettyimages-1246869264.jpg?ve=1&amp;tl=1 2x\" height=\"523\" width=\"931\"><source media=\"(min-width: 1280px)\" srcset=\"https:\/\/a57.foxnews.com\/static.foxnews.com\/foxnews.com\/content\/uploads\/2024\/12\/720\/405\/gettyimages-1246869264.jpg?ve=1&amp;tl=1, https:\/\/a57.foxnews.com\/static.foxnews.com\/foxnews.com\/content\/uploads\/2024\/12\/1440\/810\/gettyimages-1246869264.jpg?ve=1&amp;tl=1 2x\" height=\"405\" width=\"720\"><img loading=\"lazy\" decoding=\"async\" src=\"https:\/\/a57.foxnews.com\/static.foxnews.com\/foxnews.com\/content\/uploads\/2024\/12\/1200\/675\/gettyimages-1246869264.jpg?ve=1&amp;tl=1\" alt=\"El nuevo l\u00edder sirio Ahmed Al-Sharaa visto en el pueblo de Besnaya en la provincia de Idlib del noroeste de Siria, en la frontera con Turqu\u00eda, en 2024.\" width=\"1200\" height=\"675\"\/><\/source><\/source><\/source><\/source><\/picture><\/div>\n<div class=\"info\">\n<div class=\"caption\">\n<p><span>El nuevo l\u00edder sirio Ahmed Al-Sharaa visto en el pueblo de Besnaya en la provincia de Idlib del noroeste de Siria, en la frontera con Turqu\u00eda, en 2024.<\/span> <span>(Omar Haj Kadour\/AFP a trav\u00e9s de Getty Images)<\/span><\/p>\n<\/div>\n<\/div>\n<\/div>\n<p>Dijo que los combatientes extranjeros que act\u00faan a la direcci\u00f3n del gobierno sirio o se integraron dentro de \u00e9l o se comportaron de manera fuera de control \u00abindiscriminada y grotescamente matado a innumerables civiles, incluidos varios cristianos, que personalmente verificamos fueron asesinados. Y los n\u00fameros est\u00e1n aumentando\u00bb.<\/p>\n<p>Moore dijo: \u00abEl nuevo gobierno en Siria puede no ser ISIS, pero son &#8216;islamistas'\u00bb. Al-Sharaa tambi\u00e9n fue miembro del movimiento terrorista del estado islamista.<\/p>\n<p><strong>Descubriendo las atrocidades del r\u00e9gimen de Assad en su &#8216;f\u00e1brica de muerte&#8217; en la colina<\/strong><\/p>\n<div class=\"image-ct inline\">\n<div class=\"m\"><picture><source media=\"(max-width: 767px)\" srcset=\"https:\/\/a57.foxnews.com\/static.foxnews.com\/foxnews.com\/content\/uploads\/2025\/03\/343\/192\/ap25070424722694-scaled.jpg?ve=1&amp;tl=1, https:\/\/a57.foxnews.com\/static.foxnews.com\/foxnews.com\/content\/uploads\/2025\/03\/686\/384\/ap25070424722694-scaled.jpg?ve=1&amp;tl=1 2x\" height=\"192\" width=\"343\"><source media=\"(min-width: 768px) and (max-width: 1023px)\" srcset=\"https:\/\/a57.foxnews.com\/static.foxnews.com\/foxnews.com\/content\/uploads\/2025\/03\/672\/378\/ap25070424722694-scaled.jpg?ve=1&amp;tl=1, https:\/\/a57.foxnews.com\/static.foxnews.com\/foxnews.com\/content\/uploads\/2025\/03\/1344\/756\/ap25070424722694-scaled.jpg?ve=1&amp;tl=1 2x\" height=\"378\" width=\"672\"><source media=\"(min-width: 1024px) and (max-width: 1279px)\" srcset=\"https:\/\/a57.foxnews.com\/static.foxnews.com\/foxnews.com\/content\/uploads\/2025\/03\/931\/523\/ap25070424722694-scaled.jpg?ve=1&amp;tl=1, https:\/\/a57.foxnews.com\/static.foxnews.com\/foxnews.com\/content\/uploads\/2025\/03\/1862\/1046\/ap25070424722694-scaled.jpg?ve=1&amp;tl=1 2x\" height=\"523\" width=\"931\"><source media=\"(min-width: 1280px)\" srcset=\"https:\/\/a57.foxnews.com\/static.foxnews.com\/foxnews.com\/content\/uploads\/2025\/03\/720\/405\/ap25070424722694-scaled.jpg?ve=1&amp;tl=1, https:\/\/a57.foxnews.com\/static.foxnews.com\/foxnews.com\/content\/uploads\/2025\/03\/1440\/810\/ap25070424722694-scaled.jpg?ve=1&amp;tl=1 2x\" height=\"405\" width=\"720\"><img loading=\"lazy\" decoding=\"async\" src=\"https:\/\/a57.foxnews.com\/static.foxnews.com\/foxnews.com\/content\/uploads\/2025\/03\/1200\/675\/ap25070424722694-scaled.jpg?ve=1&amp;tl=1\" alt=\"Los sirios huyen de la violencia\" width=\"1200\" height=\"675\"\/><\/source><\/source><\/source><\/source><\/picture><\/div>\n<div class=\"info\">\n<div class=\"caption\">\n<p><span>Las familias sirias que huyeron de los enfrentamientos en Siria llegan para cruzar al pueblo norte de Heker al-Daher en la provincia de Akkar, L\u00edbano, el martes 11 de marzo de 2025.<\/span> <span>(AP Photo\/Hussein Malla)<\/span><\/p>\n<\/div>\n<\/div>\n<\/div>\n<p>Moore critic\u00f3 la postura de los europeos hacia el hardcore r\u00e9gimen islamista sirio al se\u00f1alar que los gobiernos europeos parecen recompensar al r\u00e9gimen en Damasco.<\/p>\n<p>\u00abY para que esto suceda dentro de las 24 horas del Reino Unido que anuncia que est\u00e1n renunciando a las sanciones al Banco Nacional Sirio y m\u00e1s de 20 entidades es una se\u00f1al de advertencia para todo el mundo occidental y que la Comisi\u00f3n de la UE contin\u00faa con sus planes hace una conferencia de financiaci\u00f3n en un futuro cercano para ayudar al nuevo gobierno sirio\u00bb.<\/p>\n<p>Moore continu\u00f3: \u00abLa respuesta de los EE. UU. Deber\u00eda ser exactamente lo contrario. Estados Unidos deber\u00eda enviar un mensaje muy, muy claro al nuevo gobierno sirio de que habr\u00e1 cero alivio de sanciones y habr\u00e1 una normalizaci\u00f3n cero de su tratamiento al nuevo gobierno sirio hasta que demuestre que podr\u00e1 proteger a todos los ciudadanos de Siria, incluidos sus critianos vulnerables\u00bb. <\/p>\n<p><strong>Haga clic aqu\u00ed para obtener la aplicaci\u00f3n Fox News<\/strong><\/p>\n<div class=\"image-ct inline\">\n<div class=\"m\"><picture><source media=\"(max-width: 767px)\" srcset=\"https:\/\/a57.foxnews.com\/static.foxnews.com\/foxnews.com\/content\/uploads\/2025\/03\/343\/192\/syrian-christians-scaled.jpg?ve=1&amp;tl=1, https:\/\/a57.foxnews.com\/static.foxnews.com\/foxnews.com\/content\/uploads\/2025\/03\/686\/384\/syrian-christians-scaled.jpg?ve=1&amp;tl=1 2x\" height=\"192\" width=\"343\"><source media=\"(min-width: 768px) and (max-width: 1023px)\" srcset=\"https:\/\/a57.foxnews.com\/static.foxnews.com\/foxnews.com\/content\/uploads\/2025\/03\/672\/378\/syrian-christians-scaled.jpg?ve=1&amp;tl=1, https:\/\/a57.foxnews.com\/static.foxnews.com\/foxnews.com\/content\/uploads\/2025\/03\/1344\/756\/syrian-christians-scaled.jpg?ve=1&amp;tl=1 2x\" height=\"378\" width=\"672\"><source media=\"(min-width: 1024px) and (max-width: 1279px)\" srcset=\"https:\/\/a57.foxnews.com\/static.foxnews.com\/foxnews.com\/content\/uploads\/2025\/03\/931\/523\/syrian-christians-scaled.jpg?ve=1&amp;tl=1, https:\/\/a57.foxnews.com\/static.foxnews.com\/foxnews.com\/content\/uploads\/2025\/03\/1862\/1046\/syrian-christians-scaled.jpg?ve=1&amp;tl=1 2x\" height=\"523\" width=\"931\"><source media=\"(min-width: 1280px)\" srcset=\"https:\/\/a57.foxnews.com\/static.foxnews.com\/foxnews.com\/content\/uploads\/2025\/03\/720\/405\/syrian-christians-scaled.jpg?ve=1&amp;tl=1, https:\/\/a57.foxnews.com\/static.foxnews.com\/foxnews.com\/content\/uploads\/2025\/03\/1440\/810\/syrian-christians-scaled.jpg?ve=1&amp;tl=1 2x\" height=\"405\" width=\"720\"><img loading=\"lazy\" decoding=\"async\" src=\"https:\/\/a57.foxnews.com\/static.foxnews.com\/foxnews.com\/content\/uploads\/2025\/03\/1200\/675\/syrian-christians-scaled.jpg?ve=1&amp;tl=1\" alt=\"Cristianos de Siria\" width=\"1200\" height=\"675\"\/><\/source><\/source><\/source><\/source><\/picture><\/div>\n<div class=\"info\">\n<div class=\"caption\">\n<p><span>Los cristianos se re\u00fanen para celebrar la Navidad en el monasterio de Nuestra Se\u00f1ora de Saydnaya el 24 de diciembre de 2024 en Saydnaya, Siria.<\/span> <span>(Ali Haj Suleiman\/Getty Images)<\/span><\/p>\n<\/div>\n<\/div>\n<\/div>\n<p>Moore se\u00f1al\u00f3 que durante la guerra civil siria, los cristianos fueron asesinados y desplazados. En diciembre, Nina Shea y Moore del Centro para la Libertad Religiosa discutieron sobre Fox y sus amigos la amenaza para el cristianismo en Siria despu\u00e9s de que los rebeldes asumieran la capital y el papel de los Estados Unidos en la protecci\u00f3n de los cristianos.<\/p>\n<p>La poblaci\u00f3n cristiana en Siria se ha reducido considerablemente desde el comienzo de la Guerra Civil siria de 2011. Se estima que hay 300,000 cristianos en la naci\u00f3n devastada por la guerra. Antes de la Guerra Civil siria, la comunidad cristiana siria contaba con 1,5 millones.<\/p>\n<p> <!----> <\/p>\n<div class=\"article-meta\">\n<div class=\"author-bio\">\n<p>Benjamin Weinthal informa sobre Israel, Ir\u00e1n, Siria, Turqu\u00eda y Europa. Puede seguir a Benjamin en Twitter @benweinthal y enviarle un correo electr\u00f3nico a benjamin.weinthal@fox.com<\/p>\n<\/div>\n<\/div>\n<\/div>\n\n","protected":false},"excerpt":{"rendered":"<p>Jerusal\u00e9n: el ex terrorista de Al Qaeda y actual presidente interino de Siria, Ahmed al-Sharaa, no pudo detener una masacre de m\u00e1s de 1,000 sirios, incluidos los cristianos, que se desarroll\u00f3 el jueves pasado y continuaron durante un per\u00edodo de d\u00edas. Al-Sharaa y su organizaci\u00f3n, Hayat Tahrir al-Sham, una organizaci\u00f3n terrorista sunita designada por Estados &hellip;<\/p>\n","protected":false},"author":1,"featured_media":18150,"comment_status":"open","ping_status":"open","sticky":false,"template":"","format":"standard","meta":{"fifu_image_url":"https:\/\/static.foxnews.com\/foxnews.com\/content\/uploads\/2025\/03\/syrian-christians-scaled.jpg","fifu_image_alt":"","footnotes":""},"categories":[13],"tags":[],"class_list":["post-18148","post","type-post","status-publish","format-standard","has-post-thumbnail","","category-mundo"],"_links":{"self":[{"href":"https:\/\/noticiasveraces.com\/index.php?rest_route=\/wp\/v2\/posts\/18148","targetHints":{"allow":["GET"]}}],"collection":[{"href":"https:\/\/noticiasveraces.com\/index.php?rest_route=\/wp\/v2\/posts"}],"about":[{"href":"https:\/\/noticiasveraces.com\/index.php?rest_route=\/wp\/v2\/types\/post"}],"author":[{"embeddable":true,"href":"https:\/\/noticiasveraces.com\/index.php?rest_route=\/wp\/v2\/users\/1"}],"replies":[{"embeddable":true,"href":"https:\/\/noticiasveraces.com\/index.php?rest_route=%2Fwp%2Fv2%2Fcomments&post=18148"}],"version-history":[{"count":0,"href":"https:\/\/noticiasveraces.com\/index.php?rest_route=\/wp\/v2\/posts\/18148\/revisions"}],"wp:featuredmedia":[{"embeddable":true,"href":"https:\/\/noticiasveraces.com\/index.php?rest_route=\/wp\/v2\/media\/18150"}],"wp:attachment":[{"href":"https:\/\/noticiasveraces.com\/index.php?rest_route=%2Fwp%2Fv2%2Fmedia&parent=18148"}],"wp:term":[{"taxonomy":"category","embeddable":true,"href":"https:\/\/noticiasveraces.com\/index.php?rest_route=%2Fwp%2Fv2%2Fcategories&post=18148"},{"taxonomy":"post_tag","embeddable":true,"href":"https:\/\/noticiasveraces.com\/index.php?rest_route=%2Fwp%2Fv2%2Ftags&post=18148"}],"curies":[{"name":"wp","href":"https:\/\/api.w.org\/{rel}","templated":true}]}}