{"id":18144,"date":"2025-03-11T09:13:52","date_gmt":"2025-03-11T13:13:52","guid":{"rendered":"https:\/\/noticiasveraces.com\/?p=18144"},"modified":"2025-03-11T09:13:52","modified_gmt":"2025-03-11T13:13:52","slug":"se-acabo-el-tiempo-de-las-ilususes-dw-11-03-2025","status":"publish","type":"post","link":"https:\/\/noticiasveraces.com\/?p=18144","title":{"rendered":"\u00abSe Acab\u00f3 El Tiempo de Las Ilususes\u00bb &#8211; DW &#8211; 11\/03\/2025"},"content":{"rendered":"<p> \n<\/p>\n<div>\n<p>LA Presidente de la Comisi\u00f3n Europea, Ursula von der Leyen, Formul\u00f3 El Martes (11.3.2025) Un Llamado A Reforzar Las Capacidades de Defensa del Bloque.<\/p>\n<p>En una discusi\u00f3n Ante la Plenaria del Parlamento Europeo, von der Leyen Dijo Que, Durante A\u00f1os, El Bloque Ha Estado Pensando Que \u00abDisfrutaba de los Dividendos de la Paz, Pero en Realidad Est\u00e1bamos en Medio de Un D\u00e9ficit de Seguidad\u00bb.<\/p>\n<p>\u00abEl Tiempo de Las Ilususes ha terminado. Ahora, Europa Est\u00e1 Llamada A Hacersee Cargo de Su Propia Defensa, No en un Futuro LeJano, Sino Hoy\u00bb, Dijo la Jefe del Brazo Ejecutivo de la UE. \u00abNecesitamos un aumento en la defensa europea, y lo necesitamos ya Mismo\u00bb, Subray\u00f3.<\/p>\n<p>El bloque de Europa pas\u00f3 A\u00f1os Pensando que podr\u00eda confiar \u00abindefinidamento en la plena protecci\u00f3n de Estados Unidos. Y as\u00ed, Bajamos la Guardia\u00bb, Insisti\u00f3. El Orden de Seguridad de Europa Est\u00e1 \u00abSido Sacudido\u00bb, y muchas de \u00abnuestras ilusiones se est\u00e1n rompido\u00bb, Apunt\u00f3 la Alta Funcionaria Alemana.<\/p>\n<h2>Ambiciosa propuesta para defensa y segurida<\/h2>\n<p>\u00abDispu\u00e9s del Final de la Guerra Fr\u00eda, Algunos Cre\u00edan Que Rusia Podr\u00eda Integrarse en la Arquitectura Econ\u00f3mica y de Seguridad de Europa\u00bb, Record\u00f3.<\/p>\n<p>LA SEMANA PASADA, LA COMISI\u00d3N EUROPEA LANZ\u00d3 UNA AMBICIOSA PROPUESTA PARA AMPLIAR LAS INVERSIONES NACONALES EN LA DEFENSA Y LA SEGURIDAD. Von der Leyen Estim\u00f3 que el plan puede movilizar Hasta 800.000 MILLONES DE EUROS, AUNQUE SIN UN PLAZO ASPICO.<\/p>\n<p>ESE Plan Contempla UNA Flexibilizaci\u00f3n de Las R\u00edgidas Normas Fiscales del Bloque, Que Limitan Los Gastos P\u00fablicos, para que los Pa\u00edses pueden invertir en el segmento de defensa.<\/p>\n<p>MS (AFP\/EFE)<\/p>\n<\/p>\n<\/div>\n\n","protected":false},"excerpt":{"rendered":"<p>LA Presidente de la Comisi\u00f3n Europea, Ursula von der Leyen, Formul\u00f3 El Martes (11.3.2025) Un Llamado A Reforzar Las Capacidades de Defensa del Bloque. En una discusi\u00f3n Ante la Plenaria del Parlamento Europeo, von der Leyen Dijo Que, Durante A\u00f1os, El Bloque Ha Estado Pensando Que \u00abDisfrutaba de los Dividendos de la Paz, Pero en &hellip;<\/p>\n","protected":false},"author":1,"featured_media":18145,"comment_status":"open","ping_status":"open","sticky":false,"template":"","format":"standard","meta":{"fifu_image_url":"https:\/\/static.dw.com\/image\/71873625_6.jpg","fifu_image_alt":"","footnotes":""},"categories":[13],"tags":[],"class_list":["post-18144","post","type-post","status-publish","format-standard","has-post-thumbnail","","category-mundo"],"_links":{"self":[{"href":"https:\/\/noticiasveraces.com\/index.php?rest_route=\/wp\/v2\/posts\/18144","targetHints":{"allow":["GET"]}}],"collection":[{"href":"https:\/\/noticiasveraces.com\/index.php?rest_route=\/wp\/v2\/posts"}],"about":[{"href":"https:\/\/noticiasveraces.com\/index.php?rest_route=\/wp\/v2\/types\/post"}],"author":[{"embeddable":true,"href":"https:\/\/noticiasveraces.com\/index.php?rest_route=\/wp\/v2\/users\/1"}],"replies":[{"embeddable":true,"href":"https:\/\/noticiasveraces.com\/index.php?rest_route=%2Fwp%2Fv2%2Fcomments&post=18144"}],"version-history":[{"count":0,"href":"https:\/\/noticiasveraces.com\/index.php?rest_route=\/wp\/v2\/posts\/18144\/revisions"}],"wp:featuredmedia":[{"embeddable":true,"href":"https:\/\/noticiasveraces.com\/index.php?rest_route=\/wp\/v2\/media\/18145"}],"wp:attachment":[{"href":"https:\/\/noticiasveraces.com\/index.php?rest_route=%2Fwp%2Fv2%2Fmedia&parent=18144"}],"wp:term":[{"taxonomy":"category","embeddable":true,"href":"https:\/\/noticiasveraces.com\/index.php?rest_route=%2Fwp%2Fv2%2Fcategories&post=18144"},{"taxonomy":"post_tag","embeddable":true,"href":"https:\/\/noticiasveraces.com\/index.php?rest_route=%2Fwp%2Fv2%2Ftags&post=18144"}],"curies":[{"name":"wp","href":"https:\/\/api.w.org\/{rel}","templated":true}]}}