{"id":18099,"date":"2025-03-11T02:06:15","date_gmt":"2025-03-11T06:06:15","guid":{"rendered":"https:\/\/noticiasveraces.com\/?p=18099"},"modified":"2025-03-11T02:06:15","modified_gmt":"2025-03-11T06:06:15","slug":"la-plantilla-del-barca-y-otras-personalidadas-acuden-al-velatorio-del-doctor-carles-mino-pedri-olmo-butragueno","status":"publish","type":"post","link":"https:\/\/noticiasveraces.com\/?p=18099","title":{"rendered":"La Plantilla del Bar\u00e7a y Otras Personalidadas Acuden Al Velatorio del Doctor Carles Mi\u00f1o: Pedri, Olmo, Butrague\u00f1o &#8230;"},"content":{"rendered":"<p> \n<\/p>\n<div id=\"intext\">\n<p>LA Mayor parte de la <b>Primera Plantilla del FC Barcelona<\/b>Tanto de f\u00fatbol como de f\u00fatbol sala, adem\u00e1s de decenas de <b>personalidadas y directivos de otros equipos<\/b>Han Acudido al <u>tanatorio<\/u> De Sancho de \u00c1vila (Barcelona) Para Dar El \u00datimo Adi\u00f3s A Carles Mi\u00f1o, Doctor del Primer Equipo que <b>Fallecio Este Pasado S\u00e1bado A LOS 53 A\u00f1os<\/b> Antes del Bar\u00e7a-Osasuna de Laliga.<\/p>\n<h2 class=\"title-h2\">Pedri, Olmo, Ara\u00fajo, Joan Gaspar, Emilio Butrague\u00f1o &#8230;<\/h2>\n<p>UNA TARDE CARGADA DE EMOCIONES Y TRISTEZA ENTRE AQUINLAS PERSONAS QUE CONOC\u00cdA Y TRATARON EN ALG\u00daN MOTO CON EL DOCTOR. Al Velatorio Acudio El Equipo T\u00e9cnico Al Soltio, Con <b>Hansi Flick<\/b> A la Cabeza, Seguido de Muchos Jugadores de la Primera Plantilla: Ronald <b>Araujo, Gavi, Pedri, Eric Garc\u00eda, Marc Casad\u00f3<\/b>, <b>Dani Olmo (Amigo personal)<\/b>Pau Cubars\u00ed, Ansu Fati, Marc Bernal de Ferran Torres. Entre oTros Directivos del Bar\u00e7a, Tambi\u00e9n Estuvo el expresidente Joan Gaspar, y en representaci\u00f3n del Real Madrid Fue <b>Emilio Butrague\u00f1o<\/b>Director de Relaciones Institucionales.<\/p>\n<p>Entre los Asistentes no Pudieron Faltar <u>Representantes del f\u00fatbol catal\u00e1n<\/u> y otros Equipos de la Comunidad ya que Mi\u00f1o Trabaj\u00f3 en el M\u00e9dico de Tierrassa, El Sabadell o El Sant Andreu. Los Jugadores Azulgranas Acudieron Hoy Ya Que Ma\u00f1ana Martes SE Celebrar\u00e1 El Funeral PERO <b>No se presenta Podr\u00e1n Estar<\/b> por la concentraci\u00f3n y el posterior Partido de Octavos de Final De Champions League Ante El <b>Benfica<\/b>. Tambi\u00e9n desestacable la Presencia de la Plantilla al completa del Primer Equipo del Bar\u00e7a de F\u00fatbol Sala, Donde Carles Mi\u00f1o Pas\u00f3 Gran Part de Su Carrera Profesional (2017-2024).<\/p>\n<h2 class=\"title-h2\">\u00bfC\u00d3MO MURI\u00d3 CARLES MIARTARRO?<\/h2>\n<p>En lo referente a lo sucedido el s\u00e1bado en el hotel de concentraci\u00f3n antes del bar\u00e7a-osasuna (aplazado por dicho motivo), mi\u00f1o-se hab\u00eda <b>ausentado en la merienda con la plantilla y tampoco se presente en la recepci\u00f3n del hotel<\/b> a la horra acordada para dirigirse un montjuic, algo que s\u00ed lllam\u00f3 la atencia de sus compampa\u00f1eros. Ante la preocupacia de los Presenta se decidi\u00f3 a un buscarle: \u00abTocaron a la puertta de su h\u00e1bitaci\u00f3nico y no abra &#8216;Cr\u00f3nica Global de El Espa\u00f1ol&#8217;). Detallan Asimismo que la Apariencia del Doctor Indica que Falleci\u00f3 Solo &#8216;<b>SIN Intervenci\u00f3n ni Alguna de injerencia &#8216;<\/b>. TODO Apunta A Que la Muerte Fue S\u00fabita. Tras Conocerse la Tragedia, Adem\u00e1s de suspensi\u00f3n el Partido de Liga, Jugadores, Clubes y en General TODO El Mundo del F\u00fatbol Espa\u00f1ol Se Volc\u00f3 en Redes Sociales Con Comunicados y Mensajes de Condolencias.<\/p>\n<p><i>S\u00edguenos en nuestro canal de whatsapp y no te Pierdas la \u00daLtima Hora y Toda la actualidad de antena3noticias.com<\/i><\/p>\n<div class=\"recirculation-video\" data-mod=\"a3mod_recirculation_video\">\n<div class=\"recirculation-video-wrapper\">\n<div>\n<div class=\"video-wrapper\">\n  <picture class=\"video-main-picture\"><source media=\"(min-width: 481px)\" srcset=\"https:\/\/fotografias.antena3.com\/clipping\/cmsimages01\/2025\/03\/10\/385DBB27-08F6-4428-9877-D441E7863C13\/ana-peleteiro-hormiguero_94.jpg?crop=1578,888,x0,y0&amp;width=800&amp;height=450&amp;optimize=medium&amp;format=webply\" width=\"800\" height=\"450\"><source media=\"(min-width: 391px) and (max-width: 480px)\" srcset=\"https:\/\/fotografias.antena3.com\/clipping\/cmsimages01\/2025\/03\/10\/385DBB27-08F6-4428-9877-D441E7863C13\/ana-peleteiro-hormiguero_70.jpg?crop=1578,888,x0,y0&amp;width=480&amp;height=270&amp;optimize=high&amp;format=webply\" width=\"480\" height=\"270\"><source media=\"(min-width: 321px) and (max-width: 390px)\" srcset=\"https:\/\/fotografias.antena3.com\/clipping\/cmsimages01\/2025\/03\/10\/385DBB27-08F6-4428-9877-D441E7863C13\/ana-peleteiro-hormiguero_92.jpg?crop=1578,886,x0,y0&amp;width=390&amp;height=219&amp;optimize=high&amp;format=webply\" width=\"390\" height=\"219\"><source media=\"(max-width: 320px)\" srcset=\"https:\/\/fotografias.antena3.com\/clipping\/cmsimages01\/2025\/03\/10\/385DBB27-08F6-4428-9877-D441E7863C13\/ana-peleteiro-hormiguero_52.jpg?crop=1578,888,x0,y0&amp;width=320&amp;height=180&amp;optimize=high&amp;format=webply\" width=\"320\" height=\"180\"><img decoding=\"async\" title=\"Ana Peleteiro en el Hormiguero\" alt=\"Ana Peleteiro en el Hormiguero\" width=\"480\" height=\"270\" src=\"https:\/\/fotografias.antena3.com\/clipping\/cmsimages01\/2025\/03\/10\/385DBB27-08F6-4428-9877-D441E7863C13\/ana-peleteiro-hormiguero_70.jpg?crop=1578,888,x0,y0&amp;width=480&amp;height=270&amp;optimize=high&amp;format=webply\" loading=\"lazy\" class=\"lazy\"\/><br \/>\n  <\/source><\/source><\/source><\/source><\/picture>\n <\/div>\n<\/div><\/div>\n<\/p><\/div>\n<\/div>\n\n","protected":false},"excerpt":{"rendered":"<p>LA Mayor parte de la Primera Plantilla del FC BarcelonaTanto de f\u00fatbol como de f\u00fatbol sala, adem\u00e1s de decenas de personalidadas y directivos de otros equiposHan Acudido al tanatorio De Sancho de \u00c1vila (Barcelona) Para Dar El \u00datimo Adi\u00f3s A Carles Mi\u00f1o, Doctor del Primer Equipo que Fallecio Este Pasado S\u00e1bado A LOS 53 A\u00f1os &hellip;<\/p>\n","protected":false},"author":1,"featured_media":18101,"comment_status":"open","ping_status":"open","sticky":false,"template":"","format":"standard","meta":{"fifu_image_url":"https:\/\/fotografias.antena3.com\/clipping\/cmsimages01\/2025\/03\/10\/0B8C6A5A-8439-408F-9DDD-2BA8DFC4E293\/jugadores-barca-butragueno-otros-velatorio-carles-minarro_69.jpg?crop=3264,1836,x0,y0&width=1280&height=720&optimize=low&format=jpg","fifu_image_alt":"","footnotes":""},"categories":[6],"tags":[],"class_list":["post-18099","post","type-post","status-publish","format-standard","has-post-thumbnail","","category-deportes"],"_links":{"self":[{"href":"https:\/\/noticiasveraces.com\/index.php?rest_route=\/wp\/v2\/posts\/18099","targetHints":{"allow":["GET"]}}],"collection":[{"href":"https:\/\/noticiasveraces.com\/index.php?rest_route=\/wp\/v2\/posts"}],"about":[{"href":"https:\/\/noticiasveraces.com\/index.php?rest_route=\/wp\/v2\/types\/post"}],"author":[{"embeddable":true,"href":"https:\/\/noticiasveraces.com\/index.php?rest_route=\/wp\/v2\/users\/1"}],"replies":[{"embeddable":true,"href":"https:\/\/noticiasveraces.com\/index.php?rest_route=%2Fwp%2Fv2%2Fcomments&post=18099"}],"version-history":[{"count":0,"href":"https:\/\/noticiasveraces.com\/index.php?rest_route=\/wp\/v2\/posts\/18099\/revisions"}],"wp:featuredmedia":[{"embeddable":true,"href":"https:\/\/noticiasveraces.com\/index.php?rest_route=\/wp\/v2\/media\/18101"}],"wp:attachment":[{"href":"https:\/\/noticiasveraces.com\/index.php?rest_route=%2Fwp%2Fv2%2Fmedia&parent=18099"}],"wp:term":[{"taxonomy":"category","embeddable":true,"href":"https:\/\/noticiasveraces.com\/index.php?rest_route=%2Fwp%2Fv2%2Fcategories&post=18099"},{"taxonomy":"post_tag","embeddable":true,"href":"https:\/\/noticiasveraces.com\/index.php?rest_route=%2Fwp%2Fv2%2Ftags&post=18099"}],"curies":[{"name":"wp","href":"https:\/\/api.w.org\/{rel}","templated":true}]}}