{"id":18065,"date":"2025-03-10T20:10:13","date_gmt":"2025-03-11T00:10:13","guid":{"rendered":"https:\/\/noticiasveraces.com\/?p=18065"},"modified":"2025-03-10T20:10:13","modified_gmt":"2025-03-11T00:10:13","slug":"reina-camilla-sparks-fan-frenzy-in-baby-pink-dress-real-noticias","status":"publish","type":"post","link":"https:\/\/noticiasveraces.com\/?p=18065","title":{"rendered":"Reina Camilla Sparks Fan Frenzy In Baby Pink Dress | Real | Noticias"},"content":{"rendered":"<p> \n<\/p>\n<div>\n<p>Un usuario escribi\u00f3 en X: \u00abMe encanta el atuendo rosa de Queen Camilla\u00bb.<\/p>\n<p>Otra persona dijo: \u00ab\u00a1Es absolutamente impresionante!\u00bb<\/p>\n<p>Un tercero coment\u00f3: \u00abNadie puede usar un sombrero como Camilla\u00bb.<\/p>\n<p>Mientras que uno cuarto fue: \u00ab\u00a1Su majestad se ve especialmente hermosa en este atuendo rosa con sus encantadoras perlas!\u00bb<\/p>\n<p>La \u00abpoderosa influencia de la Commonwealth para el bien en el mundo\u00bb fue celebrada por la familia real durante un servicio con una congregaci\u00f3n de 2.000 personas que se llevan a toda la familia de las naciones.<\/p>\n<p>A los Reales se unieron el primer ministro Sir Keir Starmer y otras cifras de alto nivel del gobierno.<\/p>\n<\/div>\n<div>\n<p>La aparici\u00f3n del rey Charles en el servicio fue la primera en dos a\u00f1os despu\u00e9s de que su diagn\u00f3stico de c\u00e1ncer el a\u00f1o pasado lo oblig\u00f3 a posponer las tareas del p\u00fablico durante un per\u00edodo y la princesa Kate tambi\u00e9n estuvo ausente el a\u00f1o pasado despu\u00e9s de comenzar su quimioterapia, que desde entonces ha completado y ahora est\u00e1 en remisi\u00f3n.<\/p>\n<p>El tema del D\u00eda de la Commonwealth de este a\u00f1o est\u00e1 juntos, prosperamos, que celebra el \u00abesp\u00edritu duradero de la familia de la Commonwealth\u00bb.<\/p>\n<p>El rey y la reina lideraron el camino, mientras los Reales procesaban a sus asientos, seguidos por el Pr\u00edncipe y la Princesa de Gales y luego la Princesa Anne y el Duque y la Duquesa de Gloucester.<\/p>\n<\/div>\n\n","protected":false},"excerpt":{"rendered":"<p>Un usuario escribi\u00f3 en X: \u00abMe encanta el atuendo rosa de Queen Camilla\u00bb. Otra persona dijo: \u00ab\u00a1Es absolutamente impresionante!\u00bb Un tercero coment\u00f3: \u00abNadie puede usar un sombrero como Camilla\u00bb. Mientras que uno cuarto fue: \u00ab\u00a1Su majestad se ve especialmente hermosa en este atuendo rosa con sus encantadoras perlas!\u00bb La \u00abpoderosa influencia de la Commonwealth para &hellip;<\/p>\n","protected":false},"author":1,"featured_media":18066,"comment_status":"open","ping_status":"open","sticky":false,"template":"","format":"standard","meta":{"fifu_image_url":"https:\/\/cdn.images.express.co.uk\/img\/dynamic\/106\/1200x630\/6012848.jpg","fifu_image_alt":"","footnotes":""},"categories":[10],"tags":[],"class_list":["post-18065","post","type-post","status-publish","format-standard","has-post-thumbnail","","category-moda"],"_links":{"self":[{"href":"https:\/\/noticiasveraces.com\/index.php?rest_route=\/wp\/v2\/posts\/18065","targetHints":{"allow":["GET"]}}],"collection":[{"href":"https:\/\/noticiasveraces.com\/index.php?rest_route=\/wp\/v2\/posts"}],"about":[{"href":"https:\/\/noticiasveraces.com\/index.php?rest_route=\/wp\/v2\/types\/post"}],"author":[{"embeddable":true,"href":"https:\/\/noticiasveraces.com\/index.php?rest_route=\/wp\/v2\/users\/1"}],"replies":[{"embeddable":true,"href":"https:\/\/noticiasveraces.com\/index.php?rest_route=%2Fwp%2Fv2%2Fcomments&post=18065"}],"version-history":[{"count":0,"href":"https:\/\/noticiasveraces.com\/index.php?rest_route=\/wp\/v2\/posts\/18065\/revisions"}],"wp:featuredmedia":[{"embeddable":true,"href":"https:\/\/noticiasveraces.com\/index.php?rest_route=\/wp\/v2\/media\/18066"}],"wp:attachment":[{"href":"https:\/\/noticiasveraces.com\/index.php?rest_route=%2Fwp%2Fv2%2Fmedia&parent=18065"}],"wp:term":[{"taxonomy":"category","embeddable":true,"href":"https:\/\/noticiasveraces.com\/index.php?rest_route=%2Fwp%2Fv2%2Fcategories&post=18065"},{"taxonomy":"post_tag","embeddable":true,"href":"https:\/\/noticiasveraces.com\/index.php?rest_route=%2Fwp%2Fv2%2Ftags&post=18065"}],"curies":[{"name":"wp","href":"https:\/\/api.w.org\/{rel}","templated":true}]}}