{"id":18062,"date":"2025-03-10T20:01:37","date_gmt":"2025-03-11T00:01:37","guid":{"rendered":"https:\/\/noticiasveraces.com\/?p=18062"},"modified":"2025-03-10T20:01:37","modified_gmt":"2025-03-11T00:01:37","slug":"hababa-peor-a-ivan-que-a-mi-marido","status":"publish","type":"post","link":"https:\/\/noticiasveraces.com\/?p=18062","title":{"rendered":"\u00abHababa peor a iv\u00e1n que a mi marido\u00bb"},"content":{"rendered":"<p> \n<\/p>\n<div id=\"intext\">\n<p>La Atleta Espa\u00f1ola <b>Ana Peleteiro<\/b> ha visitado <b>El Hormiguero<\/b> solo bronceado unos d\u00edas desespu\u00e9s de hacerse con la <b>Medalla de Oro en Los Europa de Pista Cubierta<\/b> En Apeldoorn (Pa\u00edses Bajos) con su mejor triple salto de la temporada (14,37).<\/p>\n<h2 class=\"title-h2\">\u00abEl Hormiguero me llame Antes incluso de Ganar El Oro\u00bb<\/h2>\n<p>Peleteiro, Antes de Entar en Materia, Reconci\u00f3d Que El Hormiguero le Llam\u00f3 Antes de Proclamarse Campeona: \u00abEn Cometici\u00f3n No Sueelo Estar Con El M\u00f3vil, y Un D\u00eda Antes de la Final <b>vi la notificaci\u00f3n en el m\u00f3vil de que iba a ser invitada en el hormiguero<\/b>\u00ab, Explic\u00f3 Entre Risas.<\/p>\n<p>SOBRE LA FINAL DE TRIPLE SALTO, LA GALLEGA DETALL\u00d3 QE su OBJETIVO ERA CLAVAR EL PRIMER SALTO <b>Te Cansas Mucho<\/b>por lo que yo, tal y como ten\u00eda la Rodilla (Al 60%) se quise hacer un gran salto al principio, pero tuve un nulo por menos de 1cm. Mi mejor Salto suele ser el cuarto y en el quinto consegu\u00ed el 14&#8217;37 \u00ab, dijo antes de reconocer que su gran objetivo es <b>Llegar A Los 15 Metros<\/b>.<\/p>\n<h2 class=\"title-h2\">\u00abYo Visualic\u00e9 Perdido la Final\u00bb<\/h2>\n<p>La Atleta de 29 A\u00f1os Tambi\u00e9n Asegur\u00f3 Que es una Mujer \u00ab<b>de comp\u00e9 de<\/b>\u00ab:\u00bb En los atrenamientos no suelo pasar de 14&#8217;20 \u00ab. Despu\u00e9s, la gallega mencion\u00f3 de pasada lo mal de lo pas\u00f3 en los dias previos previos a la competi\u00f3n por una decepci\u00f3n personal (amenazas y coaciones de una persona de confiANZA):\u00bb: \u00ab:\u00bb Karma, Ha Sido un A\u00f1o Con Muchos Cambios, Han Sido Meses Duros, De Recibir Comentarios MALOS &#8230; Y EN UN Momento Visualic\u00e9 Perdido La Final. Embargo de pecado, <b>PIENSO QUE ESTOY EN EL MEJOR ESTADO DE FORMA DE MI CARRERA<\/b>\u00ab.<\/p>\n<blockquote class=\"blockquote \">\n<p class=\"blockquote__quote\">\u00abYo supo mal me deciran a iv\u00e1n pedroso que necesitaba otra cosa &#8230; pero todos mis Cambios Han Sido siempre un mejor\u00bb<\/p>\n<\/blockquote>\n<p>RECENTENTE CAMBI\u00d3 A SU ARRENADOR DE LOS OCCHO OCHO AROS, UNA DECISI\u00d3N ALGUNAS PERSONAS LE HAN CR\u00cdTICAD Decirle a iv\u00e1n pedroso que necesitaba otra cosa &#8230; necesitaba un Cambio o me hartar\u00eda del atletismo, no quer\u00eda buscar excusas. <b>un su exentrenador le hobraba peor que a su marido<\/b>: \u00abCuido Mucho Mi Relaci\u00f3n Con Benjamin, Quiero Tratar Bien a Las Personas que me Rodean y me compenetro Muy<\/p>\n<h2 class=\"title-h2\">\u00ab\u00bfLa Rodilla? El D\u00eda de la Final Pensaba que no pod\u00eda competir\u00bb<\/h2>\n<p>En el Tema F\u00edsico, Peleteiro no Tiene la Rodilla al 100%, Algo que no le ha mermado del dido en la comp\u00e9tica: \u00ab<b>Necesito par durante 15 d\u00edas <\/b>Pero Ahora no Puedo Permit\u00edrmelo, Hay D\u00edas que me duele m\u00e1s y otros Menos, <b>El d\u00eda de la final Pens\u00e9 que no pod\u00eda competir<\/b>yo infiltraron, yo dieron masajes &#8230; \u00ab. adem\u00e1s, apunta que triple salto es peligroso:\u00bb No es para para cualquiera, no me gusta ver un gente imit\u00e1ndome, Hay muchas lesiones (aquiles, espalda, artrosis &#8230;) \u00ab.<\/p>\n<h2 class=\"title-h2\">\u00abESTOY EN EL MOJOR Momento de mi Carrera\u00bb<\/h2>\n<p>Por otra parte, una su lllegada a espa\u00f1a este lunes tambi\u00e9n dej\u00f3 Claro que Ya Piensa en Su \u00ab<b>Pr\u00f3ximo Salto<\/b>\u00ab:\u00bb Las Medallas, Como Siempre, Se Quedan en Casa de Mis Padres, Ahora PienSo en <b>Mi SigUiente Objetivo, El Mundial<\/b>\u00ab. En El Hormiguero Dio M\u00e1s detalla:\u00bb Es en dos Semanas, El S\u00e1bado ViJo A China &#8230; en Realidad No S\u00e9 Porque Estoy Aqu\u00ed (Entre Risas). Veo Bien, no estoy Cansada \u00ab.<\/p>\n<p><i>S\u00edguenos en nuestro canal de whatsapp y no te Pierdas la \u00daLtima Hora y Toda la actualidad de antena3noticias.com<\/i><\/p>\n<div class=\"recirculation-video\" data-mod=\"a3mod_recirculation_video\">\n<div class=\"recirculation-video-wrapper\">\n<div>\n<div class=\"video-wrapper\">\n  <picture class=\"video-main-picture\"><source media=\"(min-width: 481px)\" srcset=\"https:\/\/fotografias.antena3.com\/clipping\/cmsimages01\/2025\/03\/10\/10291FD3-50CC-4E82-A72C-8A5CC57A9769\/esquiador-15-anos-herido-grave-alud-candanchu-huesca_94.jpg?crop=640,360,x0,y0&amp;width=800&amp;height=450&amp;optimize=medium&amp;format=webply\" width=\"800\" height=\"450\"><source media=\"(min-width: 391px) and (max-width: 480px)\" srcset=\"https:\/\/fotografias.antena3.com\/clipping\/cmsimages01\/2025\/03\/10\/10291FD3-50CC-4E82-A72C-8A5CC57A9769\/esquiador-15-anos-herido-grave-alud-candanchu-huesca_70.jpg?crop=640,360,x0,y0&amp;width=480&amp;height=270&amp;optimize=high&amp;format=webply\" width=\"480\" height=\"270\"><source media=\"(min-width: 321px) and (max-width: 390px)\" srcset=\"https:\/\/fotografias.antena3.com\/clipping\/cmsimages01\/2025\/03\/10\/10291FD3-50CC-4E82-A72C-8A5CC57A9769\/esquiador-15-anos-herido-grave-alud-candanchu-huesca_92.jpg?crop=640,359,x0,y0&amp;width=390&amp;height=219&amp;optimize=high&amp;format=webply\" width=\"390\" height=\"219\"><source media=\"(max-width: 320px)\" srcset=\"https:\/\/fotografias.antena3.com\/clipping\/cmsimages01\/2025\/03\/10\/10291FD3-50CC-4E82-A72C-8A5CC57A9769\/esquiador-15-anos-herido-grave-alud-candanchu-huesca_52.jpg?crop=640,360,x0,y0&amp;width=320&amp;height=180&amp;optimize=high&amp;format=webply\" width=\"320\" height=\"180\"><img decoding=\"async\" title=\"Un Esquiador de 15 A\u00f1os, Herido Grave por Un alud en Candanch\u00fa (Huesca)\" alt=\"Un Esquiador de 15 A\u00f1os, Herido Grave por Un alud en Candanch\u00fa (Huesca)\" width=\"480\" height=\"270\" src=\"https:\/\/fotografias.antena3.com\/clipping\/cmsimages01\/2025\/03\/10\/10291FD3-50CC-4E82-A72C-8A5CC57A9769\/esquiador-15-anos-herido-grave-alud-candanchu-huesca_70.jpg?crop=640,360,x0,y0&amp;width=480&amp;height=270&amp;optimize=high&amp;format=webply\" loading=\"lazy\" class=\"lazy\"\/><br \/>\n  <\/source><\/source><\/source><\/source><\/picture>\n <\/div>\n<\/div><\/div>\n<\/p><\/div>\n<\/div>\n\n","protected":false},"excerpt":{"rendered":"<p>La Atleta Espa\u00f1ola Ana Peleteiro ha visitado El Hormiguero solo bronceado unos d\u00edas desespu\u00e9s de hacerse con la Medalla de Oro en Los Europa de Pista Cubierta En Apeldoorn (Pa\u00edses Bajos) con su mejor triple salto de la temporada (14,37). \u00abEl Hormiguero me llame Antes incluso de Ganar El Oro\u00bb Peleteiro, Antes de Entar en &hellip;<\/p>\n","protected":false},"author":1,"featured_media":18064,"comment_status":"open","ping_status":"open","sticky":false,"template":"","format":"standard","meta":{"fifu_image_url":"https:\/\/fotografias.antena3.com\/clipping\/cmsimages01\/2025\/03\/10\/385DBB27-08F6-4428-9877-D441E7863C13\/ana-peleteiro-hormiguero_69.jpg?crop=1578,888,x0,y0&width=1280&height=720&optimize=low&format=jpg","fifu_image_alt":"","footnotes":""},"categories":[6],"tags":[],"class_list":["post-18062","post","type-post","status-publish","format-standard","has-post-thumbnail","","category-deportes"],"_links":{"self":[{"href":"https:\/\/noticiasveraces.com\/index.php?rest_route=\/wp\/v2\/posts\/18062","targetHints":{"allow":["GET"]}}],"collection":[{"href":"https:\/\/noticiasveraces.com\/index.php?rest_route=\/wp\/v2\/posts"}],"about":[{"href":"https:\/\/noticiasveraces.com\/index.php?rest_route=\/wp\/v2\/types\/post"}],"author":[{"embeddable":true,"href":"https:\/\/noticiasveraces.com\/index.php?rest_route=\/wp\/v2\/users\/1"}],"replies":[{"embeddable":true,"href":"https:\/\/noticiasveraces.com\/index.php?rest_route=%2Fwp%2Fv2%2Fcomments&post=18062"}],"version-history":[{"count":0,"href":"https:\/\/noticiasveraces.com\/index.php?rest_route=\/wp\/v2\/posts\/18062\/revisions"}],"wp:featuredmedia":[{"embeddable":true,"href":"https:\/\/noticiasveraces.com\/index.php?rest_route=\/wp\/v2\/media\/18064"}],"wp:attachment":[{"href":"https:\/\/noticiasveraces.com\/index.php?rest_route=%2Fwp%2Fv2%2Fmedia&parent=18062"}],"wp:term":[{"taxonomy":"category","embeddable":true,"href":"https:\/\/noticiasveraces.com\/index.php?rest_route=%2Fwp%2Fv2%2Fcategories&post=18062"},{"taxonomy":"post_tag","embeddable":true,"href":"https:\/\/noticiasveraces.com\/index.php?rest_route=%2Fwp%2Fv2%2Ftags&post=18062"}],"curies":[{"name":"wp","href":"https:\/\/api.w.org\/{rel}","templated":true}]}}