{"id":18060,"date":"2025-03-10T19:45:15","date_gmt":"2025-03-10T23:45:15","guid":{"rendered":"https:\/\/noticiasveraces.com\/?p=18060"},"modified":"2025-03-10T19:45:15","modified_gmt":"2025-03-10T23:45:15","slug":"cual-es-el-plan-de-trump-para-los-balcanes-dw-10-03-2025","status":"publish","type":"post","link":"https:\/\/noticiasveraces.com\/?p=18060","title":{"rendered":"\u00bfCu\u00e1l es el Plan de Trump para los Balcanes? &#8211; DW &#8211; 10\/03\/2025"},"content":{"rendered":"<p> \n<\/p>\n<div>\n<p>Los Tres Conflictos Yugoslavos de la D\u00e9cada de 1990-en Croacia (1991-95), Bosnia y Herzegovina (1992-95) y Kosovo (1999)-Fueron Finalment Resuortos Bajo El Liderazgo de Estados Unidos. Desde Entonces, Dos misiones militares Dirigidas por la ue y la otan Garantizan la Paz en Bosnia y Kosovo. No obstante, la situaci\u00f3n en los Balcanes occidentales se ha ido ido deteriorando contin\u00faa durante los \u00datimos dos a\u00f1os.<\/p>\n<h2>Espiral de Violencia Desde Diciembre de 2022<\/h2>\n<p>Desprecios de que los representantes de la minor\u00eda serbia en kosovo, siguyo instrucciones desde belgrado, la capital serbia, abandonaran las instituciones del estado kosovar \u2014justicia, Polic\u00eda y administraci\u00f3n-, el presidente de la serbio aleksandar Vucic desplega tropas en la fontera nortes delg\u00e1dula vecino.<\/p>\n<p>El exdiplom\u00e1tico Alem\u00e1n Wolfgang Ischinger Acus\u00f3 A Vucic de Querer \u00abJugar a Ser Un Peque\u00f1o Putin\u00bb. \u00abMe parece escandaloso c\u00f3mo vucic y el liderazgo serbio est\u00e1n avivando el conflicto. Atribuyo Toda la culpa de esta escalada exclusivamente a belgrado\u00bb.<\/p>\n<p>Vucic, Por Su Parte, Afirm\u00f3 que su eJ\u00e9rcito Proteger\u00eda a la Minor\u00eda Serbia en Kosovo. La Dirigencia en Belgrado Sigue Refiri\u00e9ndosa a Kosovo, Que Dej\u00f3 de Estar Bajo Control Serbio en 1999, como \u00abNuestra Provincia del Sur\u00bb.<\/p>\n<p>A LARGO DE 2023, la situaci\u00f3n se agrav\u00f3 a\u00fan m\u00e1s: en may\u00f3n, Grupos serbios violentos hirierones a 90 salidos de la misi\u00f3n de Paz de la otan en kosovo (kfor).<\/p>\n<p><span data-slot-id=\"Article_InContent-1\" class=\"rich-text-ad\"\/><\/p>\n<h2>Escalada en Kosovo<\/h2>\n<p>En septiembre de 2023, se Produjeron Enfentamientos Cerca del Monasterio Ortodoxo Serbio de Banjska, en El Norte de Kosovo, Entre Paramilitares Serbios y Polic\u00edas Kosovares. Cuatro Personas Murieron, Y Decenas de Paramilitares Serbios, Dirigidos por Un Cercano A Vucic, Lograron Huir A Serbia. Dejaron Atr\u00e1s un Moderno Arsenal de Armas de Guerra, Valorado en Millones, Proveniente de los Dep\u00f3sitos del Ej\u00e9rcito Serbio, Suficiente para equipario a m\u00e1s de 100 combatientes.<\/p>\n<p>TODO INDICA QUE SE PlaneABa UNA Operaci\u00f3n Militar del alcalde Envergadura, Posibilidad de Ocupar Los Cuatro Municipios del Norte de Kosovo Donde la Minor\u00eda Serbia Es Mayoritaria, en un pa\u00eds predominante Alban\u00e9s.<\/p>\n<h2>Amenaza contra bosnia<\/h2>\n<p>El 26 de febrero de 2025, El Viceprimer Ministro Serbio, Aleksandar Vulin, Lanz\u00f3 una Amenaza a otro pa\u00eds Vecino de Serbia Durante una visita a Mosc\u00fa: \u00abBosnia Nunca Ha Estado Tan Cerca de su Fin\u00bb.<\/p>\n<p>Pocas Horas Antes, El Tribunal Estatal de Bosnia Hab\u00eda Condenado A Milorad Dodik, Presidente Secesionista de la \u00abEntidad\u00bb Serbia del Pa\u00eds, La Rep\u00fablica Srpska (RS), un A\u00f1o de Prisi\u00f3nico y Seis a\u00f1os de Inhabilitacienn Para Ejercer Pogulicos P\u00fasos.<\/p>\n<p>Dodik Hab\u00eda Advertido Que una Sentencia Condenatoria Contra Conl Podr\u00eda Ser Un \u00abGolpe Mortal\u00bb para Bosnia.<\/p>\n<figure class=\"placeholder-image master_landscape big\"><img data-format=\"MASTER_LANDSCAPE\" data-id=\"71764825\" data-url=\"https:\/\/static.dw.com\/image\/71764825_${formatId}.jpg\" data-aspect-ratio=\"16\/9\" alt=\"Dos Hombres de Pie Delante de Atriles Con Micr\u00f3fonos, Detr\u00e1s de Ellos Se Ven Letras Cir\u00edlicas.\" style=\"padding-bottom: 56.25%; height: 0; max-height: 0;\"\/><figcaption class=\"img-caption\">El Presidente de Serbia Aleksandar Vucic (i.) Con el Presidente de la Entidad Bosnia Republica Srpska, en una Rueda de Prensa, el 26 de febrero de 2025.<small class=\"copyright\">Imagen: Miomir Jakovljevic\/Anadolu\/Picture Alliance<\/small><\/figcaption><\/figure>\n<h2>Vucic Cadada Vez M\u00e1s Autocr con<\/h2>\n<p>Dentro de Serbia, El R\u00e9gimen de Vucic Maestra Rasgos Cada Vez M\u00e1s Autocrafos. Observadores Electorales ya consideraron que las eleciones de Diciembre de 2023 No Fueron ni libres ni justas. LA ONG Human Rights Watch presenta un Panorama Sombre Sobre la Libertad de Prensa en ise Pa\u00eds.<\/p>\n<p>En El \u00cdndice de Libertad de Prensa de Reportersos Sin Fronteras, Serbia Cay\u00f3 del PUESTO 91 AL 98, Situ\u00e1nDosa Detr\u00e1s de Tanzania.<\/p>\n<p>Amnist\u00eda Internacional Revel\u00f3 que El Gobierno Serbio Utiliza <em>software <\/em>de espionaje Ilegal para vigilar a la oposici\u00f3nica.<\/p>\n<h2>Advertencia Desde ee. Uu.<\/h2>\n<p>Los planos para Los Balcanes Occidentales del Presidente Estadounidense, Donald Trump, Siguen Sido Desconocidos. Sin embargo, un Empresarial Nivel, Tanto Enl como sus compon\u00edas, tienen intereses en Serbia y Albania.<\/p>\n<p>El C\u00edrculo Cercano de Trump no Ocula que Belgrado, Aliada de Mosc\u00fa, es su favorita en el Sureste de Europa. DESDE EL FIN DE LAS GUERRAS YUGOSLAVAS, ESTADOS UNIDOS Ha Sido el Principal Mediador en Los M\u00faltiples Conflicttos en la regi\u00f3n. Por ello, existe un gran temor a que Washington deje de desempe\u00f1a ESe Papel en el Futuro.<\/p>\n<p>El 8 de Marzo, El Secretario de Estado de Ee. Uu., Marco Rubio, Envi\u00f3 un Mensaje en x Dirigido A Dodik: \u00abLAS Acciones del Presidente de la Rep\u00fanblica Srpska, Milorad Dodik, Socavan Lasuciones de las Instituciones de Bosnia y Herzegovina y Amenazan SuguriDad y Estabilidad &#8230; Hacemos un Llamado a Nuestros Socios en la Socios de amenaz\u00e1n y amenazos. Unan A Nosotros y Enfenten este Comportamiento Peligroso y desestabilizador \u00ab.<\/p>\n<h2>Apoyo a dodik por parte de giuliani<\/h2>\n<p>Sin embargo, el 25 de febrero, Rudy Giuliani, Cercano A Trump, expreso Su Apoyo A Dodik. Durante una visita a Banja Luka, Capital de la Rep\u00fablica Srpska, Llev\u00f3 una Gorra Con El Lema \u00abMake [Rep\u00fablica] Srpska Great Again \u00ab, en Alusi\u00f3n Al Eslogan de Trump.<\/p>\n<p>Pero su intento de Respaldo se convirti\u00f3 en una situaci\u00f3n embarazosa para dodik: en una entrevista el 27 de febrero, giuliani se refiri\u00f3 varias veces al l\u00edder serbio como \u00abbosnio\u00bb. Para El el Ultranacionalista Serbio Dodik, EST Result\u00f3 Vislemento Inc\u00f3modo.<\/p>\n<p>(GG\/RML)<\/p>\n<\/div>\n\n","protected":false},"excerpt":{"rendered":"<p>Los Tres Conflictos Yugoslavos de la D\u00e9cada de 1990-en Croacia (1991-95), Bosnia y Herzegovina (1992-95) y Kosovo (1999)-Fueron Finalment Resuortos Bajo El Liderazgo de Estados Unidos. Desde Entonces, Dos misiones militares Dirigidas por la ue y la otan Garantizan la Paz en Bosnia y Kosovo. No obstante, la situaci\u00f3n en los Balcanes occidentales se ha &hellip;<\/p>\n","protected":false},"author":1,"featured_media":18061,"comment_status":"open","ping_status":"open","sticky":false,"template":"","format":"standard","meta":{"fifu_image_url":"https:\/\/static.dw.com\/image\/71749984_6.jpg","fifu_image_alt":"","footnotes":""},"categories":[13],"tags":[],"class_list":["post-18060","post","type-post","status-publish","format-standard","has-post-thumbnail","","category-mundo"],"_links":{"self":[{"href":"https:\/\/noticiasveraces.com\/index.php?rest_route=\/wp\/v2\/posts\/18060","targetHints":{"allow":["GET"]}}],"collection":[{"href":"https:\/\/noticiasveraces.com\/index.php?rest_route=\/wp\/v2\/posts"}],"about":[{"href":"https:\/\/noticiasveraces.com\/index.php?rest_route=\/wp\/v2\/types\/post"}],"author":[{"embeddable":true,"href":"https:\/\/noticiasveraces.com\/index.php?rest_route=\/wp\/v2\/users\/1"}],"replies":[{"embeddable":true,"href":"https:\/\/noticiasveraces.com\/index.php?rest_route=%2Fwp%2Fv2%2Fcomments&post=18060"}],"version-history":[{"count":0,"href":"https:\/\/noticiasveraces.com\/index.php?rest_route=\/wp\/v2\/posts\/18060\/revisions"}],"wp:featuredmedia":[{"embeddable":true,"href":"https:\/\/noticiasveraces.com\/index.php?rest_route=\/wp\/v2\/media\/18061"}],"wp:attachment":[{"href":"https:\/\/noticiasveraces.com\/index.php?rest_route=%2Fwp%2Fv2%2Fmedia&parent=18060"}],"wp:term":[{"taxonomy":"category","embeddable":true,"href":"https:\/\/noticiasveraces.com\/index.php?rest_route=%2Fwp%2Fv2%2Fcategories&post=18060"},{"taxonomy":"post_tag","embeddable":true,"href":"https:\/\/noticiasveraces.com\/index.php?rest_route=%2Fwp%2Fv2%2Ftags&post=18060"}],"curies":[{"name":"wp","href":"https:\/\/api.w.org\/{rel}","templated":true}]}}