{"id":18026,"date":"2025-03-10T14:00:22","date_gmt":"2025-03-10T18:00:22","guid":{"rendered":"https:\/\/noticiasveraces.com\/?p=18026"},"modified":"2025-03-10T14:00:22","modified_gmt":"2025-03-10T18:00:22","slug":"asi-es-el-nombre-que-tenderra-el-circuito-del-gp-de-madrid-de-formula-1","status":"publish","type":"post","link":"https:\/\/noticiasveraces.com\/?p=18026","title":{"rendered":"As\u00ed es el nombre que tenderr\u00e1 el Circuito del GP de Madrid de F\u00f3rmula 1"},"content":{"rendered":"<p> \n<\/p>\n<div id=\"intext\">\n<p>&#8216;<b>Locura<\/b>&#8216;, as\u00ed se ha apodado al Circuito de <u>F\u00f3rmula 1<\/u> que acoger\u00e1 el <b>Gran Premio de Madrid en 2026<\/b>. Este Mismo lunes lo ha comunicado la cuenta oficial del torneo en sus redes sociales.<\/p>\n<p>Desde la Organizaci\u00f3n Definden As\u00ed El Nombre Elegido y lo de Este Sugiere: \u00abVa m\u00e1s All\u00e1 de la Pista y Que es una Invitaci\u00f3n A <u>Disfrutar de una Experimencia \u00fanica en una ciudad y una regi\u00f3n apasionante<\/u>\u00ab. Est\u00e1 Claro que lo se buscar\u00e1 ser\u00e1, adem\u00e1s de un Brillante Espect\u00e1culo AutoStoNstico con Las Grandes Estrellas de la F1, es de ReCer Una Experimencia \u00fanica a Los Espectadores que se veplacen Hasta El Circuito.<\/p>\n<h2 class=\"title-h2\">Madrid, Primera Gran Capital Europea en Acoger Un GP<\/h2>\n<p>Adem\u00e1s, Desde la P\u00e1gina Web Oficial, Reci\u00e9n Estrenada, Explican Con Detalle El Significaci\u00f3n y El Por Qu\u00e9 del Nuevo Nombre (&#8216;Madring&#8217;): \u00ab<b>Madrid es la Primera Gran Capital Europea que Acoger\u00e1 Un Gran Premio de F1<\/b>De Ah\u00ed Que El Nombre del Circuito, Madring, Contenga Su Identificaci\u00f3 Espacial, en combinaci\u00f3n con la palabra &#8216;<b>anillo<\/b>&#8216;, Que es una Manera de referirse un loss <u>trazados<\/u> en el Mundo de la F1. Se consigue as\u00ed una dise\u00f1o moderna y real, alineada con el nuevo concepto de circuito Espect\u00e1culo, Al Estilo de Abu Dhabi, Miami y Las Vegas, donde el Evento en S\u00ed Traspasa los Limites de la Pista e Invita a Vivirlo A ToDa LA Sociedad Local. Porque Efectivamete, Madrid se Ver\u00e1 Impregnada de M\u00faltiples Actividadas E Iniciativas de Entretenimiento Vinculadas Con la f1 anties, Despu\u00e9s y Durante la Celebraci\u00f3n Del Gran Premio \u00ab, Se Apunta.<\/p>\n<h2 class=\"title-h2\">\u00bfQu\u00e9 se busca con el nombre?<\/h2>\n<p>Por otra parte, con el nombre se busca una relaci\u00f3n directa con la Ciudad, la F\u00f3rmula 1 y Las Carreras. Como se detalla en el comunicado de la organizaci\u00f3n, habitual de los aficionados de la f\u00f3rmula 1 recuerdan o se refieren a Los Grandes Premios Con El <b>Nombre de la Ciudad<\/b> en la que se disputan (Brasil, Miami, Las Vegas, M\u00f3naco, Australia &#8230;) Aunque Su Nombre de Nacimiento\/Marca Sea Diferente.<\/p>\n<p>\u00abTiene una identidad corta y directa, con referencia al Lugar Donde se celebra; <b>f\u00e1cil de registro, y que no necesita comercio<\/b>\u00ab, Explicano, Un Estilo Parecido A &#8216;<b>H\u00fangaro<\/b>&#8216;. En resumen, un nombre Corto, modernos y directo que a\u00fana las dos cuaracter\u00edsticas m\u00e1s importantes: Ciudad y deporte.<\/p>\n<p>El Gran Premio Acoger\u00e1 Su Primera Edici\u00f3nis EN 2026, Y TIENE Firmado Contrato Hasta 2035, Por lo que los Amantes de la F\u00f3rmula 1 Disfrutar\u00e1n al Menos del Gran Circo Durante una D\u00e9cada. <b>Carlos Sainz y Fernando Alonso Ser\u00e1n Los Grandes RECLAMOS<\/b> de la Primera Edici\u00f3n, La Cual Tambi\u00e9n Podr\u00eda Ser la Primera y \u00daltima del Asturiano (Termina Contrato Con Aston Martin A Final De ESe A\u00f1o).<\/p>\n<p>La F\u00f3rmula 1, Por Su Parte, Abrir\u00e1 El Tel\u00f3n de la Temporada 2025 Este Pr\u00f3ximo Fin de Semana Con el GP de Australia (14-16).<\/p>\n<p><i>S\u00edguenos en nuestro canal de whatsapp y no te Pierdas la \u00daLtima Hora y Toda la actualidad de antena3noticias.com<\/i><\/p>\n<div class=\"recirculation-video\" data-mod=\"a3mod_recirculation_video\">\n<div class=\"recirculation-video-wrapper\">\n<div>\n<div class=\"video-wrapper\">\n  <picture class=\"video-main-picture\"><source media=\"(min-width: 481px)\" srcset=\"https:\/\/fotografias.antena3.com\/clipping\/cmsimages02\/2025\/03\/10\/88904835-6F7E-4738-A198-20239E0AFC8A\/hansi-flick-rueda-prensa_94.jpg?crop=1920,1080,x0,y87&amp;width=800&amp;height=450&amp;optimize=medium&amp;format=webply\" width=\"800\" height=\"450\"><source media=\"(min-width: 391px) and (max-width: 480px)\" srcset=\"https:\/\/fotografias.antena3.com\/clipping\/cmsimages02\/2025\/03\/10\/88904835-6F7E-4738-A198-20239E0AFC8A\/hansi-flick-rueda-prensa_70.jpg?crop=1920,1080,x0,y87&amp;width=480&amp;height=270&amp;optimize=high&amp;format=webply\" width=\"480\" height=\"270\"><source media=\"(min-width: 321px) and (max-width: 390px)\" srcset=\"https:\/\/fotografias.antena3.com\/clipping\/cmsimages02\/2025\/03\/10\/88904835-6F7E-4738-A198-20239E0AFC8A\/hansi-flick-rueda-prensa_92.jpg?crop=1920,1078,x0,y88&amp;width=390&amp;height=219&amp;optimize=high&amp;format=webply\" width=\"390\" height=\"219\"><source media=\"(max-width: 320px)\" srcset=\"https:\/\/fotografias.antena3.com\/clipping\/cmsimages02\/2025\/03\/10\/88904835-6F7E-4738-A198-20239E0AFC8A\/hansi-flick-rueda-prensa_52.jpg?crop=1920,1080,x0,y87&amp;width=320&amp;height=180&amp;optimize=high&amp;format=webply\" width=\"320\" height=\"180\"><img decoding=\"async\" title=\"Hansi Flick en Rueda de Prensa\" alt=\"Hansi Flick en Rueda de Prensa\" width=\"480\" height=\"270\" src=\"https:\/\/fotografias.antena3.com\/clipping\/cmsimages02\/2025\/03\/10\/88904835-6F7E-4738-A198-20239E0AFC8A\/hansi-flick-rueda-prensa_70.jpg?crop=1920,1080,x0,y87&amp;width=480&amp;height=270&amp;optimize=high&amp;format=webply\" loading=\"lazy\" class=\"lazy\"\/><br \/>\n  <\/source><\/source><\/source><\/source><\/picture>\n <\/div>\n<\/div><\/div>\n<\/p><\/div>\n<\/div>\n\n","protected":false},"excerpt":{"rendered":"<p>&#8216;Locura&#8216;, as\u00ed se ha apodado al Circuito de F\u00f3rmula 1 que acoger\u00e1 el Gran Premio de Madrid en 2026. Este Mismo lunes lo ha comunicado la cuenta oficial del torneo en sus redes sociales. Desde la Organizaci\u00f3n Definden As\u00ed El Nombre Elegido y lo de Este Sugiere: \u00abVa m\u00e1s All\u00e1 de la Pista y Que &hellip;<\/p>\n","protected":false},"author":1,"featured_media":18028,"comment_status":"open","ping_status":"open","sticky":false,"template":"","format":"standard","meta":{"fifu_image_url":"https:\/\/fotografias.antena3.com\/clipping\/cmsimages01\/2025\/03\/10\/7B93D4F1-79A7-4E53-BCF8-5FF9A315AEFD\/madrid-ifema_69.jpg?crop=8192,4608,x0,y0&width=1280&height=720&optimize=low&format=jpg","fifu_image_alt":"","footnotes":""},"categories":[6],"tags":[],"class_list":["post-18026","post","type-post","status-publish","format-standard","has-post-thumbnail","","category-deportes"],"_links":{"self":[{"href":"https:\/\/noticiasveraces.com\/index.php?rest_route=\/wp\/v2\/posts\/18026","targetHints":{"allow":["GET"]}}],"collection":[{"href":"https:\/\/noticiasveraces.com\/index.php?rest_route=\/wp\/v2\/posts"}],"about":[{"href":"https:\/\/noticiasveraces.com\/index.php?rest_route=\/wp\/v2\/types\/post"}],"author":[{"embeddable":true,"href":"https:\/\/noticiasveraces.com\/index.php?rest_route=\/wp\/v2\/users\/1"}],"replies":[{"embeddable":true,"href":"https:\/\/noticiasveraces.com\/index.php?rest_route=%2Fwp%2Fv2%2Fcomments&post=18026"}],"version-history":[{"count":0,"href":"https:\/\/noticiasveraces.com\/index.php?rest_route=\/wp\/v2\/posts\/18026\/revisions"}],"wp:featuredmedia":[{"embeddable":true,"href":"https:\/\/noticiasveraces.com\/index.php?rest_route=\/wp\/v2\/media\/18028"}],"wp:attachment":[{"href":"https:\/\/noticiasveraces.com\/index.php?rest_route=%2Fwp%2Fv2%2Fmedia&parent=18026"}],"wp:term":[{"taxonomy":"category","embeddable":true,"href":"https:\/\/noticiasveraces.com\/index.php?rest_route=%2Fwp%2Fv2%2Fcategories&post=18026"},{"taxonomy":"post_tag","embeddable":true,"href":"https:\/\/noticiasveraces.com\/index.php?rest_route=%2Fwp%2Fv2%2Ftags&post=18026"}],"curies":[{"name":"wp","href":"https:\/\/api.w.org\/{rel}","templated":true}]}}