{"id":17968,"date":"2025-03-10T03:58:26","date_gmt":"2025-03-10T07:58:26","guid":{"rendered":"https:\/\/noticiasveraces.com\/?p=17968"},"modified":"2025-03-10T03:58:26","modified_gmt":"2025-03-10T07:58:26","slug":"trump-preve-un-periodo-de-transicion-economica-en-ee-uu-dw-10-03-2025","status":"publish","type":"post","link":"https:\/\/noticiasveraces.com\/?p=17968","title":{"rendered":"Trump Prev\u00e9 Un \u00abPER\u00cdODO DE TRANSICI\u00d3N\u00bb ECON\u00d3MICA EN EE.UU. &#8211; DW &#8211; 10\/03\/2025"},"content":{"rendered":"<p> \n<\/p>\n<div>\n<p>El Presidente de Estados Unidos, Donald Trump, Dijo El Domingo (09.03.2025) Que Prev\u00e9 Un \u00abPer\u00edado de Transici\u00f3nis\u00bb Econ\u00f3mica Marcar por Los Aranceles que Ha Impuesto o Pretende Imponer a Los Bienes de Ootros Pa\u00edses.<\/p>\n<p>Entrevistado por la Cadena Conservadora Fox News Sobre Algunos Datos que Apuntan A Una recesio Este A\u00f1o, Trump Respondi\u00f3: \u00abOdio Predecir Cosas Como Esa. Hay un Per\u00edodo de Transici\u00f3nico, Porque lo de Estamos Hacido Es Muy Grande, Estamos Trayendo A la Riqueza A Estados de Neo de Neo\u00bb.<\/p>\n<p>Un Bordo del Air Force One, De R\u00e9gro de Su Fin de Semana en Mar-a-Lago, Trump aclar\u00f3 que es normal Dudar Sobre la Posibilidad de Que Estados Unidos Entre en recesi\u00f3n. \u00ab\u00bfQui\u00e9n Sabe? Lo \u00fanico que les Puedo Defir es que vamos a Recaudar Cientos de Miles de Millones en aranceles y nos vamos a Volver tan ricos que no vamos a saber c\u00f3mo gastar todo he dinero\u00bb.<\/p>\n<h2>\u00abAranceles rec\u00edprocos\u00bb<\/h2>\n<p>Trump tuvo que abordar los vaivenes en los aranceles de su gobierno a m\u00e9xico y canad\u00e1, y adelant\u00f3 que el 2 de Abril Enver\u00e1n en vigor los \u00abAranceles rec\u00edprocos\u00bb, Insistiendo en Que tienen Sentido porque Ootros Pa\u00edses Est\u00e1n \u00abEstafando\u00bb al suyo. <\/p>\n<p>Desde su regreso a la Casa Blanca, Trump ha amenazado con aranceles A M\u00e9xico, Canad\u00e1 y China, Entre otros Pa\u00edses, y ha aplicado las tasas para, en algunos casos, revertirla temporalmente, como en el caso de los bienes en el acuerdo t-mec con-meciSos.<\/p>\n<p>\u00abVamos a Atraer Trabajos, Vamos a Volver a Abrir F\u00e1bricas\u00bb, Prometi\u00f3 en las declaraciones esta Tarde a la Prensa Antes de Aterrizar en Washington.<\/p>\n<p>Respeto a la pausa en los aranceles al sector automotor, total de integrado entre los tres pa\u00edses, declarar\u00f3 que lo hizo porque Quer\u00eda \u00abayuda a los fabricantes estadounidenses\u00bb y les dio \u00abun peque\u00f1o respiro\u00bb, pero soostuvo que los grav\u00e1menes \u00abPueden subir\u00bb M\u00e1s \u00abadelento.<\/p>\n<p>Adem\u00e1s, Trump rechaz\u00f3 evaluar esas polyticas seg\u00fan el impacto en el mercado de valores y propuso el modelo de segumiento econ\u00f3mico chino: \u00abSi Miran a China, Ellos tienen una perspectiva de 100 a\u00f1os. dijo.<\/p>\n<p>GS (EFE, AFP)<\/p>\n<div class=\"vjs-wrapper embed big\">\n<h2 aria-label=\"Video integrado \u2014 Hecho en Alemania - Desaf\u00edos para Europa\" class=\"headline\"><svg xmlns=\"http:\/\/www.w3.org\/2000\/svg\" viewbox=\"0 0 20 20\"><g fill-rule=\"evenodd\"><path d=\"M14.114 7.599H13.5l.002 4.706h.601l4.582 3.25-.005-11.11zM11.084 4.444l-9.007.002-1.336.797.002 9.514 1.334.793 9.007.006 1.509-.799-.004-9.516z\"\/><\/g><\/svg>Hecho en Alemania &#8211; Desaf\u00edos para europa<\/h2>\n<p><video id=\"video-71749091\" controls=\"\" playsinline=\"\" preload=\"none\" poster=\"data:image\/png;base64,iVBORw0KGgoAAAANSUhEUgAAAAEAAAABCAQAAAC1HAwCAAAAC0lEQVR42mNkYAAAAAYAAjCB0C8AAAAASUVORK5CYII=\" data-id=\"71749091\" data-posterurl=\"https:\/\/static.dw.com\/image\/71700112_605.webp\" data-duration=\"26:04\"><source src=\"https:\/\/hlsvod.dw.com\/i\/dwtv_video\/flv\/hea\/hea250226_gesamt_,AVC_480x270,AVC_512x288,AVC_640x360,AVC_960x540,AVC_1280x720,AVC_1920x1080,.mp4.csmil\/master.m3u8\" type=\"application\/x-mpegURL\"><source src=\"https:\/\/tvdownloaddw-a.akamaihd.net\/dwtv_video\/flv\/hea\/hea250226_gesamt_AVC_1920x1080.mp4\" type=\"video\/mp4\"><p class=\"vjs-no-js\">Para ver este video, habilite JavaScript y considere actualizar a un navegador web que admite el video HTML5<\/p>\n<p><\/source><\/source><\/video><\/div>\n<\/div>\n\n","protected":false},"excerpt":{"rendered":"<p>El Presidente de Estados Unidos, Donald Trump, Dijo El Domingo (09.03.2025) Que Prev\u00e9 Un \u00abPer\u00edado de Transici\u00f3nis\u00bb Econ\u00f3mica Marcar por Los Aranceles que Ha Impuesto o Pretende Imponer a Los Bienes de Ootros Pa\u00edses. Entrevistado por la Cadena Conservadora Fox News Sobre Algunos Datos que Apuntan A Una recesio Este A\u00f1o, Trump Respondi\u00f3: \u00abOdio Predecir &hellip;<\/p>\n","protected":false},"author":1,"featured_media":17969,"comment_status":"open","ping_status":"open","sticky":false,"template":"","format":"standard","meta":{"fifu_image_url":"https:\/\/static.dw.com\/image\/71411746_6.jpg","fifu_image_alt":"","footnotes":""},"categories":[13],"tags":[],"class_list":["post-17968","post","type-post","status-publish","format-standard","has-post-thumbnail","","category-mundo"],"_links":{"self":[{"href":"https:\/\/noticiasveraces.com\/index.php?rest_route=\/wp\/v2\/posts\/17968","targetHints":{"allow":["GET"]}}],"collection":[{"href":"https:\/\/noticiasveraces.com\/index.php?rest_route=\/wp\/v2\/posts"}],"about":[{"href":"https:\/\/noticiasveraces.com\/index.php?rest_route=\/wp\/v2\/types\/post"}],"author":[{"embeddable":true,"href":"https:\/\/noticiasveraces.com\/index.php?rest_route=\/wp\/v2\/users\/1"}],"replies":[{"embeddable":true,"href":"https:\/\/noticiasveraces.com\/index.php?rest_route=%2Fwp%2Fv2%2Fcomments&post=17968"}],"version-history":[{"count":0,"href":"https:\/\/noticiasveraces.com\/index.php?rest_route=\/wp\/v2\/posts\/17968\/revisions"}],"wp:featuredmedia":[{"embeddable":true,"href":"https:\/\/noticiasveraces.com\/index.php?rest_route=\/wp\/v2\/media\/17969"}],"wp:attachment":[{"href":"https:\/\/noticiasveraces.com\/index.php?rest_route=%2Fwp%2Fv2%2Fmedia&parent=17968"}],"wp:term":[{"taxonomy":"category","embeddable":true,"href":"https:\/\/noticiasveraces.com\/index.php?rest_route=%2Fwp%2Fv2%2Fcategories&post=17968"},{"taxonomy":"post_tag","embeddable":true,"href":"https:\/\/noticiasveraces.com\/index.php?rest_route=%2Fwp%2Fv2%2Ftags&post=17968"}],"curies":[{"name":"wp","href":"https:\/\/api.w.org\/{rel}","templated":true}]}}