{"id":17944,"date":"2025-03-09T22:41:29","date_gmt":"2025-03-10T02:41:29","guid":{"rendered":"https:\/\/noticiasveraces.com\/?p=17944"},"modified":"2025-03-09T22:41:29","modified_gmt":"2025-03-10T02:41:29","slug":"frontrunner-en-las-anuladas-elecciones-presidenciales-de-rumania-prohibidas-de-la-raza","status":"publish","type":"post","link":"https:\/\/noticiasveraces.com\/?p=17944","title":{"rendered":"Frontrunner en las anuladas elecciones presidenciales de Rumania prohibidas de la raza"},"content":{"rendered":"<p> \n<\/p>\n<div>\n<p class=\"speakable\">La autoridad electoral central de Rumania ha prohibido a Calin Georgescu, un candidato populista y favorito, de la ejecuci\u00f3n de elecciones presidenciales de mayo.<\/p>\n<p class=\"speakable\">\u00abEuropa ahora es una dictadura, \u00a1Rumania est\u00e1 bajo tiran\u00eda!\u00bb Georgescu dijo en una publicaci\u00f3n sobre X, despu\u00e9s de la decisi\u00f3n. \u00ab\u00a1Me queda un mensaje! Si la democracia en Rumania cae, \u00a1todo el mundo democr\u00e1tico caer\u00e1!\u00bb<\/p>\n<p>La administraci\u00f3n de Trump se ha interesado en las elecciones presidenciales de Rumania desde que se cancel\u00f3 en mayo debido a las acusaciones de colusi\u00f3n rusa a favor de Georgescu. <\/p>\n<p>El CEO y l\u00edder de SpaceX, Elon Musk, intervino y comparti\u00f3 su reacci\u00f3n a la decisi\u00f3n.<\/p>\n<p><strong>Pelantador presidencial de extrema derecha rumano detenido despu\u00e9s de la reprimenda de las elecciones europeas de JD Vance<\/strong><\/p>\n<div class=\"image-ct inline\">\n<div class=\"m\"><picture><source media=\"(max-width: 767px)\" srcset=\"https:\/\/a57.foxnews.com\/static.foxnews.com\/foxnews.com\/content\/uploads\/2025\/02\/343\/192\/ap25057420145758.jpg?ve=1&amp;tl=1, https:\/\/a57.foxnews.com\/static.foxnews.com\/foxnews.com\/content\/uploads\/2025\/02\/686\/384\/ap25057420145758.jpg?ve=1&amp;tl=1 2x\" height=\"192\" width=\"343\"><source media=\"(min-width: 768px) and (max-width: 1023px)\" srcset=\"https:\/\/a57.foxnews.com\/static.foxnews.com\/foxnews.com\/content\/uploads\/2025\/02\/672\/378\/ap25057420145758.jpg?ve=1&amp;tl=1, https:\/\/a57.foxnews.com\/static.foxnews.com\/foxnews.com\/content\/uploads\/2025\/02\/1344\/756\/ap25057420145758.jpg?ve=1&amp;tl=1 2x\" height=\"378\" width=\"672\"><source media=\"(min-width: 1024px) and (max-width: 1279px)\" srcset=\"https:\/\/a57.foxnews.com\/static.foxnews.com\/foxnews.com\/content\/uploads\/2025\/02\/931\/523\/ap25057420145758.jpg?ve=1&amp;tl=1, https:\/\/a57.foxnews.com\/static.foxnews.com\/foxnews.com\/content\/uploads\/2025\/02\/1862\/1046\/ap25057420145758.jpg?ve=1&amp;tl=1 2x\" height=\"523\" width=\"931\"><source media=\"(min-width: 1280px)\" srcset=\"https:\/\/a57.foxnews.com\/static.foxnews.com\/foxnews.com\/content\/uploads\/2025\/02\/720\/405\/ap25057420145758.jpg?ve=1&amp;tl=1, https:\/\/a57.foxnews.com\/static.foxnews.com\/foxnews.com\/content\/uploads\/2025\/02\/1440\/810\/ap25057420145758.jpg?ve=1&amp;tl=1 2x\" height=\"405\" width=\"720\"><img loading=\"lazy\" decoding=\"async\" src=\"https:\/\/a57.foxnews.com\/static.foxnews.com\/foxnews.com\/content\/uploads\/2025\/02\/1200\/675\/ap25057420145758.jpg?ve=1&amp;tl=1\" alt=\"Recolecci\u00f3n de seguidores de Georgescu\" width=\"1200\" height=\"675\"\/><\/source><\/source><\/source><\/source><\/picture><\/div>\n<div class=\"info\">\n<div class=\"caption\">\n<p><span>Calin Georgescu, el ganador de la primera ronda de elecciones presidenciales de Rumania, anulada por el Tribunal Constitucional, usa muletas caminando entre partidarios reunidos para una protesta fuera del Parlamento rumano en Bucarest, Rumania, s\u00e1bado 22 de febrero de 2025. <\/span> <span>(Photo AP\/Alexandru Dobre, archivo)<\/span><\/p>\n<\/div>\n<\/div>\n<\/div>\n<p>\u00abEsto es una locura\u00bb, escribi\u00f3 Musk en X.<\/p>\n<p>Kari Lake, asesor principal de la administraci\u00f3n de Trump para la Agencia de los Medios Globales de los Medios Globales, tambi\u00e9n reaccion\u00f3 y compar\u00f3 lo que est\u00e1 sucediendo en Rumania con lo que \u00abintentaron con Trump aqu\u00ed en Estados Unidos\u00bb.<\/p>\n<p>\u00ab\u00bfAmas a tu pa\u00eds y quieres ponerlo primero?\u00bb Lake public\u00f3 en X. \u00abEntonces, los globalistas quieren que te hayan sacado de la boleta y silenciado. Lo intentaron con Trump aqu\u00ed en Estados Unidos. Lo hicieron a Bolsanaro en Brasil. Ahora, lo est\u00e1n haciendo a Georgescu en Rumania. La gente deber\u00eda dictar el futuro de su pa\u00eds. No el orden internacional y su corte capturado\u00bb.<\/p>\n<p>Georgescu, quien gan\u00f3 la primera ronda de las elecciones presidenciales canceladas de Rumania el a\u00f1o pasado, fue detenido por los principales fiscales del pa\u00eds en febrero.<\/p>\n<p><strong>Rumania Annuls Primera ronda de voto presidencial ganado por candidato de extrema derecha<\/strong><\/p>\n<div class=\"image-ct inline\">\n<div class=\"m\"><picture><source media=\"(max-width: 767px)\" srcset=\"https:\/\/a57.foxnews.com\/static.foxnews.com\/foxnews.com\/content\/uploads\/2024\/12\/343\/192\/romania-election.jpg?ve=1&amp;tl=1, https:\/\/a57.foxnews.com\/static.foxnews.com\/foxnews.com\/content\/uploads\/2024\/12\/686\/384\/romania-election.jpg?ve=1&amp;tl=1 2x\" height=\"192\" width=\"343\"><source media=\"(min-width: 768px) and (max-width: 1023px)\" srcset=\"https:\/\/a57.foxnews.com\/static.foxnews.com\/foxnews.com\/content\/uploads\/2024\/12\/672\/378\/romania-election.jpg?ve=1&amp;tl=1, https:\/\/a57.foxnews.com\/static.foxnews.com\/foxnews.com\/content\/uploads\/2024\/12\/1344\/756\/romania-election.jpg?ve=1&amp;tl=1 2x\" height=\"378\" width=\"672\"><source media=\"(min-width: 1024px) and (max-width: 1279px)\" srcset=\"https:\/\/a57.foxnews.com\/static.foxnews.com\/foxnews.com\/content\/uploads\/2024\/12\/931\/523\/romania-election.jpg?ve=1&amp;tl=1, https:\/\/a57.foxnews.com\/static.foxnews.com\/foxnews.com\/content\/uploads\/2024\/12\/1862\/1046\/romania-election.jpg?ve=1&amp;tl=1 2x\" height=\"523\" width=\"931\"><source media=\"(min-width: 1280px)\" srcset=\"https:\/\/a57.foxnews.com\/static.foxnews.com\/foxnews.com\/content\/uploads\/2024\/12\/720\/405\/romania-election.jpg?ve=1&amp;tl=1, https:\/\/a57.foxnews.com\/static.foxnews.com\/foxnews.com\/content\/uploads\/2024\/12\/1440\/810\/romania-election.jpg?ve=1&amp;tl=1 2x\" height=\"405\" width=\"720\"><img loading=\"lazy\" decoding=\"async\" src=\"https:\/\/a57.foxnews.com\/static.foxnews.com\/foxnews.com\/content\/uploads\/2024\/12\/1200\/675\/romania-election.jpg?ve=1&amp;tl=1\" alt=\"El candidato presidencial rumano Calin Georgescu se sienta en un escritorio.\" width=\"1200\" height=\"675\"\/><\/source><\/source><\/source><\/source><\/picture><\/div>\n<div class=\"info\">\n<div class=\"caption\">\n<p><span>Calin Georgescu, el candidato independiente de presidencia que gan\u00f3 la primera ronda de elecciones presidenciales, habla despu\u00e9s de una entrevista con Associated Press en Izvorani, Rumania, mi\u00e9rcoles 4 de diciembre de 2024.<\/span> <span>(AP Photo\/Vadim Ghirda)<\/span><\/p>\n<\/div>\n<\/div>\n<\/div>\n<p>El Tribunal Constitucional de Rumania hizo el movimiento sin precedentes para anular las elecciones dos d\u00edas antes de la escorrent\u00eda del 8 de diciembre despu\u00e9s de la victoria de Georgescu en la primera ronda. Hab\u00eda encuestado en un solo d\u00edgito y declar\u00f3 cero gasto de campa\u00f1a, seg\u00fan Associated Press. R\u00e1pidamente surgieron acusaciones de interferencia rusa y violaciones electorales. Despu\u00e9s de la cancelaci\u00f3n de las elecciones, los fiscales iniciaron una investigaci\u00f3n sobre el presunto fraude de financiaci\u00f3n de la campa\u00f1a, as\u00ed como un presunto antisemitismo y discurso de odio. <\/p>\n<p>La administraci\u00f3n Trump ha criticado a Rumania por cancelar las elecciones presidenciales del a\u00f1o pasado, con <u>Vicepresidente JD Vance<\/u> alegando que el fallo del tribunal se bas\u00f3 en \u00absospechas endeble\u00bb y \u00abenorme presi\u00f3n\u00bb de los vecinos de Rumania.<\/p>\n<div class=\"image-ct inline\">\n<div class=\"m\"><picture><source media=\"(max-width: 767px)\" srcset=\"https:\/\/a57.foxnews.com\/static.foxnews.com\/foxnews.com\/content\/uploads\/2025\/02\/343\/192\/vance-georgescu-romania-front-runner.jpg?ve=1&amp;tl=1, https:\/\/a57.foxnews.com\/static.foxnews.com\/foxnews.com\/content\/uploads\/2025\/02\/686\/384\/vance-georgescu-romania-front-runner.jpg?ve=1&amp;tl=1 2x\" height=\"192\" width=\"343\"><source media=\"(min-width: 768px) and (max-width: 1023px)\" srcset=\"https:\/\/a57.foxnews.com\/static.foxnews.com\/foxnews.com\/content\/uploads\/2025\/02\/672\/378\/vance-georgescu-romania-front-runner.jpg?ve=1&amp;tl=1, https:\/\/a57.foxnews.com\/static.foxnews.com\/foxnews.com\/content\/uploads\/2025\/02\/1344\/756\/vance-georgescu-romania-front-runner.jpg?ve=1&amp;tl=1 2x\" height=\"378\" width=\"672\"><source media=\"(min-width: 1024px) and (max-width: 1279px)\" srcset=\"https:\/\/a57.foxnews.com\/static.foxnews.com\/foxnews.com\/content\/uploads\/2025\/02\/931\/523\/vance-georgescu-romania-front-runner.jpg?ve=1&amp;tl=1, https:\/\/a57.foxnews.com\/static.foxnews.com\/foxnews.com\/content\/uploads\/2025\/02\/1862\/1046\/vance-georgescu-romania-front-runner.jpg?ve=1&amp;tl=1 2x\" height=\"523\" width=\"931\"><source media=\"(min-width: 1280px)\" srcset=\"https:\/\/a57.foxnews.com\/static.foxnews.com\/foxnews.com\/content\/uploads\/2025\/02\/720\/405\/vance-georgescu-romania-front-runner.jpg?ve=1&amp;tl=1, https:\/\/a57.foxnews.com\/static.foxnews.com\/foxnews.com\/content\/uploads\/2025\/02\/1440\/810\/vance-georgescu-romania-front-runner.jpg?ve=1&amp;tl=1 2x\" height=\"405\" width=\"720\"><img loading=\"lazy\" decoding=\"async\" src=\"https:\/\/a57.foxnews.com\/static.foxnews.com\/foxnews.com\/content\/uploads\/2025\/02\/1200\/675\/vance-georgescu-romania-front-runner.jpg?ve=1&amp;tl=1\" alt=\"Vance y Georgescu recortado uno al lado del otro\" width=\"1200\" height=\"675\"\/><\/source><\/source><\/source><\/source><\/picture><\/div>\n<div class=\"info\">\n<div class=\"caption\">\n<p><span>JD Vance y Rumania Presidencial Presidencial Georgescu.<\/span> <span>(Getty Images)<\/span><\/p>\n<\/div>\n<\/div>\n<\/div>\n<p>Vance dijo en diciembre: \u00abRumania directamente cancel\u00f3 los resultados de una elecci\u00f3n presidencial basada en las endeble sospechas de una agencia de inteligencia y una enorme presi\u00f3n de sus vecinos continentales\u00bb. <\/p>\n<p>Tambi\u00e9n advirti\u00f3 a los l\u00edderes europeos que no pueden ganar un \u00abmandato democr\u00e1tico\u00bb al \u00abcensurar a sus oponentes o ponerlos en la c\u00e1rcel\u00bb, ni al \u00abignorar a su electorado b\u00e1sico en preguntas como qui\u00e9n puede ser parte de nuestra sociedad compartida\u00bb. <\/p>\n<p>\u00abPara muchos de nosotros al otro lado del Atl\u00e1ntico, se parece cada vez m\u00e1s a los intereses viejos y arraigados que se esconden detr\u00e1s de las palabras feas de la era sovi\u00e9tica como la informaci\u00f3n err\u00f3nea y la desinformaci\u00f3n, a quienes simplemente no le gusta la idea de que alguien con un punto de vista alternativo podr\u00eda expresar una opini\u00f3n diferente o, Dios no lo viene, votar de manera diferente, o incluso peor, ganar una elecci\u00f3n\u00bb, dijo Vance. <\/p>\n<p><strong><u>Haga clic aqu\u00ed para obtener la aplicaci\u00f3n Fox News<\/u><\/strong><\/p>\n<p>Georgescu, un firme cr\u00edtico de la OTAN y el apoyo occidental para Ucrania, ha provocado controversia en el pasado por describir a los l\u00edderes fascistas y nacionalistas rumanos de las d\u00e9cadas de 1930 y 1940 como h\u00e9roes nacionales, seg\u00fan la AP. <\/p>\n<p>Tambi\u00e9n ha elogiado al presidente ruso Vladimir Putin en el pasado como \u00abun hombre que ama a su pa\u00eds\u00bb, y ha llamado a Ucrania \u00abun estado inventado\u00bb.<\/p>\n<p><i>Danielle Wallace, Reuters y The Associated Press de Fox News Digital contribuyeron a este informe. <\/i><\/p>\n<p><i>Stepheny Price es escritora de Fox News Digital y Fox Business. Ella cubre temas que incluyen personas desaparecidas, homicidios, casos nacionales de delitos, inmigraci\u00f3n ilegal y m\u00e1s. Los consejos e ideas de la historia se pueden enviar a stepheny.price@fox.com<\/i><\/p>\n<\/p><\/div>\n\n","protected":false},"excerpt":{"rendered":"<p>La autoridad electoral central de Rumania ha prohibido a Calin Georgescu, un candidato populista y favorito, de la ejecuci\u00f3n de elecciones presidenciales de mayo. \u00abEuropa ahora es una dictadura, \u00a1Rumania est\u00e1 bajo tiran\u00eda!\u00bb Georgescu dijo en una publicaci\u00f3n sobre X, despu\u00e9s de la decisi\u00f3n. \u00ab\u00a1Me queda un mensaje! Si la democracia en Rumania cae, \u00a1todo &hellip;<\/p>\n","protected":false},"author":1,"featured_media":17946,"comment_status":"open","ping_status":"open","sticky":false,"template":"","format":"standard","meta":{"fifu_image_url":"https:\/\/static.foxnews.com\/foxnews.com\/content\/uploads\/2025\/02\/ap25057420145758.jpg","fifu_image_alt":"","footnotes":""},"categories":[13],"tags":[],"class_list":["post-17944","post","type-post","status-publish","format-standard","has-post-thumbnail","","category-mundo"],"_links":{"self":[{"href":"https:\/\/noticiasveraces.com\/index.php?rest_route=\/wp\/v2\/posts\/17944","targetHints":{"allow":["GET"]}}],"collection":[{"href":"https:\/\/noticiasveraces.com\/index.php?rest_route=\/wp\/v2\/posts"}],"about":[{"href":"https:\/\/noticiasveraces.com\/index.php?rest_route=\/wp\/v2\/types\/post"}],"author":[{"embeddable":true,"href":"https:\/\/noticiasveraces.com\/index.php?rest_route=\/wp\/v2\/users\/1"}],"replies":[{"embeddable":true,"href":"https:\/\/noticiasveraces.com\/index.php?rest_route=%2Fwp%2Fv2%2Fcomments&post=17944"}],"version-history":[{"count":0,"href":"https:\/\/noticiasveraces.com\/index.php?rest_route=\/wp\/v2\/posts\/17944\/revisions"}],"wp:featuredmedia":[{"embeddable":true,"href":"https:\/\/noticiasveraces.com\/index.php?rest_route=\/wp\/v2\/media\/17946"}],"wp:attachment":[{"href":"https:\/\/noticiasveraces.com\/index.php?rest_route=%2Fwp%2Fv2%2Fmedia&parent=17944"}],"wp:term":[{"taxonomy":"category","embeddable":true,"href":"https:\/\/noticiasveraces.com\/index.php?rest_route=%2Fwp%2Fv2%2Fcategories&post=17944"},{"taxonomy":"post_tag","embeddable":true,"href":"https:\/\/noticiasveraces.com\/index.php?rest_route=%2Fwp%2Fv2%2Ftags&post=17944"}],"curies":[{"name":"wp","href":"https:\/\/api.w.org\/{rel}","templated":true}]}}