{"id":17930,"date":"2025-03-09T21:14:38","date_gmt":"2025-03-10T01:14:38","guid":{"rendered":"https:\/\/noticiasveraces.com\/?p=17930"},"modified":"2025-03-09T21:14:38","modified_gmt":"2025-03-10T01:14:38","slug":"la-viruela-simica-sigue-sido-una-emergencia-sanitaria-oms","status":"publish","type":"post","link":"https:\/\/noticiasveraces.com\/?p=17930","title":{"rendered":"La Viruela S\u00edmica Sigue Sido una Emergencia Sanitaria: OMS"},"content":{"rendered":"<p> \n<br \/><img decoding=\"async\" src=\"https:\/\/gdb.voanews.com\/70701553-d963-4425-8fad-08dd4a843460_cx0_cy3_cw0_w800_h450.jpg\" \/><\/p>\n<div id=\"article-content\">\n<div class=\"wsw\">\n<span class=\"dateline\">Londres &#8211; <\/span><\/p>\n<p>El Brote de Viruela S\u00edmica Sigue Sido una Emergencia de Salud P\u00fablica, Dijo El Jueves la Organizaci\u00f3n Mundial de la Salud.<\/p>\n<p>La oms, que <strong><em>Declar\u00f3 la Emergencia por Primera Vez en Agosto <\/em><\/strong>Del A\u00f1o Pasado, Dijo que su decisi\u00f3n se Basaba en el Continuo Aumento del N\u00famero de Camos de Viruela S\u00edmica y en la Propagaci\u00f3n Geogr\u00e1fica del Brote.<\/p>\n<p>La Agencia A\u00f1adi\u00f3 Que la Violencia en el Este de la Rep\u00fablica Dem\u00f3crata del Congo, Que Ha obstaculizado su plan de respuesta, tambi\u00e9n fue un factor.<\/p>\n<p>UNA Emergencia de Salud P\u00fablica de Importancia Internacional Internacional Elevada de Alerta de La Oms, Y es declarado por el Director General de La Agencia Tras el Asesoramiento de un Grupo de Expertos externos. EN 2022-2023 Tambi\u00e9n se declar\u00f3 una forma diferente de viruela s\u00edmica como emergencia.<\/p>\n<p>La Nueva Forma de Viruela S\u00edmica, Clado Ib, Sigue Afectando Predominentementement a la Rep\u00fablica dem\u00f3crata del Congo, Pero Uganda y Burundi Tambi\u00e9n Est\u00e1n Significativamento Afectados, Seg\u00fan Un informaci\u00f3n de la oms. Tambi\u00e9n ha Haido Casos Relacionados Con ViJes en Pa\u00edses como Tailandia y Reino Unido.<\/p>\n<p>A Nivel Mundial, Se Han Producido M\u00e1s de 21.000 Casos Confirmados Mediante Pruebas de Laboratorio Desde Principios de 2024, incluidas 70 Muertes, Principal en el Congo, Seg\u00fan La Oms.<\/p>\n<p>El A\u00f1o Pasado Tambi\u00e9n Hubo M\u00e1s de 50.000 Casos Sospechosos y M\u00e1s de 1.000 Muertes. Confirmar Los Casos Ha Sido TODO Un Reto en Las Zonas Con Menos Capacidad.<\/p>\n<p>La viruela s\u00edmica es una infecciosa que viral que se propaga por contacto \u00cdntimo y suele causar s\u00edntomas parecidos a los de la gripe y lesiones llenas de pus. Suele ser leve, pero puede ser mortal.<\/p>\n<p><em><strong>\u00a1Con9Cate Con la Voz de Am\u00e9rica! Suscr\u00edbete A Nuestros Canales de YouTube, WhatsApp y al bolet\u00edn. Activa Las Notificaciones y s\u00edguenos en Facebook, <a class=\"wsw__a\" href=\"https:\/\/nam10.safelinks.protection.outlook.com\/?url=https%3A%2F%2Ftwitter.com%2FVozdeAmerica&amp;data=05%7C02%7Cwserrano%40voanews.com%7C0b9cfda59f52447b0ed708dc07d64451%7Cba99e87c673541c2b1c1354eee3a8659%7C0%7C0%7C638393864063639904%7CUnknown%7CTWFpbGZsb3d8eyJWIjoiMC4wLjAwMDAiLCJQIjoiV2luMzIiLCJBTiI6Ik1haWwiLCJXVCI6Mn0%3D%7C3000%7C%7C%7C&amp;sdata=unLJDFixL8cjTiSip1dC8ViP8otjrQyzq1ziP2g1PMo%3D&amp;reserved=0\">inc\u00f3gnita<\/a> E Instagram.<\/strong><\/em><\/p>\n<\/div>\n<\/div>\n<p><script async src=\"https:\/\/platform.twitter.com\/widgets.js\" charset=\"utf-8\"><\/script><script async src=\"\/\/www.instagram.com\/embed.js\"><\/script><br \/>\n<br \/>\n","protected":false},"excerpt":{"rendered":"<p>Londres &#8211; El Brote de Viruela S\u00edmica Sigue Sido una Emergencia de Salud P\u00fablica, Dijo El Jueves la Organizaci\u00f3n Mundial de la Salud. La oms, que Declar\u00f3 la Emergencia por Primera Vez en Agosto Del A\u00f1o Pasado, Dijo que su decisi\u00f3n se Basaba en el Continuo Aumento del N\u00famero de Camos de Viruela S\u00edmica y &hellip;<\/p>\n","protected":false},"author":1,"featured_media":17932,"comment_status":"open","ping_status":"open","sticky":false,"template":"","format":"standard","meta":{"fifu_image_url":"https:\/\/gdb.voanews.com\/70701553-d963-4425-8fad-08dd4a843460_cx0_cy3_cw0_w800_h450.jpg","fifu_image_alt":"","footnotes":""},"categories":[8],"tags":[],"class_list":["post-17930","post","type-post","status-publish","format-standard","has-post-thumbnail","","category-salud"],"_links":{"self":[{"href":"https:\/\/noticiasveraces.com\/index.php?rest_route=\/wp\/v2\/posts\/17930","targetHints":{"allow":["GET"]}}],"collection":[{"href":"https:\/\/noticiasveraces.com\/index.php?rest_route=\/wp\/v2\/posts"}],"about":[{"href":"https:\/\/noticiasveraces.com\/index.php?rest_route=\/wp\/v2\/types\/post"}],"author":[{"embeddable":true,"href":"https:\/\/noticiasveraces.com\/index.php?rest_route=\/wp\/v2\/users\/1"}],"replies":[{"embeddable":true,"href":"https:\/\/noticiasveraces.com\/index.php?rest_route=%2Fwp%2Fv2%2Fcomments&post=17930"}],"version-history":[{"count":0,"href":"https:\/\/noticiasveraces.com\/index.php?rest_route=\/wp\/v2\/posts\/17930\/revisions"}],"wp:featuredmedia":[{"embeddable":true,"href":"https:\/\/noticiasveraces.com\/index.php?rest_route=\/wp\/v2\/media\/17932"}],"wp:attachment":[{"href":"https:\/\/noticiasveraces.com\/index.php?rest_route=%2Fwp%2Fv2%2Fmedia&parent=17930"}],"wp:term":[{"taxonomy":"category","embeddable":true,"href":"https:\/\/noticiasveraces.com\/index.php?rest_route=%2Fwp%2Fv2%2Fcategories&post=17930"},{"taxonomy":"post_tag","embeddable":true,"href":"https:\/\/noticiasveraces.com\/index.php?rest_route=%2Fwp%2Fv2%2Ftags&post=17930"}],"curies":[{"name":"wp","href":"https:\/\/api.w.org\/{rel}","templated":true}]}}