{"id":17928,"date":"2025-03-09T20:35:14","date_gmt":"2025-03-10T00:35:14","guid":{"rendered":"https:\/\/noticiasveraces.com\/?p=17928"},"modified":"2025-03-09T20:35:14","modified_gmt":"2025-03-10T00:35:14","slug":"mark-carney-sera-el-nueva-primer-ministro-de-canada-dw-10-03-2025","status":"publish","type":"post","link":"https:\/\/noticiasveraces.com\/?p=17928","title":{"rendered":"Mark Carney Ser\u00e1 El Nueva Primer Ministro de Canad\u00e1 &#8211; DW &#8211; 10\/03\/2025"},"content":{"rendered":"<p> \n<\/p>\n<div>\n<p>El Partido Oficialista de Canad\u00e1 Eligi\u00f3 El Domingo (09.03.2025) A Mark Carney COMO Nuevo L\u00edder de la Formaci\u00f3n y, por Lo Tanto, Futuro Primer Ministro del Pa\u00eds en Sustituci\u00f3n de Justin Tudeau, en un momento de Momento de Tenses Conseze Estadounidense, Donald Trump.<\/p>\n<p>El exdirector del Banco de Canad\u00e1 y del Banco de Inglaterra, de 59 A\u00f1os, OBVO El 85,9% de los Votos emitidos por Los militantes del Partido Liberal, Anuncio Sachit Mehra, Presidente de la Formaci\u00f3n.<\/p>\n<p>Carney se impuso en una votaci\u00f3n realizada Entre Unos 400.000 Seguidores del Partido Liberal a la exviceprimera Ministra y Exministra de Finanzas, Chrystia Freeland, Cuya Dimisi\u00f3n del Gobierno en Diciembre Provoc\u00f3 la Crisis Que Culmin\u00f3n\u00f3n -Domingo Domingo<\/p>\n<p>Tras su Elecci\u00f3nico como L\u00edder del Partido Liberal, Carney Reemplazar\u00e1 en Las Pr\u00f3ximas Horas A Trudeau como Primer Ministro del Pa\u00eds Hasta que se convocque a elaboraciones Generales, lo que se podr\u00eda producir en abril.<\/p>\n<p>\u00abNo podemos Permitir que Trump Gane\u00bb, Advirti\u00f3 Carney Durante Su Discurso de Victoria en Ottawa. <\/p>\n<p>\u00abLos Estadosidensos Quieren Nuestro Pa\u00eds\u00bb, A\u00f1adi\u00f3, y planta\u00f3 que canad\u00e1 Debe \u00abconstruye una nueva econom\u00eda y creAR cior neuevas relatos comerciales\u00bb, un prop\u00f3sito de las ferertes tensiones con triunas de suier de aranceles contra Canad\u00e1, M\u00e9xico y chhhina.<\/p>\n<p>GS (AFP, Efe)<\/p>\n<\/div>\n\n","protected":false},"excerpt":{"rendered":"<p>El Partido Oficialista de Canad\u00e1 Eligi\u00f3 El Domingo (09.03.2025) A Mark Carney COMO Nuevo L\u00edder de la Formaci\u00f3n y, por Lo Tanto, Futuro Primer Ministro del Pa\u00eds en Sustituci\u00f3n de Justin Tudeau, en un momento de Momento de Tenses Conseze Estadounidense, Donald Trump. El exdirector del Banco de Canad\u00e1 y del Banco de Inglaterra, de &hellip;<\/p>\n","protected":false},"author":1,"featured_media":17929,"comment_status":"open","ping_status":"open","sticky":false,"template":"","format":"standard","meta":{"fifu_image_url":"https:\/\/static.dw.com\/image\/67054767_6.jpg","fifu_image_alt":"","footnotes":""},"categories":[13],"tags":[],"class_list":["post-17928","post","type-post","status-publish","format-standard","has-post-thumbnail","","category-mundo"],"_links":{"self":[{"href":"https:\/\/noticiasveraces.com\/index.php?rest_route=\/wp\/v2\/posts\/17928","targetHints":{"allow":["GET"]}}],"collection":[{"href":"https:\/\/noticiasveraces.com\/index.php?rest_route=\/wp\/v2\/posts"}],"about":[{"href":"https:\/\/noticiasveraces.com\/index.php?rest_route=\/wp\/v2\/types\/post"}],"author":[{"embeddable":true,"href":"https:\/\/noticiasveraces.com\/index.php?rest_route=\/wp\/v2\/users\/1"}],"replies":[{"embeddable":true,"href":"https:\/\/noticiasveraces.com\/index.php?rest_route=%2Fwp%2Fv2%2Fcomments&post=17928"}],"version-history":[{"count":0,"href":"https:\/\/noticiasveraces.com\/index.php?rest_route=\/wp\/v2\/posts\/17928\/revisions"}],"wp:featuredmedia":[{"embeddable":true,"href":"https:\/\/noticiasveraces.com\/index.php?rest_route=\/wp\/v2\/media\/17929"}],"wp:attachment":[{"href":"https:\/\/noticiasveraces.com\/index.php?rest_route=%2Fwp%2Fv2%2Fmedia&parent=17928"}],"wp:term":[{"taxonomy":"category","embeddable":true,"href":"https:\/\/noticiasveraces.com\/index.php?rest_route=%2Fwp%2Fv2%2Fcategories&post=17928"},{"taxonomy":"post_tag","embeddable":true,"href":"https:\/\/noticiasveraces.com\/index.php?rest_route=%2Fwp%2Fv2%2Ftags&post=17928"}],"curies":[{"name":"wp","href":"https:\/\/api.w.org\/{rel}","templated":true}]}}