{"id":17919,"date":"2025-03-09T19:34:02","date_gmt":"2025-03-09T23:34:02","guid":{"rendered":"https:\/\/noticiasveraces.com\/?p=17919"},"modified":"2025-03-09T19:34:02","modified_gmt":"2025-03-09T23:34:02","slug":"el-critico-de-trump-mark-carney-gana-la-nominacion-del-partido-liberal-se-convertira-en-el-proximo-primer-ministro-de-canada","status":"publish","type":"post","link":"https:\/\/noticiasveraces.com\/?p=17919","title":{"rendered":"El cr\u00edtico de Trump Mark Carney gana la nominaci\u00f3n del Partido Liberal, se convertir\u00e1 en el pr\u00f3ximo primer ministro de Canad\u00e1"},"content":{"rendered":"<p> \n<\/p>\n<div>\n<p class=\"speakable\">OTTAWA, Canad\u00e1 &#8211; El ex gobernador del banco central de Canad\u00e1 Mark Carney se convertir\u00e1 en el pr\u00f3ximo primer ministro de Canad\u00e1 despu\u00e9s de ganar la carrera de liderazgo liberal el domingo por la noche. Carney dijo a los seguidores de Cheering que \u00abCanad\u00e1 nunca se convertir\u00e1 en parte de Am\u00e9rica de ninguna manera, forma o forma\u00bb.<\/p>\n<p class=\"speakable\">Carney recibi\u00f3 el 86% de los votos, o 131,764 votos de los 151,899 emitidos por los casi 400,000 miembros del partido que se registraron para participar en las elecciones de liderazgo.<\/p>\n<p>El nuevo l\u00edder liberal dijo a los miembros que deber\u00edan estar preparados para luchar contra \u00abla elecci\u00f3n m\u00e1s importante de nuestras vidas\u00bb donde las \u00abapuestas nunca han sido m\u00e1s altas\u00bb.<\/p>\n<p>\u00c9l dijo: Canad\u00e1 es el \u00abmejor pa\u00eds del mundo y ahora nuestros vecinos quieren llevarnos. De ninguna manera\u00bb, dijo el primer ministro canadiense que se refiere al repetido deseo del presidente Donald Trump de que Estados Unidos anexe Canad\u00e1 como el \u00abestado 51\u00bb.<\/p>\n<p><strong>El cr\u00edtico de Trump, Mark Carney, est\u00e1 a punto de reemplazar a Trudeau como el primer ministro de Canad\u00e1<\/strong><\/p>\n<div class=\"image-ct inline\">\n<div class=\"m\"><picture><source media=\"(max-width: 767px)\" srcset=\"https:\/\/a57.foxnews.com\/static.foxnews.com\/foxnews.com\/content\/uploads\/2025\/03\/343\/192\/mark-carney-wins-party-primary-scaled.jpg?ve=1&amp;tl=1, https:\/\/a57.foxnews.com\/static.foxnews.com\/foxnews.com\/content\/uploads\/2025\/03\/686\/384\/mark-carney-wins-party-primary-scaled.jpg?ve=1&amp;tl=1 2x\" height=\"192\" width=\"343\"><source media=\"(min-width: 768px) and (max-width: 1023px)\" srcset=\"https:\/\/a57.foxnews.com\/static.foxnews.com\/foxnews.com\/content\/uploads\/2025\/03\/672\/378\/mark-carney-wins-party-primary-scaled.jpg?ve=1&amp;tl=1, https:\/\/a57.foxnews.com\/static.foxnews.com\/foxnews.com\/content\/uploads\/2025\/03\/1344\/756\/mark-carney-wins-party-primary-scaled.jpg?ve=1&amp;tl=1 2x\" height=\"378\" width=\"672\"><source media=\"(min-width: 1024px) and (max-width: 1279px)\" srcset=\"https:\/\/a57.foxnews.com\/static.foxnews.com\/foxnews.com\/content\/uploads\/2025\/03\/931\/523\/mark-carney-wins-party-primary-scaled.jpg?ve=1&amp;tl=1, https:\/\/a57.foxnews.com\/static.foxnews.com\/foxnews.com\/content\/uploads\/2025\/03\/1862\/1046\/mark-carney-wins-party-primary-scaled.jpg?ve=1&amp;tl=1 2x\" height=\"523\" width=\"931\"><source media=\"(min-width: 1280px)\" srcset=\"https:\/\/a57.foxnews.com\/static.foxnews.com\/foxnews.com\/content\/uploads\/2025\/03\/720\/405\/mark-carney-wins-party-primary-scaled.jpg?ve=1&amp;tl=1, https:\/\/a57.foxnews.com\/static.foxnews.com\/foxnews.com\/content\/uploads\/2025\/03\/1440\/810\/mark-carney-wins-party-primary-scaled.jpg?ve=1&amp;tl=1 2x\" height=\"405\" width=\"720\"><img loading=\"lazy\" decoding=\"async\" src=\"https:\/\/a57.foxnews.com\/static.foxnews.com\/foxnews.com\/content\/uploads\/2025\/03\/1200\/675\/mark-carney-wins-party-primary-scaled.jpg?ve=1&amp;tl=1\" alt=\"El nuevo primer ministro de Canad\u00e1, Mark Carney, habla con los seguidores en Ottawa, Ontario, domingo 9 de marzo de 2025.\" width=\"1200\" height=\"675\"\/><\/source><\/source><\/source><\/source><\/picture><\/div>\n<div class=\"info\">\n<div class=\"caption\">\n<p><span>El nuevo primer ministro de Canad\u00e1, Mark Carney, habla con los seguidores en Ottawa, Ontario, domingo 9 de marzo de 2025.<\/span> <span>(Sean Kilpatrick\/The Canadian Press a trav\u00e9s de AP)<\/span><\/p>\n<\/div>\n<\/div>\n<\/div>\n<p>Cuando Trump anunci\u00f3 sus aranceles contra Canad\u00e1 el mes pasado, Carney emiti\u00f3 una declaraci\u00f3n de que \u00abCanad\u00e1 no se inclinar\u00e1 ante un acosador. No nos mantendremos, ya que los aranceles ilegales de los Estados Unidos lastiman a nuestros trabajadores y sus familias. Como canadienses, necesitamos enfrentar este desaf\u00edo como un equipo unido\u00bb.<\/p>\n<p>En diciembre, el primer ministro saliente, Justin Trudeau, se acerc\u00f3 a Mark Carney para servir como ministra de finanzas canadienses, lo que caus\u00f3 que el titular, Chrystia Freeland, dejara el gabinete y revelara p\u00fablicamente su carta de renuncia en la que ella escribi\u00f3 que ella y el primer ministro \u00abencontraron\u00bb encontrados \u00ab. [themselves] En desacuerdo sobre el mejor camino a seguir para Canad\u00e1 \u00ab.<\/p>\n<div class=\"image-ct inline\">\n<div class=\"m\"><picture><source media=\"(max-width: 767px)\" srcset=\"https:\/\/a57.foxnews.com\/static.foxnews.com\/foxnews.com\/content\/uploads\/2025\/01\/343\/192\/trudeau.jpg?ve=1&amp;tl=1, https:\/\/a57.foxnews.com\/static.foxnews.com\/foxnews.com\/content\/uploads\/2025\/01\/686\/384\/trudeau.jpg?ve=1&amp;tl=1 2x\" height=\"192\" width=\"343\"><source media=\"(min-width: 768px) and (max-width: 1023px)\" srcset=\"https:\/\/a57.foxnews.com\/static.foxnews.com\/foxnews.com\/content\/uploads\/2025\/01\/672\/378\/trudeau.jpg?ve=1&amp;tl=1, https:\/\/a57.foxnews.com\/static.foxnews.com\/foxnews.com\/content\/uploads\/2025\/01\/1344\/756\/trudeau.jpg?ve=1&amp;tl=1 2x\" height=\"378\" width=\"672\"><source media=\"(min-width: 1024px) and (max-width: 1279px)\" srcset=\"https:\/\/a57.foxnews.com\/static.foxnews.com\/foxnews.com\/content\/uploads\/2025\/01\/931\/523\/trudeau.jpg?ve=1&amp;tl=1, https:\/\/a57.foxnews.com\/static.foxnews.com\/foxnews.com\/content\/uploads\/2025\/01\/1862\/1046\/trudeau.jpg?ve=1&amp;tl=1 2x\" height=\"523\" width=\"931\"><source media=\"(min-width: 1280px)\" srcset=\"https:\/\/a57.foxnews.com\/static.foxnews.com\/foxnews.com\/content\/uploads\/2025\/01\/720\/405\/trudeau.jpg?ve=1&amp;tl=1, https:\/\/a57.foxnews.com\/static.foxnews.com\/foxnews.com\/content\/uploads\/2025\/01\/1440\/810\/trudeau.jpg?ve=1&amp;tl=1 2x\" height=\"405\" width=\"720\"><img loading=\"lazy\" decoding=\"async\" src=\"https:\/\/a57.foxnews.com\/static.foxnews.com\/foxnews.com\/content\/uploads\/2025\/01\/1200\/675\/trudeau.jpg?ve=1&amp;tl=1\" alt=\"Archivo - El primer ministro Justin Trudeau saluda cuando sale de las oficinas de Salesforce el 8 de febrero de 2018 en San Francisco. (Ryan Remiorz\/The Canadian Press a trav\u00e9s de AP, archivo)\" width=\"1200\" height=\"675\"\/><\/source><\/source><\/source><\/source><\/picture><\/div>\n<div class=\"info\">\n<div class=\"caption\">\n<p><span>Archivo &#8211; El primer ministro Justin Trudeau saluda cuando sale de las oficinas de Salesforce el 8 de febrero de 2018 en San Francisco. (Ryan Remiorz\/The Canadian Press a trav\u00e9s de AP, archivo)<\/span> <span>(AP)<\/span><\/p>\n<\/div>\n<\/div>\n<\/div>\n<p>Menos de un mes despu\u00e9s, Trudeau anunci\u00f3 su intenci\u00f3n de renunciar como l\u00edder liberal y primer ministro, en el que admiti\u00f3 que si est\u00e1 \u00abteniendo que pelear batallas internas, [he] No puede ser la mejor opci\u00f3n \u00aben una elecci\u00f3n general programada para celebrarse a m\u00e1s tardar el 20 de octubre.<\/p>\n<p>Pero los partidos de oposici\u00f3n han prometido forzar un voto nacional anterior a trav\u00e9s de una moci\u00f3n de no conciencia en la C\u00e1mara de los Comunes contra el gobierno de las minor\u00edas liberales cuando se recuerda el parlamento el 24 de marzo.<\/p>\n<p>El s\u00e1bado, el peri\u00f3dico Globe and Mail de Canad\u00e1 inform\u00f3 que Carney probablemente llamar\u00e1 a las elecciones a la semana antes de la reanudaci\u00f3n del parlamento del 24 de marzo, con el d\u00eda de votaci\u00f3n el 28 de abril o el 5 de mayo.<\/p>\n<p>Se espera que el nuevo l\u00edder liberal se re\u00fana con Trudeau el lunes para discutir la transici\u00f3n que encontrar\u00e1 a Carney y un gabinete adelgazado en el cargo el viernes.<\/p>\n<p><strong>\u00bfQui\u00e9n es Pierre Poilievre? El l\u00edder conservador de Canad\u00e1 que busca convertirse en el pr\u00f3ximo primer ministro despu\u00e9s de la salida de Trudeau<\/strong><\/p>\n<div class=\"image-ct inline\">\n<div class=\"m\"><picture><source media=\"(max-width: 767px)\" srcset=\"https:\/\/a57.foxnews.com\/static.foxnews.com\/foxnews.com\/content\/uploads\/2024\/06\/343\/192\/GettyImages-2147057908.jpg?ve=1&amp;tl=1, https:\/\/a57.foxnews.com\/static.foxnews.com\/foxnews.com\/content\/uploads\/2024\/06\/686\/384\/GettyImages-2147057908.jpg?ve=1&amp;tl=1 2x\" height=\"192\" width=\"343\"><source media=\"(min-width: 768px) and (max-width: 1023px)\" srcset=\"https:\/\/a57.foxnews.com\/static.foxnews.com\/foxnews.com\/content\/uploads\/2024\/06\/672\/378\/GettyImages-2147057908.jpg?ve=1&amp;tl=1, https:\/\/a57.foxnews.com\/static.foxnews.com\/foxnews.com\/content\/uploads\/2024\/06\/1344\/756\/GettyImages-2147057908.jpg?ve=1&amp;tl=1 2x\" height=\"378\" width=\"672\"><source media=\"(min-width: 1024px) and (max-width: 1279px)\" srcset=\"https:\/\/a57.foxnews.com\/static.foxnews.com\/foxnews.com\/content\/uploads\/2024\/06\/931\/523\/GettyImages-2147057908.jpg?ve=1&amp;tl=1, https:\/\/a57.foxnews.com\/static.foxnews.com\/foxnews.com\/content\/uploads\/2024\/06\/1862\/1046\/GettyImages-2147057908.jpg?ve=1&amp;tl=1 2x\" height=\"523\" width=\"931\"><source media=\"(min-width: 1280px)\" srcset=\"https:\/\/a57.foxnews.com\/static.foxnews.com\/foxnews.com\/content\/uploads\/2024\/06\/720\/405\/GettyImages-2147057908.jpg?ve=1&amp;tl=1, https:\/\/a57.foxnews.com\/static.foxnews.com\/foxnews.com\/content\/uploads\/2024\/06\/1440\/810\/GettyImages-2147057908.jpg?ve=1&amp;tl=1 2x\" height=\"405\" width=\"720\"><img loading=\"lazy\" decoding=\"async\" src=\"https:\/\/a57.foxnews.com\/static.foxnews.com\/foxnews.com\/content\/uploads\/2024\/06\/1200\/675\/GettyImages-2147057908.jpg?ve=1&amp;tl=1\" alt=\"L\u00edder conservador de Canad\u00e1\" width=\"1200\" height=\"675\"\/><\/source><\/source><\/source><\/source><\/picture><\/div>\n<div class=\"info\">\n<div class=\"caption\">\n<p><span>Pierre Poilievre, l\u00edder del Partido Conservador de Canad\u00e1, durante la Conferencia de Redes Strong y Libre de Canad\u00e1 en Ottawa, Ontario, Canad\u00e1, el jueves 11 de abril de 2024. El primer ministro Trudeau ha estado bajo fuego durante el a\u00f1o pasado debido al supuesto costo de vivienda de Canad\u00e1, y est\u00e1 muy en las encuestas a Poilievre a Poilievre, qui\u00e9n es el favorito para ganar la pr\u00f3xima elecci\u00f3n. <\/span> <span>(David Kawai\/Bloomberg a trav\u00e9s de Getty Images)<\/span><\/p>\n<\/div>\n<\/div>\n<\/div>\n<p>Pero independientemente de que los liberales tengan un nuevo l\u00edder con cierto impulso en las encuestas, los conservadores de Canad\u00e1 bajo su l\u00edder Pierre Poilievre est\u00e1n listos para una \u00abelecci\u00f3n de cambio\u00bb, dijo Laura Kurkimaki, quien se desempe\u00f1\u00f3 como gerente de campa\u00f1a nacional adjunta para el Partido Conservador durante las \u00faltimas elecciones federales en 2021.<\/p>\n<p>\u00abHemos tenido 10 a\u00f1os de un gobierno liberal y los canadienses est\u00e1n cansados \u200b\u200bde eso\u00bb, dijo Kurkimaki, quien tambi\u00e9n se desempe\u00f1\u00f3 como secretario principal del ex l\u00edder de la oposici\u00f3n oficial conservador Erin O&#8217;Toole, cuyo partido gan\u00f3 el voto popular pero no suficientes asientos de la C\u00e1mara para ganar las elecciones de 2021.<\/p>\n<p>Adem\u00e1s, dijo que el nuevo l\u00edder liberal se ejecutar\u00eda en \u00abTrudeau&#8217;s Registro\u00bb, y aunque Carney no era miembro del gobierno del primer ministro, el Partido Liberal lo nombr\u00f3 en septiembre pasado para presidir un grupo de trabajo sobre el crecimiento econ\u00f3mico de Trudeau.<\/p>\n<p>\u00abLa pr\u00f3xima elecci\u00f3n ser\u00e1 sobre qui\u00e9n har\u00e1 la vida m\u00e1s asequible para los canadienses\u00bb, dijo Kurkimaki. \u00abLo que est\u00e1 sucediendo en los Estados Unidos impacta que, por supuesto, y crea incertidumbre econ\u00f3mica en Canad\u00e1\u00bb.<\/p>\n<p><strong>Haga clic aqu\u00ed para obtener la aplicaci\u00f3n Fox News<\/strong><\/p>\n<div class=\"image-ct inline\">\n<div class=\"m\"><picture><source media=\"(max-width: 767px)\" srcset=\"https:\/\/a57.foxnews.com\/static.foxnews.com\/foxnews.com\/content\/uploads\/2025\/03\/343\/192\/trump-carney.jpg?ve=1&amp;tl=1, https:\/\/a57.foxnews.com\/static.foxnews.com\/foxnews.com\/content\/uploads\/2025\/03\/686\/384\/trump-carney.jpg?ve=1&amp;tl=1 2x\" height=\"192\" width=\"343\"><source media=\"(min-width: 768px) and (max-width: 1023px)\" srcset=\"https:\/\/a57.foxnews.com\/static.foxnews.com\/foxnews.com\/content\/uploads\/2025\/03\/672\/378\/trump-carney.jpg?ve=1&amp;tl=1, https:\/\/a57.foxnews.com\/static.foxnews.com\/foxnews.com\/content\/uploads\/2025\/03\/1344\/756\/trump-carney.jpg?ve=1&amp;tl=1 2x\" height=\"378\" width=\"672\"><source media=\"(min-width: 1024px) and (max-width: 1279px)\" srcset=\"https:\/\/a57.foxnews.com\/static.foxnews.com\/foxnews.com\/content\/uploads\/2025\/03\/931\/523\/trump-carney.jpg?ve=1&amp;tl=1, https:\/\/a57.foxnews.com\/static.foxnews.com\/foxnews.com\/content\/uploads\/2025\/03\/1862\/1046\/trump-carney.jpg?ve=1&amp;tl=1 2x\" height=\"523\" width=\"931\"><source media=\"(min-width: 1280px)\" srcset=\"https:\/\/a57.foxnews.com\/static.foxnews.com\/foxnews.com\/content\/uploads\/2025\/03\/720\/405\/trump-carney.jpg?ve=1&amp;tl=1, https:\/\/a57.foxnews.com\/static.foxnews.com\/foxnews.com\/content\/uploads\/2025\/03\/1440\/810\/trump-carney.jpg?ve=1&amp;tl=1 2x\" height=\"405\" width=\"720\"><img loading=\"lazy\" decoding=\"async\" src=\"https:\/\/a57.foxnews.com\/static.foxnews.com\/foxnews.com\/content\/uploads\/2025\/03\/1200\/675\/trump-carney.jpg?ve=1&amp;tl=1\" alt=\"Presidente Trump y Mark Carney\" width=\"1200\" height=\"675\"\/><\/source><\/source><\/source><\/source><\/picture><\/div>\n<div class=\"info\">\n<div class=\"caption\">\n<p><span>El presidente Trump mira hacia el probable sucesor de Trudeau, Mark Carney de Canad\u00e1. <\/span> <span>(Getty Images)<\/span><\/p>\n<\/div>\n<\/div>\n<\/div>\n<p>Agreg\u00f3 que cuanto m\u00e1s tiempo, Carney espere para llamar a una elecci\u00f3n, los conservadores tienen m\u00e1s tiempo para lanzar sus Attack-Ads contra \u00e9l.<\/p>\n<p>Durante una elecci\u00f3n, los partidos enfrentan l\u00edmites de gasto. Pero antes de que se caiga el escrito para lanzar el per\u00edodo electoral, las partes pueden gastar tanto como quieran en publicidad, y los conservadores recaudaron m\u00e1s del doble (aproximadamente $ 29 millones) el a\u00f1o pasado que los liberales, con aproximadamente $ 11 millones.<\/p>\n<p>En una entrevista con el espectador, el presidente Trump, comentando sobre el l\u00edder del Partido Conservador, dijo que el \u00abmayor problema de Poilievre es que no es un tipo MAGA &#8230; no es un tipo de Trump en absoluto\u00bb.<\/p>\n<p>El l\u00edder conservador canadiense respondi\u00f3 en X, declarando: \u00abSr. Presidente, es cierto. No soy MAGA\u00bb.<\/p>\n<p>\u00abSoy primero para Canad\u00e1. Siempre\u00bb, public\u00f3 Poilievre. \u00abCanad\u00e1 siempre ha sido el mejor amigo y aliado de Estados Unidos. Pero nunca seremos el estado 51\u00bb.<\/p>\n<p> <!----> <\/p>\n<div class=\"article-meta\">\n<div class=\"author-bio\">\n<p>Christopher Guly es un periodista con sede en Ottawa y miembro de la galer\u00eda de prensa parlamentaria canadiense. Ha informado desde Canad\u00e1 para varios medios de comunicaci\u00f3n en los Estados Unidos y el Reino Unido que puede ser seguido en X @christopherguly<\/p>\n<\/div>\n<\/div>\n<\/div>\n\n","protected":false},"excerpt":{"rendered":"<p>OTTAWA, Canad\u00e1 &#8211; El ex gobernador del banco central de Canad\u00e1 Mark Carney se convertir\u00e1 en el pr\u00f3ximo primer ministro de Canad\u00e1 despu\u00e9s de ganar la carrera de liderazgo liberal el domingo por la noche. Carney dijo a los seguidores de Cheering que \u00abCanad\u00e1 nunca se convertir\u00e1 en parte de Am\u00e9rica de ninguna manera, forma &hellip;<\/p>\n","protected":false},"author":1,"featured_media":17921,"comment_status":"open","ping_status":"open","sticky":false,"template":"","format":"standard","meta":{"fifu_image_url":"https:\/\/static.foxnews.com\/foxnews.com\/content\/uploads\/2025\/03\/mark-carney-wins-party-primary-scaled.jpg","fifu_image_alt":"","footnotes":""},"categories":[13],"tags":[],"class_list":["post-17919","post","type-post","status-publish","format-standard","has-post-thumbnail","","category-mundo"],"_links":{"self":[{"href":"https:\/\/noticiasveraces.com\/index.php?rest_route=\/wp\/v2\/posts\/17919","targetHints":{"allow":["GET"]}}],"collection":[{"href":"https:\/\/noticiasveraces.com\/index.php?rest_route=\/wp\/v2\/posts"}],"about":[{"href":"https:\/\/noticiasveraces.com\/index.php?rest_route=\/wp\/v2\/types\/post"}],"author":[{"embeddable":true,"href":"https:\/\/noticiasveraces.com\/index.php?rest_route=\/wp\/v2\/users\/1"}],"replies":[{"embeddable":true,"href":"https:\/\/noticiasveraces.com\/index.php?rest_route=%2Fwp%2Fv2%2Fcomments&post=17919"}],"version-history":[{"count":0,"href":"https:\/\/noticiasveraces.com\/index.php?rest_route=\/wp\/v2\/posts\/17919\/revisions"}],"wp:featuredmedia":[{"embeddable":true,"href":"https:\/\/noticiasveraces.com\/index.php?rest_route=\/wp\/v2\/media\/17921"}],"wp:attachment":[{"href":"https:\/\/noticiasveraces.com\/index.php?rest_route=%2Fwp%2Fv2%2Fmedia&parent=17919"}],"wp:term":[{"taxonomy":"category","embeddable":true,"href":"https:\/\/noticiasveraces.com\/index.php?rest_route=%2Fwp%2Fv2%2Fcategories&post=17919"},{"taxonomy":"post_tag","embeddable":true,"href":"https:\/\/noticiasveraces.com\/index.php?rest_route=%2Fwp%2Fv2%2Ftags&post=17919"}],"curies":[{"name":"wp","href":"https:\/\/api.w.org\/{rel}","templated":true}]}}