{"id":17908,"date":"2025-03-09T16:30:49","date_gmt":"2025-03-09T20:30:49","guid":{"rendered":"https:\/\/noticiasveraces.com\/?p=17908"},"modified":"2025-03-09T16:30:49","modified_gmt":"2025-03-09T20:30:49","slug":"exposicion-masestra-la-lucha-por-la-igualdad-en-alemania-dw-09-09-2025","status":"publish","type":"post","link":"https:\/\/noticiasveraces.com\/?p=17908","title":{"rendered":"Exposici\u00f3n MaSestra la Lucha por la Igualdad en Alemania &#8211; DW &#8211; 09\/09\/2025"},"content":{"rendered":"<p> \n<\/p>\n<div>\n<p>\u00bfEstaban Realmento M\u00e1s Emancipadas las Mujeres de la Rep\u00fablica Dem\u00f3crata de Alemania (RDA) que las de la Capitalista Alemania Federal (RFA)? \u00bfO es solo un clich\u00e9 quir\u00fargido tras la reunificaci\u00f3n en 1990? Clara Marz Cree que no existen \u00abRespuestas universales\u00bb a Estas pregutas. Ella es la curadora de la exposici\u00f3n \u00abMujeres en la Alemania dividida\u00bb, y Tambi\u00e9n es la Autora de Un libro con el Mismo t\u00edtulo.<\/p>\n<p>Marz es Gestora de Cultura y Ha intentado abordar el tema desde la perspectiva m\u00e1s objetiva posible. En una entrevista con dw, Reconocimiento que su PUNTO DE VISTA NO ES TOTALMENTO NEUTRO. \u00bfPor qu\u00e9? \u00abPorque Vengo de Alemania Oriental\u00bb, responde. Ella Cree que Las Experimentias de las Mujeres de Su Propia Familia La Marcaron. \u00abCreo Que les Pasa a Muchos Ni\u00f1os, Especialmental A Las Ni\u00f1as, Que Crecen Con las Experiencias de Sus Madres y Abuelas\u00bb, Dice Marz, Que Naci\u00f3 Hace 29 A\u00f1os en La Ciudad de Rostock.<\/p>\n<p>Su propia Madre Trabajaba por Turnos, Porque en la rda era normal que las Mujeres Trabajaran. Eran indispensables para su \u00abeconom\u00eda de escasez\u00bb socialista. En La Alemania Federal, en Cambio, Muchas Mujeres Eran Amas de Casa, y As\u00ed Siguio Sido Hasta La D\u00e9cada de 1980.<\/p>\n<h2>Regresi\u00f3n en el Este, Avance en Occident\u00e9<\/h2>\n<p>La exposici\u00f3n MaSestra que Cada una de las Empresas P\u00fablicas de la Alemania Oriental Ten\u00eda una Guarder\u00eda. En la Alemania Reunificada, Conciliar la Vida Laboral con la Familiar No es algo tan sencillo. Por eSo la visita a ESTA Exposici\u00f3n Permite a la Gente Tomar Conciencia de los Problemas de Que Aquejan Realmento a la Sociedad Alemana.<\/p>\n<figure class=\"placeholder-image master_landscape big\"><img data-format=\"MASTER_LANDSCAPE\" data-id=\"71848350\" data-url=\"https:\/\/static.dw.com\/image\/71848350_${formatId}.jpg\" data-aspect-ratio=\"16\/9\" alt=\"En la rda Los Jardines infantiles o Guarder\u00edas Eran Obligatorios en Las Empresas Estatales.\" style=\"padding-bottom: 56.25%; height: 0; max-height: 0;\"\/><figcaption class=\"img-caption\">En la rda Los Jardines infantiles o Guarder\u00edas Eran Obligatorios en Las Empresas Estatales.<small class=\"copyright\">Imagen: Peter Leske\/Bundestiftung Zur Aufarbeitung<\/small><\/figcaption><\/figure>\n<p>Marz Dice Que le Sorprendieron Mucho las Diferentes Experiencias de las Mujeres A Undo y Otro del Muro. SE Dio Cuenta de Ello Cuando Conoci\u00f3 A Compa\u00f1eras en la Universidad Cuyas Familias Eran de la Alemania Occidental. \u00abRelaciones de diez roles y Distintos: Las Mam\u00e1s se Quedaban en Casa, Ir a Los Jardines infantiles sin era algo tan com\u00fan\u00bb, Explica.<\/p>\n<p>La curadora piensa que ver a las Mujeres de la rda como m\u00e1s emancipadas no es del todo exacta. Para Ella, es importante preguntarse que se considere los entonces \u00abIgualdad\u00bb \u00ab.\u00bb En la rda, la Igualdad ten\u00eda Mucho que ver con la Carrera Profesional y la Independencia Econ\u00f3mica \u00ab, y Subraya que se moviinos feministas Surgieron en alemania en condicions en condicions. ERA FEMINISMO UNA LUCHA RUIDOSA Y EXCESIVA.<\/p>\n<h2>Oportunidadas Perdidas Durante la Reunificaci\u00f3n<\/h2>\n<p>Las Mujeres de la Alemania Oriental SE Sintieron Decepcionadas Tras la Reunificaci\u00f3n. El Colapso de la econom\u00eda socialista Provoc\u00f3 un desemploso Masivo y una fuga de cerebros, Pero tambi\u00e9n lllev\u00f3 al abandono de cuestiones que se considereagros logros importantes en la rda, como la ley de aborto o la amplia cobertura de Guarder\u00edas. Marz Piensa Que Fue una Oportunidad desperdiciada para una alemania Realmente unida.<\/p>\n<figure class=\"placeholder-image master_landscape big\"><img data-format=\"MASTER_LANDSCAPE\" data-id=\"71848274\" data-url=\"https:\/\/static.dw.com\/image\/71848274_${formatId}.jpg\" data-aspect-ratio=\"16\/9\" alt=\"Clara Marz Creci\u00f3 en UNA Alemania Reunificada. Ella es la Curadora de la Exposici\u00f3n.\" style=\"padding-bottom: 56.25%; height: 0; max-height: 0;\"\/><figcaption class=\"img-caption\">Clara Marz Creci\u00f3 en UNA Alemania Reunificada. Ella es la Curadora de la Exposici\u00f3n.<small class=\"copyright\">Imagen: Jonathan Harnisch \/ Bundesstiftung Aufarbeitung<\/small><\/figcaption><\/figure>\n<p>En Opini\u00f3 de la Experta, la Brecha Entre Los Estados Federados Que Pertenecieron a la rda y los que formaban parte de la rfa se ha ido amplianddo en los \u00daltimos a\u00f1os. \u00abLa sensaci\u00f3n es que, por alguna Raz\u00f3n, no hay podemos altro, y nosotros tampoco somos comprendidos del Todo\u00bb, Sostiene. Por ello, Espera que la exhibici\u00f3n de Fotograf\u00edas, videos textos anime a las personas a \u00abparticipar en un intercambio activo ya reconocador las contradicciones, pero especial especializaci\u00f3n, un escuchar a los dem\u00e1s. <\/p>\n<p><span data-slot-id=\"Article_InContent-1\" class=\"rich-text-ad\"\/><\/p>\n<h2>D\u00eda Internacional de la Mujer<\/h2>\n<p>Hasta Ahora, La exposici\u00f3 HA Recibido Comentario Positivos. Ha sido presente en turingia y en un centro de educaci\u00f3n para adultos en Schwerin (Mecklemburgo-Pomerania Occidental), donde una mesa redonda atrajo a un p\u00fablico femenino que vener\u00eda tanto del este como oeste del pa\u00eds. \u00abFue una experiencia maravillosa\u00bb, Recuerda Marz. Ella creci\u00f3 en una alemania reunificada y siente que mirar hacia atr\u00e1s juntos puede aydar un construir un puente hacia el presente.<\/p>\n<p>\u00abPara Las Mujeres de Mi Generaci\u00f3n, Las Nacidas DESPU\u00c9S DE 1989, Las Diferencias Son Apenas perceptibles\u00bb, Escribe Marz en Su libro. Tal Armonizaci\u00f3n no habr\u00eda ocurrido si la dictadura de la alemania oriental no hubiera terminado y la reunificaci\u00f3n nunca hubiera ocurrido.<\/p>\n<p>Marz Est\u00e1 Preocupada por Los Los \u00c1ltimos Acontecimientos Pol\u00cdticos y Sociales en Alemania. Destaca la Baja Proporci\u00f3n de Mujeres en el Parlamento Alem\u00e1n, Que Apenas ha Aumentado Desde Finales de la D\u00e9cada de 1990. Ahora se Sit\u00faa en 32 Por Ciento. \u00abEn T\u00e9rminos puramete matem\u00e1rticos, eSo no es Igualdad\u00bb, Sostiene. Y la desigualdad de g\u00e9nero, afirma, m\u00e1s All\u00e1 de si las Mujeres Nacieron en unvo u otro del muro, es un problema de la sociedad en su conjunto.<\/p>\n<p>(DZC\/RR)<\/p>\n<\/p>\n<\/div>\n\n","protected":false},"excerpt":{"rendered":"<p>\u00bfEstaban Realmento M\u00e1s Emancipadas las Mujeres de la Rep\u00fablica Dem\u00f3crata de Alemania (RDA) que las de la Capitalista Alemania Federal (RFA)? \u00bfO es solo un clich\u00e9 quir\u00fargido tras la reunificaci\u00f3n en 1990? Clara Marz Cree que no existen \u00abRespuestas universales\u00bb a Estas pregutas. Ella es la curadora de la exposici\u00f3n \u00abMujeres en la Alemania dividida\u00bb, &hellip;<\/p>\n","protected":false},"author":1,"featured_media":17909,"comment_status":"open","ping_status":"open","sticky":false,"template":"","format":"standard","meta":{"fifu_image_url":"https:\/\/static.dw.com\/image\/71848288_6.jpg","fifu_image_alt":"","footnotes":""},"categories":[13],"tags":[],"class_list":["post-17908","post","type-post","status-publish","format-standard","has-post-thumbnail","","category-mundo"],"_links":{"self":[{"href":"https:\/\/noticiasveraces.com\/index.php?rest_route=\/wp\/v2\/posts\/17908","targetHints":{"allow":["GET"]}}],"collection":[{"href":"https:\/\/noticiasveraces.com\/index.php?rest_route=\/wp\/v2\/posts"}],"about":[{"href":"https:\/\/noticiasveraces.com\/index.php?rest_route=\/wp\/v2\/types\/post"}],"author":[{"embeddable":true,"href":"https:\/\/noticiasveraces.com\/index.php?rest_route=\/wp\/v2\/users\/1"}],"replies":[{"embeddable":true,"href":"https:\/\/noticiasveraces.com\/index.php?rest_route=%2Fwp%2Fv2%2Fcomments&post=17908"}],"version-history":[{"count":0,"href":"https:\/\/noticiasveraces.com\/index.php?rest_route=\/wp\/v2\/posts\/17908\/revisions"}],"wp:featuredmedia":[{"embeddable":true,"href":"https:\/\/noticiasveraces.com\/index.php?rest_route=\/wp\/v2\/media\/17909"}],"wp:attachment":[{"href":"https:\/\/noticiasveraces.com\/index.php?rest_route=%2Fwp%2Fv2%2Fmedia&parent=17908"}],"wp:term":[{"taxonomy":"category","embeddable":true,"href":"https:\/\/noticiasveraces.com\/index.php?rest_route=%2Fwp%2Fv2%2Fcategories&post=17908"},{"taxonomy":"post_tag","embeddable":true,"href":"https:\/\/noticiasveraces.com\/index.php?rest_route=%2Fwp%2Fv2%2Ftags&post=17908"}],"curies":[{"name":"wp","href":"https:\/\/api.w.org\/{rel}","templated":true}]}}