{"id":17904,"date":"2025-03-09T14:29:34","date_gmt":"2025-03-09T18:29:34","guid":{"rendered":"https:\/\/noticiasveraces.com\/?p=17904"},"modified":"2025-03-09T14:29:34","modified_gmt":"2025-03-09T18:29:34","slug":"israel-cortara-el-suministro-de-electricidad-a-gaza-dw-09-09-2025","status":"publish","type":"post","link":"https:\/\/noticiasveraces.com\/?p=17904","title":{"rendered":"Israel Cortar\u00e1 El Suministro de Electricidad A Gaza &#8211; DW &#8211; 09\/09\/2025"},"content":{"rendered":"<p> \n<\/p>\n<div>\n<p>El Ministro israel\u00ed de Energ\u00eda, Eli Cohen, Anunci\u00f3 Este Domingo (09.03.2025) Que Orden\u00f3 Cortar El Suministro El\u00e9ctrico a la Franja de Gaza, una Semana Despu\u00e9s de Que Israel Bloqueara Toda la Ayuda Disdinada Alterestino, Palestino, Devu\u00e9s, Devu\u00e9s, el Conflictorio de los Conflictores. Y El Grupo Terrorista Palestino Ham\u00e1s.<\/p>\n<h2><strong>\u00abBasta de Hablar, Es Hora de Actuare\u00bb<\/strong><\/h2>\n<p>\u00abAcabo de Fmar la Orden de Dejar de Suministrar ElectriciDad Inmediatam\u00e9 a la Franja de Gaza\u00bb, Anunci\u00f3 cohen en un video y public\u00f3 una Foto de S\u00ed Mismo en la Red Social X Mientras lo Hac\u00eda.<\/p>\n<p>El Objetivo es Ejercer Presi\u00f3n Sobre la Organizaci\u00f3n Islamista, Se\u00f1al\u00f3. \u00abBasta de Hablar, Es Hora de Actuare\u00bb, Escribi\u00f3. Ham\u00e1s Todav\u00eda Mantiene Secuestrados A Decenas de Rehenes desde su Ataque A Israel El 07 de Octubre de 2023.<\/p>\n<blockquote class=\"tweet embed\" data-id=\"1898756463222260177\"\/>\n<h2><strong>Presi\u00f3n A Ham\u00e1s<\/strong><\/h2>\n<p>\u00abUSAREMOS TODOS LOS MEDIOS A NUESTRA DESPOSICIO PARA GARANTIZAR QUE TODOS LOS REHENES SEAN DEVOLELTOS Y NOS ASEGUREMOS DE QUE HAM\u00c1S NO EST\u00c9 EN GAZA UNO D\u00eda DESPU\u00c9S\u00bb DE TERMINADA LA GUERRA, ADVRIRTi\u00f3.<\/p>\n<p>Hace una Semana, Tras la expiraci\u00f3n de la Primera Fase del Alto al Fuego, Israel Orden\u00f3 Detener los env\u00edos de Ayuda a Gaza para Presionar a Ham\u00e1s.<\/p>\n<p>El Suministro de Electricidad a la Franja de Gaza A Trav\u00e9s de Cables Desde Israel y Egipto Ha Sido Irregular Durante A\u00f1os. Tras el Inicio del Conflma en Gaza Hace un a\u00f1o y medio, La \u00fanica Central El\u00e9ctrica en el enclave Palestino Tambi\u00e9n dej\u00f3 de producir. Muchos se las arreglan con energ\u00eda solar generadores.<\/p>\n<p>RR (AFP\/DPA)<\/p>\n<\/div>\n\n","protected":false},"excerpt":{"rendered":"<p>El Ministro israel\u00ed de Energ\u00eda, Eli Cohen, Anunci\u00f3 Este Domingo (09.03.2025) Que Orden\u00f3 Cortar El Suministro El\u00e9ctrico a la Franja de Gaza, una Semana Despu\u00e9s de Que Israel Bloqueara Toda la Ayuda Disdinada Alterestino, Palestino, Devu\u00e9s, Devu\u00e9s, el Conflictorio de los Conflictores. Y El Grupo Terrorista Palestino Ham\u00e1s. \u00abBasta de Hablar, Es Hora de Actuare\u00bb &hellip;<\/p>\n","protected":false},"author":1,"featured_media":17905,"comment_status":"open","ping_status":"open","sticky":false,"template":"","format":"standard","meta":{"fifu_image_url":"https:\/\/static.dw.com\/image\/71805011_6.jpg","fifu_image_alt":"","footnotes":""},"categories":[13],"tags":[],"class_list":["post-17904","post","type-post","status-publish","format-standard","has-post-thumbnail","","category-mundo"],"_links":{"self":[{"href":"https:\/\/noticiasveraces.com\/index.php?rest_route=\/wp\/v2\/posts\/17904","targetHints":{"allow":["GET"]}}],"collection":[{"href":"https:\/\/noticiasveraces.com\/index.php?rest_route=\/wp\/v2\/posts"}],"about":[{"href":"https:\/\/noticiasveraces.com\/index.php?rest_route=\/wp\/v2\/types\/post"}],"author":[{"embeddable":true,"href":"https:\/\/noticiasveraces.com\/index.php?rest_route=\/wp\/v2\/users\/1"}],"replies":[{"embeddable":true,"href":"https:\/\/noticiasveraces.com\/index.php?rest_route=%2Fwp%2Fv2%2Fcomments&post=17904"}],"version-history":[{"count":0,"href":"https:\/\/noticiasveraces.com\/index.php?rest_route=\/wp\/v2\/posts\/17904\/revisions"}],"wp:featuredmedia":[{"embeddable":true,"href":"https:\/\/noticiasveraces.com\/index.php?rest_route=\/wp\/v2\/media\/17905"}],"wp:attachment":[{"href":"https:\/\/noticiasveraces.com\/index.php?rest_route=%2Fwp%2Fv2%2Fmedia&parent=17904"}],"wp:term":[{"taxonomy":"category","embeddable":true,"href":"https:\/\/noticiasveraces.com\/index.php?rest_route=%2Fwp%2Fv2%2Fcategories&post=17904"},{"taxonomy":"post_tag","embeddable":true,"href":"https:\/\/noticiasveraces.com\/index.php?rest_route=%2Fwp%2Fv2%2Ftags&post=17904"}],"curies":[{"name":"wp","href":"https:\/\/api.w.org\/{rel}","templated":true}]}}