{"id":17896,"date":"2025-03-09T14:04:08","date_gmt":"2025-03-09T18:04:08","guid":{"rendered":"https:\/\/noticiasveraces.com\/?p=17896"},"modified":"2025-03-09T14:04:08","modified_gmt":"2025-03-09T18:04:08","slug":"jose-ignacio-gonzalez-faus-en-busca-de-la-humanidad-nueva-nueva-sociedad","status":"publish","type":"post","link":"https:\/\/noticiasveraces.com\/?p=17896","title":{"rendered":"Jos\u00e9 Ignacio Gonz\u00e1lez Faus, en Busca de la Humanidad Nueva Nueva | Sociedad"},"content":{"rendered":"<p> \n<br \/><img decoding=\"async\" src=\"https:\/\/imagenes.elpais.com\/resizer\/v2\/ZT65SWM4NRA5DKG65VKZPB6R4E.jpg?auth=97213652896e2f094a7d3c853ec8934865756e03ac257c2cd8162d06887b8227\" \/><\/p>\n<div data-dtm-region=\"articulo_cuerpo\">\n<p class=\"\">En busca de la humanidad Nueva por la senda de la liberaci\u00f3nis en el seguimiento de Jes\u00fas de nazaret desde la opci\u00f3nica por Las personas m\u00e1s vulnerables, los sectoros empobrecidos y los pueblos oprimidos. Este me parece el mejor reumer del largo itinerario vital del te\u00f3logo jos\u00e9 ignacio gonz\u00e1lez faus, que falleci\u00f3 el 6 de marzo a los 91 a\u00f1os en San Cugat del Vall\u00e9s (Barcelona).<\/p>\n<p class=\"\">Con Su Muerte la Teolog\u00eda Cat\u00f3lica Espa\u00f1ola Entra en Un Estado de Orfandad Por la P\u00e9rdida de Una de Sus Figuras m\u00e1s L\u00facidas y relevantes. Durante Casi seis D\u00e9cadas fue un faro teol\u00f3gico que, un Trav\u00e9s de Sus Libros, Art\u00edculos Conferencias y Su Magisterio, Ilumin\u00f3 Los Caminos Abiertos por el Concilio Vaticano II en Una \u00c9poca de Larga Invernada Eclesial, Planta\u00f3 pregudomodas A Interpelines A Institutes A Institutes A Institutes A Institutes de Larga Invernada, Planta\u00f3 pregudomodas A Interpelantes A Institutes de Larga Invernada, Planta\u00f3 pregudomodas A Interpelines A Institutes A Institutes de Larga Invernada, Planta\u00f3 pregutas Eclesi\u00e1stica por su incoherencia en la defensa de los derechos humanos en la Sociedad y la negaci\u00f3n de los Mismos en su seno, Recuper\u00f3 el Car\u00e1cter Liberador del Cristianismo Originalidad y Contribuy\u00f3 a la recupera de los creados de los jess\u00f3sos de los tiempos de los tiempos de los tiempos de los tiempos de los tiempos de los. Cristolog\u00eda del Siglo xx.<\/p>\n<p class=\"\">La Reflexi\u00f3n Teol\u00f3gica y la Vida de Gonz\u00e1lez Estuvieron Siempre Guiadas por su conciencia cr\u00edtica de Las Injusticias Cometidas Dentro y Fuera de la Iglesia, Sensibilidad Hacia las Mayor\u00edas populares y Los Perdedores de la Historia, su Historia, su concienca. Su Cr\u00edtica implacable del neoliberalismo, en sintton\u00eda con la teolog\u00eda de la liberaci\u00f3na y el papa francisco.<\/p>\n<p class=\"\">LA Publicacia de <i>La humanidad Nueva<\/i> (Sal Terrae, 1974), Su Obra M\u00e1s Emblem\u00e1tica y Quiz\u00e1 M\u00e1s Creativa, Supuso una Verdadera Revoluci\u00f3n en la Cristolog\u00eda. Su Prop\u00f3sito Evitar que el Culto a la Divinidad de Jes\u00fas Encubriera la Interpelaci\u00f3na de la humanidad Nueva Que RepresentABa Jes\u00fas de Nazaret. La obra fungi\u00f3 como libro de texto en seminarios, facultades de teolog\u00eda, comunidadas de base y centros de formaci\u00f3n de laicos y laicos cristianos y gener\u00f3 un cambio en la imagen de jes\u00fas en sinton\u00eda con las nuevas cristolog\u00edas de la D\u00e9cada de los setenta y ochents de delgada Como Karl Rahner, Edward Schillebeekx, Hans K\u00fcng, Walter Kasper, Jon Sobrino, Leonardo Boff, Juan Luis Segundo &#8230;<\/p>\n<p class=\"\">Revolucionaria es Tambi\u00e9n su Obra <i>Vicarios de Cristo<\/i> (Trotta, 1991), Antolog\u00eda Comentada de Textos en torno a la Opci\u00f3n Pro Los Pobres a Lo Largo de la Historia del Cristianismo. La expresi\u00f3n \u00abVicario de Cristo\u00bb se la atribuy\u00f3 a s\u00ed Mismo el Papa Inocencio III en El Siglo Xiii en Plena \u00c9poca de Cristiandad, y sus sucesores Siguier\u00f3n Aplic\u00e1ndosela. Dando un Giro de 180 Grados, Gonz\u00e1lez faus retira Dicho Reconocimiento A Los Papas y, de Manera M\u00e1s Acorde con el Evangelio, Se Lo Aplica a Los Pobres.<\/p>\n<p class=\"\">Una tercera aportacia significativa es su antropolog\u00eda exposici\u00f3n en <i>Proyecto de Hermano. UNA VISON\u00d3N CRISTIANA DEL HOMBRE<\/i> (Sal Terrae), Que Subraya El Car\u00e1cter Dial\u00edcico del ser Humano: por una parte, Su Corporalidad, Sociabilidad, Autoconciencia, Sexualidad, Racionalidad, Sentido L\u00fandico; por otra, su \u00abego\u00edsmo potenado\u00bb, que g\u00e9neros estructuras de dominaci\u00f3n\u00f3n\u00f3nicos otros seros humanos y destruye las relacese de fraternidad. Es una antropolog\u00eda que desestaca el Car\u00e1cter comunitario del ser humano: el yo como hermano, frente a las tendencias individualistas y espiritualistas.<\/p>\n<p class=\"\">El Mejor Legado que nos Deja Gonz\u00e1lez Faus hijo Sus Obras, Que nos Permitir\u00e1n Mantenerle Siempre en Nuestra Memoria, una \u00abMemoria subversiva y subyugante\u00bb, Conforme al T\u00edtulo de Uno de Sus Libres. En Ellas Seguir\u00e1 Viviendo.<\/p>\n<aside class=\"a_np\">\n<p><strong>Juan Jos\u00e9 Tamayo<\/strong> Es Te\u00f3logo y Profesor Em\u00e9rito Honor\u00edfico de la Universidad Carlos III de Madrid. Su \u00daltimo libro es <em>Cristianismo radical<\/em> (Trotta, 2025). <\/p>\n<\/aside>\n<\/div>\n\n","protected":false},"excerpt":{"rendered":"<p>En busca de la humanidad Nueva por la senda de la liberaci\u00f3nis en el seguimiento de Jes\u00fas de nazaret desde la opci\u00f3nica por Las personas m\u00e1s vulnerables, los sectoros empobrecidos y los pueblos oprimidos. Este me parece el mejor reumer del largo itinerario vital del te\u00f3logo jos\u00e9 ignacio gonz\u00e1lez faus, que falleci\u00f3 el 6 de &hellip;<\/p>\n","protected":false},"author":1,"featured_media":17898,"comment_status":"open","ping_status":"open","sticky":false,"template":"","format":"standard","meta":{"fifu_image_url":"https:\/\/imagenes.elpais.com\/resizer\/v2\/ZT65SWM4NRA5DKG65VKZPB6R4E.jpg?auth=97213652896e2f094a7d3c853ec8934865756e03ac257c2cd8162d06887b8227&width=1200","fifu_image_alt":"","footnotes":""},"categories":[11],"tags":[],"class_list":["post-17896","post","type-post","status-publish","format-standard","has-post-thumbnail","","category-viaje"],"_links":{"self":[{"href":"https:\/\/noticiasveraces.com\/index.php?rest_route=\/wp\/v2\/posts\/17896","targetHints":{"allow":["GET"]}}],"collection":[{"href":"https:\/\/noticiasveraces.com\/index.php?rest_route=\/wp\/v2\/posts"}],"about":[{"href":"https:\/\/noticiasveraces.com\/index.php?rest_route=\/wp\/v2\/types\/post"}],"author":[{"embeddable":true,"href":"https:\/\/noticiasveraces.com\/index.php?rest_route=\/wp\/v2\/users\/1"}],"replies":[{"embeddable":true,"href":"https:\/\/noticiasveraces.com\/index.php?rest_route=%2Fwp%2Fv2%2Fcomments&post=17896"}],"version-history":[{"count":0,"href":"https:\/\/noticiasveraces.com\/index.php?rest_route=\/wp\/v2\/posts\/17896\/revisions"}],"wp:featuredmedia":[{"embeddable":true,"href":"https:\/\/noticiasveraces.com\/index.php?rest_route=\/wp\/v2\/media\/17898"}],"wp:attachment":[{"href":"https:\/\/noticiasveraces.com\/index.php?rest_route=%2Fwp%2Fv2%2Fmedia&parent=17896"}],"wp:term":[{"taxonomy":"category","embeddable":true,"href":"https:\/\/noticiasveraces.com\/index.php?rest_route=%2Fwp%2Fv2%2Fcategories&post=17896"},{"taxonomy":"post_tag","embeddable":true,"href":"https:\/\/noticiasveraces.com\/index.php?rest_route=%2Fwp%2Fv2%2Ftags&post=17896"}],"curies":[{"name":"wp","href":"https:\/\/api.w.org\/{rel}","templated":true}]}}