{"id":17878,"date":"2025-03-09T12:24:15","date_gmt":"2025-03-09T16:24:15","guid":{"rendered":"https:\/\/noticiasveraces.com\/?p=17878"},"modified":"2025-03-09T12:24:15","modified_gmt":"2025-03-09T16:24:15","slug":"el-sucesor-de-justin-trudeau-esperaba-ser-jurado-como-pm-la-proxima-semana","status":"publish","type":"post","link":"https:\/\/noticiasveraces.com\/?p=17878","title":{"rendered":"El sucesor de Justin Trudeau esperaba ser jurado como PM la pr\u00f3xima semana"},"content":{"rendered":"<p> \n<\/p>\n<div>\n<p class=\"speakable\">OTTAWA &#8211; Mark Carney nunca ha ocupado un cargo electo, pero durante a\u00f1os ha sido promocionado como un futuro l\u00edder del Partido Liberal de Canad\u00e1, y si la encuesta va como se esperaba, es el favorito para ganar la carrera de liderazgo de su partido el domingo.<\/p>\n<p class=\"speakable\">Se espera que Carney, el ex gobernador del Banco de Canad\u00e1 y el Banco de Inglaterra, y el ejecutivo de Goldman Sachs, ganen la carrera para suceder a Justin Trudeau como el 14\u00ba l\u00edder liberal y el 24 \u00b0 primer ministro canadiense por los casi 400,000 miembros del partido.<\/p>\n<p>Carney recientemente critic\u00f3 al presidente Donald Trump como un \u00abmat\u00f3n\u00bb en un comunicado que emiti\u00f3 en respuesta a los aranceles estadounidenses que se les puso al vecino del norte. \u00abCanad\u00e1 no se inclinar\u00e1 ante un acosador. No lo mantendremos, ya que los aranceles ilegales de los Estados Unidos lastiman a nuestros trabajadores y sus familias. Como canadienses, necesitamos enfrentar este desaf\u00edo como un equipo unido\u00bb.<\/p>\n<p>El CBC de Canad\u00e1 inform\u00f3 que Carney compar\u00f3 a Trump con Voldemort de Harry Potter en reacci\u00f3n a los comentarios del presidente sobre c\u00f3mo hacer de Canad\u00e1 el estado 51.<\/p>\n<p>\u00abCuando piensas en lo que est\u00e1 en juego en estos comentarios rid\u00edculos e insultantes del Presidente, de lo que podr\u00edamos ser, veo esto como el tipo de Voldemort de comentarios &#8230; como si ni siquiera lo repitir\u00e9, pero ya sabes de lo que estoy hablando\u00bb.<\/p>\n<p><strong>Canad\u00e1 regresa contra Trump con las principales tarifas propias a medida que la guerra comercial comenzar\u00e1 el martes<\/strong><\/p>\n<div class=\"image-ct inline\">\n<div class=\"m\"><picture><source media=\"(max-width: 767px)\" srcset=\"https:\/\/a57.foxnews.com\/static.foxnews.com\/foxnews.com\/content\/uploads\/2025\/01\/343\/192\/mark-carney.jpg?ve=1&amp;tl=1, https:\/\/a57.foxnews.com\/static.foxnews.com\/foxnews.com\/content\/uploads\/2025\/01\/686\/384\/mark-carney.jpg?ve=1&amp;tl=1 2x\" height=\"192\" width=\"343\"><source media=\"(min-width: 768px) and (max-width: 1023px)\" srcset=\"https:\/\/a57.foxnews.com\/static.foxnews.com\/foxnews.com\/content\/uploads\/2025\/01\/672\/378\/mark-carney.jpg?ve=1&amp;tl=1, https:\/\/a57.foxnews.com\/static.foxnews.com\/foxnews.com\/content\/uploads\/2025\/01\/1344\/756\/mark-carney.jpg?ve=1&amp;tl=1 2x\" height=\"378\" width=\"672\"><source media=\"(min-width: 1024px) and (max-width: 1279px)\" srcset=\"https:\/\/a57.foxnews.com\/static.foxnews.com\/foxnews.com\/content\/uploads\/2025\/01\/931\/523\/mark-carney.jpg?ve=1&amp;tl=1, https:\/\/a57.foxnews.com\/static.foxnews.com\/foxnews.com\/content\/uploads\/2025\/01\/1862\/1046\/mark-carney.jpg?ve=1&amp;tl=1 2x\" height=\"523\" width=\"931\"><source media=\"(min-width: 1280px)\" srcset=\"https:\/\/a57.foxnews.com\/static.foxnews.com\/foxnews.com\/content\/uploads\/2025\/01\/720\/405\/mark-carney.jpg?ve=1&amp;tl=1, https:\/\/a57.foxnews.com\/static.foxnews.com\/foxnews.com\/content\/uploads\/2025\/01\/1440\/810\/mark-carney.jpg?ve=1&amp;tl=1 2x\" height=\"405\" width=\"720\"><img loading=\"lazy\" decoding=\"async\" src=\"https:\/\/a57.foxnews.com\/static.foxnews.com\/foxnews.com\/content\/uploads\/2025\/01\/1200\/675\/mark-carney.jpg?ve=1&amp;tl=1\" alt=\"Mark Carney en la conferencia\" width=\"1200\" height=\"675\"\/><\/source><\/source><\/source><\/source><\/picture><\/div>\n<div class=\"info\">\n<div class=\"caption\">\n<p><span>Mark Carney habla en la Conferencia Sostenible de Finanzas, 28 de noviembre de 2024.<\/span> <span>(Adrian Wyld\/The Canadian Press a trav\u00e9s de AP, archivo)<\/span><\/p>\n<\/div>\n<\/div>\n<\/div>\n<p>M\u00e1s de la mitad del caucus de 153 miembros de los liberales en la C\u00e1mara de los Comunes lo ha respaldado para el l\u00edder sobre los antiguos ministros del gabinete Chrystia Freeland y Karina Gould, as\u00ed como al ex miembro del Parlamento (MP) Frank Baylis, los tres sirvieron en el gobierno de Trudeau.<\/p>\n<p>En la recaudaci\u00f3n de fondos, Carney ha acumulado la mayor\u00eda de las contribuciones de campa\u00f1a con $ 1.3 millones, o m\u00e1s del doble de lo que Freeland, un ex ministro de Asuntos Exteriores, recaud\u00f3 el mes pasado.<\/p>\n<p>Las encuestas tambi\u00e9n han demostrado que Carney es el favorito para convertirse en el pr\u00f3ximo l\u00edder liberal. Si mantiene ese trabajo y se convertir\u00e1 autom\u00e1ticamente en el primer ministro canadiense como el sucesor de Trudeau, ayudar\u00eda a impulsar la fortuna de su partido en las urnas.<\/p>\n<p>Una encuesta realizada por el Instituto Angus Reid, publicada el 5 de marzo, encontr\u00f3 que un partido liberal liderado por Carney era solo tres puntos (37%) detr\u00e1s del Partido Conservador Official de la Oposici\u00f3n, con un 40%. <\/p>\n<p>Los resultados de una encuesta de Leger, publicada el 3 de marzo, informaron un margen ligeramente m\u00e1s amplio, con los conservadores del 41% y los liberales, con Carney como l\u00edder, con un 33%.<\/p>\n<p>Sin embargo, la misma encuesta reciente de Angus Reid tambi\u00e9n encontr\u00f3 que el 43% de los canadienses creen que Carney ser\u00eda m\u00e1s adecuado, como primer ministro, para tratar con Trump, en comparaci\u00f3n con el l\u00edder conservador Pierre Poilievre, con el 34%.<\/p>\n<div class=\"image-ct inline\">\n<div class=\"m\"><picture><source media=\"(max-width: 767px)\" srcset=\"https:\/\/a57.foxnews.com\/static.foxnews.com\/foxnews.com\/content\/uploads\/2024\/10\/343\/192\/gettyimages-2122774737.jpg?ve=1&amp;tl=1, https:\/\/a57.foxnews.com\/static.foxnews.com\/foxnews.com\/content\/uploads\/2024\/10\/686\/384\/gettyimages-2122774737.jpg?ve=1&amp;tl=1 2x\" height=\"192\" width=\"343\"><source media=\"(min-width: 768px) and (max-width: 1023px)\" srcset=\"https:\/\/a57.foxnews.com\/static.foxnews.com\/foxnews.com\/content\/uploads\/2024\/10\/672\/378\/gettyimages-2122774737.jpg?ve=1&amp;tl=1, https:\/\/a57.foxnews.com\/static.foxnews.com\/foxnews.com\/content\/uploads\/2024\/10\/1344\/756\/gettyimages-2122774737.jpg?ve=1&amp;tl=1 2x\" height=\"378\" width=\"672\"><source media=\"(min-width: 1024px) and (max-width: 1279px)\" srcset=\"https:\/\/a57.foxnews.com\/static.foxnews.com\/foxnews.com\/content\/uploads\/2024\/10\/931\/523\/gettyimages-2122774737.jpg?ve=1&amp;tl=1, https:\/\/a57.foxnews.com\/static.foxnews.com\/foxnews.com\/content\/uploads\/2024\/10\/1862\/1046\/gettyimages-2122774737.jpg?ve=1&amp;tl=1 2x\" height=\"523\" width=\"931\"><source media=\"(min-width: 1280px)\" srcset=\"https:\/\/a57.foxnews.com\/static.foxnews.com\/foxnews.com\/content\/uploads\/2024\/10\/720\/405\/gettyimages-2122774737.jpg?ve=1&amp;tl=1, https:\/\/a57.foxnews.com\/static.foxnews.com\/foxnews.com\/content\/uploads\/2024\/10\/1440\/810\/gettyimages-2122774737.jpg?ve=1&amp;tl=1 2x\" height=\"405\" width=\"720\"><img loading=\"lazy\" decoding=\"async\" src=\"https:\/\/a57.foxnews.com\/static.foxnews.com\/foxnews.com\/content\/uploads\/2024\/10\/1200\/675\/gettyimages-2122774737.jpg?ve=1&amp;tl=1\" alt=\"L\u00edder del Partido Conservador Pierre Poilievre\" width=\"1200\" height=\"675\"\/><\/source><\/source><\/source><\/source><\/picture><\/div>\n<div class=\"info\">\n<div class=\"caption\">\n<p><span>El l\u00edder del Partido Conservador, Pierre Poilievre, habla durante una concentraci\u00f3n de \u00abSpike the Wike &#8211; Ax the Tax\u00bb el 27 de marzo de 2024 en Edmonton, Alberta.<\/span> <span>(Artur Widak\/Nurphoto a trav\u00e9s de Getty Images)<\/span><\/p>\n<\/div>\n<\/div>\n<\/div>\n<p>Incluso Poilievre ha reconocido que se enfrentar\u00e1 al favorito en la carrera liberal en las pr\u00f3ximas elecciones generales, llam\u00e1ndolo regularmente \u00abCarney Carney\u00bb, con referencia al impuesto al consumidor del gobierno canadiense sobre las emisiones de carbono que Carney inicialmente apoy\u00f3. Durante su carrera de liderazgo, el ex gobernador del Banco Central dijo que lo reemplazar\u00eda con un programa de incentivos que recompensa a los canadienses por \u00abtomar decisiones m\u00e1s verdes\u00bb, como comprar un aparato de eficiencia energ\u00e9tica.<\/p>\n<p>En una carta abierta del 26 de enero a Carney, Poilievre le pregunt\u00f3 si ser\u00eda \u00abdiferente al hombre que est\u00e1 tratando de reemplazar\u00bb y comprometerse a \u00abprohibir a cualquier ministro de Trudeau anterior de servir en su gabinete\u00bb o \u00abseguir la misma agenda de Trudeau?\u00bb<\/p>\n<p><strong><u>Trump exime a M\u00e9xico de los aranceles para los bienes de USMCA hasta el 2 de abril<\/u><\/strong><strong> <\/strong><\/p>\n<p>Norman Spector, quien se desempe\u00f1\u00f3 como jefe de gabinete del ex primer ministro conservador progresista Brian Mulroney, ve que el estatus de p\u00f3liza de carney de Carney lo sirve bien como primer ministro cuando se trata de la Casa Blanca.<\/p>\n<p>\u00abNo comienza con ning\u00fan equipaje con Trump, y creo que eso es muy, muy importante\u00bb, dijo Spector. Sugiri\u00f3 que Carney se re\u00fana con el presidente lo antes posible para dirigirse a \u00e1reas donde Canad\u00e1 y Estados Unidos pueden colaborar de cerca, como en la seguridad continental.<\/p>\n<div class=\"image-ct inline\">\n<div class=\"m\"><picture><source media=\"(max-width: 767px)\" srcset=\"https:\/\/a57.foxnews.com\/static.foxnews.com\/foxnews.com\/content\/uploads\/2025\/02\/343\/192\/mark-carney-scaled.jpg?ve=1&amp;tl=1, https:\/\/a57.foxnews.com\/static.foxnews.com\/foxnews.com\/content\/uploads\/2025\/02\/686\/384\/mark-carney-scaled.jpg?ve=1&amp;tl=1 2x\" height=\"192\" width=\"343\"><source media=\"(min-width: 768px) and (max-width: 1023px)\" srcset=\"https:\/\/a57.foxnews.com\/static.foxnews.com\/foxnews.com\/content\/uploads\/2025\/02\/672\/378\/mark-carney-scaled.jpg?ve=1&amp;tl=1, https:\/\/a57.foxnews.com\/static.foxnews.com\/foxnews.com\/content\/uploads\/2025\/02\/1344\/756\/mark-carney-scaled.jpg?ve=1&amp;tl=1 2x\" height=\"378\" width=\"672\"><source media=\"(min-width: 1024px) and (max-width: 1279px)\" srcset=\"https:\/\/a57.foxnews.com\/static.foxnews.com\/foxnews.com\/content\/uploads\/2025\/02\/931\/523\/mark-carney-scaled.jpg?ve=1&amp;tl=1, https:\/\/a57.foxnews.com\/static.foxnews.com\/foxnews.com\/content\/uploads\/2025\/02\/1862\/1046\/mark-carney-scaled.jpg?ve=1&amp;tl=1 2x\" height=\"523\" width=\"931\"><source media=\"(min-width: 1280px)\" srcset=\"https:\/\/a57.foxnews.com\/static.foxnews.com\/foxnews.com\/content\/uploads\/2025\/02\/720\/405\/mark-carney-scaled.jpg?ve=1&amp;tl=1, https:\/\/a57.foxnews.com\/static.foxnews.com\/foxnews.com\/content\/uploads\/2025\/02\/1440\/810\/mark-carney-scaled.jpg?ve=1&amp;tl=1 2x\" height=\"405\" width=\"720\"><img loading=\"lazy\" decoding=\"async\" src=\"https:\/\/a57.foxnews.com\/static.foxnews.com\/foxnews.com\/content\/uploads\/2025\/02\/1200\/675\/mark-carney-scaled.jpg?ve=1&amp;tl=1\" alt=\"Mark Carney lanza la campa\u00f1a para el liderazgo liberal federal\" width=\"1200\" height=\"675\"\/><\/source><\/source><\/source><\/source><\/picture><\/div>\n<div class=\"info\">\n<div class=\"caption\">\n<p><span>Mark Carney anunci\u00f3 oficialmente su oferta por el liderazgo del Partido Liberal en Laurier Heights Community League en Edmonton, Canad\u00e1, el 16 de enero de 2025.<\/span> <span>(Artur Widak\/Nurphoto a trav\u00e9s de Getty Images)<\/span><\/p>\n<\/div>\n<\/div>\n<\/div>\n<p>Carney no puede ser \u00abJustin Trudeau en un conjunto diferente de ropa o con un curr\u00edculum diferente\u00bb, dijo John Manley, ex viceprimer ministro y ministro de finanzas liberal canadiense, a Fox News Digital.<\/p>\n<p>\u00abTiene que ser un candidato para el cambio y ser visto como el tipo serio que puede enfrentarse a Donald Trump\u00bb, al tiempo que se\u00f1ala que la pregunta de la votaci\u00f3n en Canad\u00e1 ha cambiado de la impopularidad en Canad\u00e1 de Trudeau a Trump.<\/p>\n<p>Ya no es miembro del partido liberal de Canad\u00e1, Manley dijo que Carney \u00abprometi\u00f3 trasladar al partido hacia el centro y hacer de la econom\u00eda su enfoque, y ambos ser\u00edan bienvenidos\u00bb.<\/p>\n<p>El mi\u00e9rcoles pasado, Carney dijo que eliminar\u00eda las barreras comerciales nacionales entre las 10 provincias y tres territorios que expandir\u00edan la econom\u00eda canadiense hasta $ 140 mil millones.<\/p>\n<p>El mismo d\u00eda, Trudeau y los ministros provinciales y territoriales acordaron hacer lo mismo para reducir la dependencia del comercio con los Estados Unidos en respuesta a las tarifas de la administraci\u00f3n Trump en Canad\u00e1.<\/p>\n<p>Manley dijo que los liberales \u00abtienen que dejar de enfocarse en la pol\u00edtica de identidad\u00bb, que seg\u00fan \u00e9l es \u00abimportante para una peque\u00f1a banda de personas\u00bb.<\/p>\n<div class=\"image-ct inline\">\n<div class=\"m\"><picture><source media=\"(max-width: 767px)\" srcset=\"https:\/\/a57.foxnews.com\/static.foxnews.com\/foxnews.com\/content\/uploads\/2025\/01\/343\/192\/trudeau.jpg?ve=1&amp;tl=1, https:\/\/a57.foxnews.com\/static.foxnews.com\/foxnews.com\/content\/uploads\/2025\/01\/686\/384\/trudeau.jpg?ve=1&amp;tl=1 2x\" height=\"192\" width=\"343\"><source media=\"(min-width: 768px) and (max-width: 1023px)\" srcset=\"https:\/\/a57.foxnews.com\/static.foxnews.com\/foxnews.com\/content\/uploads\/2025\/01\/672\/378\/trudeau.jpg?ve=1&amp;tl=1, https:\/\/a57.foxnews.com\/static.foxnews.com\/foxnews.com\/content\/uploads\/2025\/01\/1344\/756\/trudeau.jpg?ve=1&amp;tl=1 2x\" height=\"378\" width=\"672\"><source media=\"(min-width: 1024px) and (max-width: 1279px)\" srcset=\"https:\/\/a57.foxnews.com\/static.foxnews.com\/foxnews.com\/content\/uploads\/2025\/01\/931\/523\/trudeau.jpg?ve=1&amp;tl=1, https:\/\/a57.foxnews.com\/static.foxnews.com\/foxnews.com\/content\/uploads\/2025\/01\/1862\/1046\/trudeau.jpg?ve=1&amp;tl=1 2x\" height=\"523\" width=\"931\"><source media=\"(min-width: 1280px)\" srcset=\"https:\/\/a57.foxnews.com\/static.foxnews.com\/foxnews.com\/content\/uploads\/2025\/01\/720\/405\/trudeau.jpg?ve=1&amp;tl=1, https:\/\/a57.foxnews.com\/static.foxnews.com\/foxnews.com\/content\/uploads\/2025\/01\/1440\/810\/trudeau.jpg?ve=1&amp;tl=1 2x\" height=\"405\" width=\"720\"><img loading=\"lazy\" decoding=\"async\" src=\"https:\/\/a57.foxnews.com\/static.foxnews.com\/foxnews.com\/content\/uploads\/2025\/01\/1200\/675\/trudeau.jpg?ve=1&amp;tl=1\" alt=\"Trudeau en San Francisco\" width=\"1200\" height=\"675\"\/><\/source><\/source><\/source><\/source><\/picture><\/div>\n<div class=\"info\">\n<div class=\"caption\">\n<p><span>El primer ministro Justin Trudeau saluda cuando sale de las oficinas de Salesforce el 8 de febrero de 2018 en San Francisco.<\/span> <span>(Ryan Remiorz\/The Canadian Press a trav\u00e9s de AP, archivo)<\/span><\/p>\n<\/div>\n<\/div>\n<\/div>\n<p>\u00abNo podemos seguir luchando contra las guerras culturales. Heri\u00f3 gravemente a los dem\u00f3cratas en los Estados Unidos\u00bb<\/p>\n<p>Tambi\u00e9n dijo que Carney necesita llamar r\u00e1pidamente a las elecciones generales antes de que el Parlamento est\u00e9 programado para reanudar el 24 de marzo. <\/p>\n<p>Si se convirtiera en un l\u00edder liberal el domingo, Carney tambi\u00e9n se convertir\u00eda autom\u00e1ticamente en el primer ministro designado ya que los liberales lideran al gobierno bajo Trudeau. <\/p>\n<p>La fecha de transici\u00f3n formal para que Carney asuma que el cargo a\u00fan no se ha determinado, pero \u00e9l ser\u00eda el primer primer ministro canadiense en nunca haber ocupado el cargo elegido y necesitar\u00eda ganar un esca\u00f1o en la C\u00e1mara de los Comunes. Por lo tanto, la necesidad de un voto nacional tambi\u00e9n es personal, ya que permitir\u00eda a Carney correr en una conducci\u00f3n (distrito) a\u00fan por determinar para convertirse en miembro del Parlamento.<\/p>\n<p><strong>Trump le dice a Trudeau Fentanyl Rackdown &#8216;no es lo suficientemente bueno&#8217; para evitar los aranceles<\/strong><\/p>\n<p>Manley, quien se postul\u00f3 para el liderazgo liberal canadiense en 2003, ganado por el ex primer ministro Paul Martin, dijo que Carney necesitar\u00e1 nuevas caras en su gabinete.<\/p>\n<p>Tambi\u00e9n ve a Carney, un graduado de las universidades de Harvard y Oxford con un doctorado en econom\u00eda, como una ventaja sobre Poilievre en las pr\u00f3ximas elecciones.<\/p>\n<p>Nacido en los territorios del noroeste de Canad\u00e1, Carney, de 59 a\u00f1os, tambi\u00e9n fue un ejecutivo de Goldman Sachs, que tambi\u00e9n se desempe\u00f1\u00f3 como enviado especial de las Naciones Unidas para la Acci\u00f3n y Finanzas del Clima.<\/p>\n<div class=\"image-ct inline\">\n<div class=\"m\"><picture><source media=\"(max-width: 767px)\" srcset=\"https:\/\/a57.foxnews.com\/static.foxnews.com\/foxnews.com\/content\/uploads\/2019\/11\/343\/192\/Canadian-Flag-iStock.jpg?ve=1&amp;tl=1, https:\/\/a57.foxnews.com\/static.foxnews.com\/foxnews.com\/content\/uploads\/2019\/11\/686\/384\/Canadian-Flag-iStock.jpg?ve=1&amp;tl=1 2x\" height=\"192\" width=\"343\"><source media=\"(min-width: 768px) and (max-width: 1023px)\" srcset=\"https:\/\/a57.foxnews.com\/static.foxnews.com\/foxnews.com\/content\/uploads\/2019\/11\/672\/378\/Canadian-Flag-iStock.jpg?ve=1&amp;tl=1, https:\/\/a57.foxnews.com\/static.foxnews.com\/foxnews.com\/content\/uploads\/2019\/11\/1344\/756\/Canadian-Flag-iStock.jpg?ve=1&amp;tl=1 2x\" height=\"378\" width=\"672\"><source media=\"(min-width: 1024px) and (max-width: 1279px)\" srcset=\"https:\/\/a57.foxnews.com\/static.foxnews.com\/foxnews.com\/content\/uploads\/2019\/11\/931\/523\/Canadian-Flag-iStock.jpg?ve=1&amp;tl=1, https:\/\/a57.foxnews.com\/static.foxnews.com\/foxnews.com\/content\/uploads\/2019\/11\/1862\/1046\/Canadian-Flag-iStock.jpg?ve=1&amp;tl=1 2x\" height=\"523\" width=\"931\"><source media=\"(min-width: 1280px)\" srcset=\"https:\/\/a57.foxnews.com\/static.foxnews.com\/foxnews.com\/content\/uploads\/2019\/11\/720\/405\/Canadian-Flag-iStock.jpg?ve=1&amp;tl=1, https:\/\/a57.foxnews.com\/static.foxnews.com\/foxnews.com\/content\/uploads\/2019\/11\/1440\/810\/Canadian-Flag-iStock.jpg?ve=1&amp;tl=1 2x\" height=\"405\" width=\"720\"><img loading=\"lazy\" decoding=\"async\" src=\"https:\/\/a57.foxnews.com\/static.foxnews.com\/foxnews.com\/content\/uploads\/2019\/11\/1200\/675\/Canadian-Flag-iStock.jpg?ve=1&amp;tl=1\" alt=\"Bandera canadiense\" width=\"1200\" height=\"675\"\/><\/source><\/source><\/source><\/source><\/picture><\/div>\n<div class=\"info\">\n<div class=\"caption\">\n<p><span>Los liberales de Canad\u00e1 votan a un nuevo l\u00edder el domingo.<\/span> <span>(Istock)<\/span><\/p>\n<\/div>\n<\/div>\n<\/div>\n<p>Por el contrario, Poilievre, de 45 a\u00f1os, \u00abno ha hecho nada m\u00e1s que pol\u00edtica para su vida adulta\u00bb, dijo Manley.<\/p>\n<p>El l\u00edder de la oposici\u00f3n fue elegido por primera vez como diputado conservador para una conducci\u00f3n de Ottawa en 2004 cuando ten\u00eda 24 a\u00f1os.<\/p>\n<p>Pero Manley dijo: \u00abPoilievre es un comunicador muy efectivo\u00bb, y Carney tiene que \u00abdemostrar que puede relacionarse con el hombre com\u00fan en la calle\u00bb.<\/p>\n<p><strong>Haga clic aqu\u00ed para leer m\u00e1s en Fox Business<\/strong><\/p>\n<p>\u00ab\u00bfPuede apelar a las personas que eligen gobiernos, muchos de los cuales no leen particularmente libros, y ni siquiera pueden leer peri\u00f3dicos?\u00bb<\/p>\n<p>\u00abSer un pol\u00edtico exitoso hoy requiere un conjunto de habilidades diferentes de lo que fue incluso en mi tiempo\u00bb, dijo.<\/p>\n<p> <!----> <\/p>\n<div class=\"article-meta\">\n<div class=\"author-bio\">\n<p>Christopher Guly es un periodista con sede en Ottawa y miembro de la galer\u00eda de prensa parlamentaria canadiense. Ha informado desde Canad\u00e1 para varios medios de comunicaci\u00f3n en los Estados Unidos y el Reino Unido que puede ser seguido en X @christopherguly<\/p>\n<\/div>\n<\/div>\n<\/div>\n\n","protected":false},"excerpt":{"rendered":"<p>OTTAWA &#8211; Mark Carney nunca ha ocupado un cargo electo, pero durante a\u00f1os ha sido promocionado como un futuro l\u00edder del Partido Liberal de Canad\u00e1, y si la encuesta va como se esperaba, es el favorito para ganar la carrera de liderazgo de su partido el domingo. Se espera que Carney, el ex gobernador del &hellip;<\/p>\n","protected":false},"author":1,"featured_media":17880,"comment_status":"open","ping_status":"open","sticky":false,"template":"","format":"standard","meta":{"fifu_image_url":"https:\/\/static.foxnews.com\/foxnews.com\/content\/uploads\/2025\/03\/trump-carney.jpg","fifu_image_alt":"","footnotes":""},"categories":[13],"tags":[],"class_list":["post-17878","post","type-post","status-publish","format-standard","has-post-thumbnail","","category-mundo"],"_links":{"self":[{"href":"https:\/\/noticiasveraces.com\/index.php?rest_route=\/wp\/v2\/posts\/17878","targetHints":{"allow":["GET"]}}],"collection":[{"href":"https:\/\/noticiasveraces.com\/index.php?rest_route=\/wp\/v2\/posts"}],"about":[{"href":"https:\/\/noticiasveraces.com\/index.php?rest_route=\/wp\/v2\/types\/post"}],"author":[{"embeddable":true,"href":"https:\/\/noticiasveraces.com\/index.php?rest_route=\/wp\/v2\/users\/1"}],"replies":[{"embeddable":true,"href":"https:\/\/noticiasveraces.com\/index.php?rest_route=%2Fwp%2Fv2%2Fcomments&post=17878"}],"version-history":[{"count":0,"href":"https:\/\/noticiasveraces.com\/index.php?rest_route=\/wp\/v2\/posts\/17878\/revisions"}],"wp:featuredmedia":[{"embeddable":true,"href":"https:\/\/noticiasveraces.com\/index.php?rest_route=\/wp\/v2\/media\/17880"}],"wp:attachment":[{"href":"https:\/\/noticiasveraces.com\/index.php?rest_route=%2Fwp%2Fv2%2Fmedia&parent=17878"}],"wp:term":[{"taxonomy":"category","embeddable":true,"href":"https:\/\/noticiasveraces.com\/index.php?rest_route=%2Fwp%2Fv2%2Fcategories&post=17878"},{"taxonomy":"post_tag","embeddable":true,"href":"https:\/\/noticiasveraces.com\/index.php?rest_route=%2Fwp%2Fv2%2Ftags&post=17878"}],"curies":[{"name":"wp","href":"https:\/\/api.w.org\/{rel}","templated":true}]}}