{"id":17872,"date":"2025-03-09T12:16:48","date_gmt":"2025-03-09T16:16:48","guid":{"rendered":"https:\/\/noticiasveraces.com\/?p=17872"},"modified":"2025-03-09T12:16:48","modified_gmt":"2025-03-09T16:16:48","slug":"mikaela-shiffrin-establece-el-record-de-los-podios-de-la-copa-mundial-que-ocupa-el-tercer-lugar-en-la-carrera-de-slalom","status":"publish","type":"post","link":"https:\/\/noticiasveraces.com\/?p=17872","title":{"rendered":"Mikaela Shiffrin establece el r\u00e9cord de los podios de la Copa Mundial que ocupa el tercer lugar en la carrera de slalom"},"content":{"rendered":"<p> \n<\/p>\n<div>\n<p class=\"body-graf\">SON, Suecia-Mikaela Shiffrin estableci\u00f3 un r\u00e9cord de la Copa Mundial de todos los tiempos el domingo con su n\u00famero 156 de podio, aunque dej\u00f3 que la victoria se escapara en un slalom.<\/p>\n<p class=\"body-graf\">Corriendo a trav\u00e9s de la nieve que cae constantemente con una ventaja de primera carrera, Shiffrin fue solo el 25\u00ba m\u00e1s r\u00e1pido en la segunda carrera para terminar en tercer lugar, 0.19 segundos detr\u00e1s de la ganadora sorpresa Katharina Truppe.<\/p>\n<p class=\"body-graf\">Katharina Lienberger ocup\u00f3 el segundo lugar, detr\u00e1s de 0.05 detr\u00e1s de su compa\u00f1ero de equipo de Austria, cuya primera victoria en la Copa Mundial de Carrera se obtuvo a los 29 a\u00f1os.<\/p>\n<p class=\"body-graf\">\u00ab\u00a1D\u00eda de Katharina!\u00bb Shiffrin dijo en el \u00e1rea de finalizaci\u00f3n mientras abrazaba a los dos corredores que la vencieron.<\/p>\n<figure class=\"styles_inlineImage__FvnTh styles_medium__MEKii\"><picture class=\"styles_image__i32F7\" data-testid=\"picture\"><source media=\"(min-width: 1000px)\" srcset=\"https:\/\/media-cldnry.s-nbcnews.com\/image\/upload\/t_fit-560w,f_avif,q_auto:eco,dpr_2\/rockcms\/2025-03\/250309-Mikaela-Shiffrin-vl-1151a-1b989f.jpg 2x, https:\/\/media-cldnry.s-nbcnews.com\/image\/upload\/t_fit-560w,f_auto,q_auto:best\/rockcms\/2025-03\/250309-Mikaela-Shiffrin-vl-1151a-1b989f.jpg 1x\"\/><source media=\"(min-width: 320px)\" srcset=\"https:\/\/media-cldnry.s-nbcnews.com\/image\/upload\/t_fit-760w,f_avif,q_auto:eco,dpr_2\/rockcms\/2025-03\/250309-Mikaela-Shiffrin-vl-1151a-1b989f.jpg 2x, https:\/\/media-cldnry.s-nbcnews.com\/image\/upload\/t_fit-760w,f_auto,q_auto:best\/rockcms\/2025-03\/250309-Mikaela-Shiffrin-vl-1151a-1b989f.jpg 1x\"\/><img decoding=\"async\" loading=\"lazy\" src=\"https:\/\/media-cldnry.s-nbcnews.com\/image\/upload\/t_fit-760w,f_auto,q_auto:best\/rockcms\/2025-03\/250309-Mikaela-Shiffrin-vl-1151a-1b989f.jpg\" alt=\"Mikaela Shiffrin sostiene dos esqu\u00eds en celebraci\u00f3n\" height=\"1333\" width=\"2000\"\/><\/picture><figcaption class=\"caption styles_caption__TCewG\" data-testid=\"caption\"><span class=\"caption__container\" data-testid=\"caption__container\">Mikaela Shiffrin celebra terminar tercero despu\u00e9s de un esqu\u00ed alpino durante el slalom de la Copa Mundial Femenina el domingo.<\/span><span class=\"caption__source\" data-testid=\"caption__source\">Giovanni Auletta \/ AP<\/span><\/figcaption><\/figure>\n<p class=\"body-graf\">\u00abRealmente me siento bastante bien al respecto\u00bb, dijo Shiffrin sobre su quinta carrera de slalom en su regreso de un accidente grave en noviembre. \u00abTal vez no siempre era perfecto, pero estaba presionando muy duro\u00bb.<\/p>\n<p class=\"body-graf\">El 156 \u00b0 Top 3 de Shiffrin en su carrera en la Copa Mundial rompi\u00f3 un empate con el gran Ingemar Stenmark sueco. Shiffrin tambi\u00e9n tom\u00f3 el r\u00e9cord de victorias de todos los tiempos de Stenmark y ahora tiene 100 a sus 86.<\/p>\n<p class=\"body-graf\">Truppe ahora tiene una de su inicio de la 181\u00aa Copa Mundial, aunque tiene tres medallas de campeonato, incluido el Evento de Evento del Equipo de Oro en los Juegos Ol\u00edmpicos de Beijing de 2022.<\/p>\n<p class=\"body-graf\">\u00abEs solo: &#8216;Wow&#8217;. Estoy un poco sin palabras \u201d, dijo Truppe, quien hab\u00eda sido sexto m\u00e1s r\u00e1pido en la carrera de la ma\u00f1ana, siguiendo a Shiffrin por 0.91. \u201cPrimera victoria, es una locura. Lo disfrutar\u00e9 y absorber\u00e9 toda esta emoci\u00f3n \u00ab.<\/p>\n<p class=\"body-graf\">Tanto Truppe como Shiffrin tienen 29 a\u00f1os y ganaron medallas de bronce de slalom en el Campeonato Mundial Junior, aunque sus carreras estaban en diferentes trayectorias. Shiffrin gan\u00f3 su medalla a los 15 a\u00f1os en 2011 y ya ten\u00eda dos t\u00edtulos de slalom de la Copa Mundial y oro ol\u00edmpico antes de que Truppe obtuviera su medalla Junior Worlds en 2015.<\/p>\n<p class=\"body-graf\">Shiffrin necesitaba ganar el domingo para ganar 100 puntos de carrera y permanecer en disputa, aunque solo solo, por un noveno t\u00edtulo de slalom de toda la temporada. Se perdi\u00f3 cuatro carreras de slalom mientras se recuperaba de sus lesiones f\u00edsicas y psicol\u00f3gicas.<\/p>\n<p class=\"body-graf\">\u201cTodav\u00eda estoy tratando de recuperar la repetici\u00f3n. Solo tengo que seguir practic\u00e1ndolo \u201d, dijo.<\/p>\n<p class=\"body-graf\">Con la campeona ol\u00edmpica de Slalom Petra Vlhova saltando toda la temporada para recuperarse de una lesi\u00f3n en la rodilla, la puerta se abri\u00f3 para un nuevo ganador del t\u00edtulo de la Copa Mundial.<\/p>\n<p class=\"body-graf\">El \u00faltimo slalom de la temporada de la Copa Mundial est\u00e1 en Sun Valley, Idaho, el 27 de marzo con cuatro esquiadores por delante de Shiffrin y dentro de los 100 puntos de la ventaja para levantar el Trofeo Crystal Globe.<\/p>\n<p class=\"body-graf\">Los contendientes que persegu\u00edan el t\u00edtulo Zrinka Ljutic y Camille Rast, el medallista de oro del Campeonato Mundial el mes pasado, ambos estaban por debajo de su mejor forma el domingo y se ubicaron d\u00e9cimo y 11, respectivamente.<\/p>\n<p class=\"body-graf\">Antes de ir a los Estados Unidos, Ljutic, de 21 a\u00f1os, lidera a Rast en la clasificaci\u00f3n de Slalom por 41 puntos y ganar\u00e1 el t\u00edtulo con un resultado entre los tres primeros. Lienberger, el campe\u00f3n de 2021 y la compa\u00f1era de equipo suizo de Rast, Wendy Holder, tambi\u00e9n podr\u00edan ganar.<\/p>\n<p class=\"body-graf\">Shiffrin dijo que planea entrenar en Europa antes del viaje a trav\u00e9s de siete zonas horarias, al complejo de Idaho que organiz\u00f3 las \u00faltimas carreras de la Copa Mundial en 1977.<\/p>\n<p class=\"endmark body-graf\">\u201cCiertamente hay algunos desaf\u00edos de viaje. Es una distancia muy larga \u201d, dijo. \u00abSupongo que una carrera m\u00e1s esta temporada para m\u00ed, pero estoy deseando que llegue\u00bb.<\/p>\n<\/div>\n\n","protected":false},"excerpt":{"rendered":"<p>SON, Suecia-Mikaela Shiffrin estableci\u00f3 un r\u00e9cord de la Copa Mundial de todos los tiempos el domingo con su n\u00famero 156 de podio, aunque dej\u00f3 que la victoria se escapara en un slalom. Corriendo a trav\u00e9s de la nieve que cae constantemente con una ventaja de primera carrera, Shiffrin fue solo el 25\u00ba m\u00e1s r\u00e1pido en &hellip;<\/p>\n","protected":false},"author":1,"featured_media":17874,"comment_status":"open","ping_status":"open","sticky":false,"template":"","format":"standard","meta":{"fifu_image_url":"https:\/\/media-cldnry.s-nbcnews.com\/image\/upload\/t_nbcnews-fp-1200-630,f_auto,q_auto:best\/rockcms\/2025-03\/250309-Mikaela-Shiffrin-vl-1151a-1b989f.jpg","fifu_image_alt":"","footnotes":""},"categories":[4],"tags":[],"class_list":["post-17872","post","type-post","status-publish","format-standard","has-post-thumbnail","","category-historias-destacadas"],"_links":{"self":[{"href":"https:\/\/noticiasveraces.com\/index.php?rest_route=\/wp\/v2\/posts\/17872","targetHints":{"allow":["GET"]}}],"collection":[{"href":"https:\/\/noticiasveraces.com\/index.php?rest_route=\/wp\/v2\/posts"}],"about":[{"href":"https:\/\/noticiasveraces.com\/index.php?rest_route=\/wp\/v2\/types\/post"}],"author":[{"embeddable":true,"href":"https:\/\/noticiasveraces.com\/index.php?rest_route=\/wp\/v2\/users\/1"}],"replies":[{"embeddable":true,"href":"https:\/\/noticiasveraces.com\/index.php?rest_route=%2Fwp%2Fv2%2Fcomments&post=17872"}],"version-history":[{"count":0,"href":"https:\/\/noticiasveraces.com\/index.php?rest_route=\/wp\/v2\/posts\/17872\/revisions"}],"wp:featuredmedia":[{"embeddable":true,"href":"https:\/\/noticiasveraces.com\/index.php?rest_route=\/wp\/v2\/media\/17874"}],"wp:attachment":[{"href":"https:\/\/noticiasveraces.com\/index.php?rest_route=%2Fwp%2Fv2%2Fmedia&parent=17872"}],"wp:term":[{"taxonomy":"category","embeddable":true,"href":"https:\/\/noticiasveraces.com\/index.php?rest_route=%2Fwp%2Fv2%2Fcategories&post=17872"},{"taxonomy":"post_tag","embeddable":true,"href":"https:\/\/noticiasveraces.com\/index.php?rest_route=%2Fwp%2Fv2%2Ftags&post=17872"}],"curies":[{"name":"wp","href":"https:\/\/api.w.org\/{rel}","templated":true}]}}