{"id":17863,"date":"2025-03-09T09:15:14","date_gmt":"2025-03-09T13:15:14","guid":{"rendered":"https:\/\/noticiasveraces.com\/?p=17863"},"modified":"2025-03-09T09:15:14","modified_gmt":"2025-03-09T13:15:14","slug":"huelga-de-utima-hora-paraliza-el-aeropuerto-de-hamburgo-dw-03-09-2025","status":"publish","type":"post","link":"https:\/\/noticiasveraces.com\/?p=17863","title":{"rendered":"Huelga de \u00datima Hora Paraliza el Aeropuerto de Hamburgo &#8211; DW &#8211; 03\/09\/2025"},"content":{"rendered":"<p> \n<\/p>\n<div>\n<p>Una huelga convocada a \u00daltima hora por el el sindicato alem\u00e1n ver.di p\u00e1rrico los servicios de asistencia en tierra paraliza desde la se\u00f1orana deja domingo (09.03.2025) el aeropuerto de hamburgo, s\u00f3lo un d\u00eda antes del paro en esthe y otros aerzom Alemanes, Entre Ellos Los de Frankfurt, M\u00fanich y Berl\u00edn.<\/p>\n<p>\u00abSin plazo de preaviso, el sindicato Ver.di ha convocado a los servicios de asistencia en tierra del aeropuerto de Hamburgo a una huelga inmediata este domingo 9 de marzo. Por este motivo, el aeropuerto permanece cerrado y no habr\u00e1 salidas ni llegadas durante todo el d\u00eda\u00bb, Puede Leerse en la P\u00e1gina en Internet del Aeropuerto, Donde Tambi\u00e9n se Pide A Los Pasajeros Afectados ponse en ContactO Con SUS Compa\u00f1asa Areas.<\/p>\n<p>\u00abMa\u00f1ana, Lunes 10 de Marzo, ver.di tambi\u00e9n ha convocado a una huelga en varias \u00e1reas del aeropuerto, incluidas la asistencia a los aviones y los controles de seguridad de Pasajeros. Vuelo \u00ab, Advierte el Sitio Web. \u00abEN Principio, para Hoy Hab\u00eda Programadas 144 Llegadas y 139 Salidas, De Las Cuales S\u00f3lo Pudieron Efectuarse Unos 10 Vuelos Esta Ma\u00f1ana\u00bb, Se\u00f1al\u00f3 una Portavoz Aeroportuaria.<\/p>\n<p><span data-slot-id=\"Article_InContent-1\" class=\"rich-text-ad\"\/><\/p>\n<h2>S\u00ed avisaron<\/h2>\n<p>Lars Stubbe, Secretario Sindical, Neg\u00f3 que la Huelga no Hubiera Sido ANUNCIADA AL AFIRCAR QUE SE INFORM\u00d3 AL AEROPUERTO \u00abCON MEDIO HORA DE ANTRONACI\u00d3N, COMO EXIGE LA LEY\u00bb. \u00abLas Negociaciones Salariales est\u00e1n Estancadas. Por ESO Ejercemos Presi\u00f3n. El Objetivo de la Huelga es causar Da\u00f1os Econ\u00f3micos\u00bb, Afirm\u00f3.<\/p>\n<p>Un Portavoz de Ver.Di Justific\u00f3 la Huelga de \u00daltima Hora Acusando A Al Aeropuerto de Hamburgo de Haber Convocado A Rompehuelgas. Por ello, sostuvo, esta movilizaci\u00f3n de Hoy domingo era necesaria \u00abparaegurarnos de que los efectos\u00bb de la huelga se sientan. Indic\u00f3 que si bien saben en el sindicato que este afectar a los videejeros, la respuesta de lossabilidas de lossados \u200b\u200bde lossados \u200b\u200bde los casos de los s\u00edntesis de los vijeros. Escenarios.<\/p>\n<p>El Viernes ver.Di Convoc\u00f3 una Huelga de Advertencia para el Lunes en una vez Aeropuertos Alemanes para reclamar mejoras salariales para los emp le\u00f1as que trabajan en el sector p\u00fablico y en los servicios de asistencia en tierra.<\/p>\n<p>\u00abDispu\u00e9s de dos Rondas de Negociaciones, La Patronal P\u00fablica no ha Hecho una Oferta Adecuada. Por ESO Recurrimos Ahora Al \u00daltimo Recurso: La Huelga. EN LOS Aeropuertos de M\u00fanich, Bremen, Bremen, Bremen, Hannania, Colonia\/Bonn, D\u00fcsdorf, Dortmen, STUTTGART, BRUMEN, HATRA, Frankan Hamburgo, Berl\u00edn-Brandeburgo y Leipzig-Halle Haremos Huelga El 10 de Marzo de 2025 para Luchar Por SALARIOS JUSTOS Y MEJORES CONDICIONES \u00ab, ANUNCI\u00d3N ENDICATO EN UNO COMUNICADO.<\/p>\n<p>Seg\u00fan la Asociatura de Aeropuertos Alemanes (adv), en total se cancelar\u00e1n m\u00e1s de 3.400 Vuelos y Unos 510.000 Pasajeros se Ver\u00e1n Afectados.<\/p>\n<p>DZC (EFE, DPA)<\/p>\n<\/div>\n\n","protected":false},"excerpt":{"rendered":"<p>Una huelga convocada a \u00daltima hora por el el sindicato alem\u00e1n ver.di p\u00e1rrico los servicios de asistencia en tierra paraliza desde la se\u00f1orana deja domingo (09.03.2025) el aeropuerto de hamburgo, s\u00f3lo un d\u00eda antes del paro en esthe y otros aerzom Alemanes, Entre Ellos Los de Frankfurt, M\u00fanich y Berl\u00edn. \u00abSin plazo de preaviso, el &hellip;<\/p>\n","protected":false},"author":1,"featured_media":17864,"comment_status":"open","ping_status":"open","sticky":false,"template":"","format":"standard","meta":{"fifu_image_url":"https:\/\/static.dw.com\/image\/70480570_6.jpg","fifu_image_alt":"","footnotes":""},"categories":[13],"tags":[],"class_list":["post-17863","post","type-post","status-publish","format-standard","has-post-thumbnail","","category-mundo"],"_links":{"self":[{"href":"https:\/\/noticiasveraces.com\/index.php?rest_route=\/wp\/v2\/posts\/17863","targetHints":{"allow":["GET"]}}],"collection":[{"href":"https:\/\/noticiasveraces.com\/index.php?rest_route=\/wp\/v2\/posts"}],"about":[{"href":"https:\/\/noticiasveraces.com\/index.php?rest_route=\/wp\/v2\/types\/post"}],"author":[{"embeddable":true,"href":"https:\/\/noticiasveraces.com\/index.php?rest_route=\/wp\/v2\/users\/1"}],"replies":[{"embeddable":true,"href":"https:\/\/noticiasveraces.com\/index.php?rest_route=%2Fwp%2Fv2%2Fcomments&post=17863"}],"version-history":[{"count":0,"href":"https:\/\/noticiasveraces.com\/index.php?rest_route=\/wp\/v2\/posts\/17863\/revisions"}],"wp:featuredmedia":[{"embeddable":true,"href":"https:\/\/noticiasveraces.com\/index.php?rest_route=\/wp\/v2\/media\/17864"}],"wp:attachment":[{"href":"https:\/\/noticiasveraces.com\/index.php?rest_route=%2Fwp%2Fv2%2Fmedia&parent=17863"}],"wp:term":[{"taxonomy":"category","embeddable":true,"href":"https:\/\/noticiasveraces.com\/index.php?rest_route=%2Fwp%2Fv2%2Fcategories&post=17863"},{"taxonomy":"post_tag","embeddable":true,"href":"https:\/\/noticiasveraces.com\/index.php?rest_route=%2Fwp%2Fv2%2Ftags&post=17863"}],"curies":[{"name":"wp","href":"https:\/\/api.w.org\/{rel}","templated":true}]}}