{"id":17844,"date":"2025-03-09T06:10:10","date_gmt":"2025-03-09T10:10:10","guid":{"rendered":"https:\/\/noticiasveraces.com\/?p=17844"},"modified":"2025-03-09T06:10:10","modified_gmt":"2025-03-09T10:10:10","slug":"el-papa-francisco-respondiendo-bien-mostrando-una-mejora-gradual-ya-que-el-vaticano-celebra-otro-evento-del-ano-santo-sin-el","status":"publish","type":"post","link":"https:\/\/noticiasveraces.com\/?p=17844","title":{"rendered":"El Papa Francisco respondiendo bien, mostrando una mejora gradual ya que el Vaticano celebra otro evento del A\u00f1o Santo sin \u00e9l"},"content":{"rendered":"<p> \n<\/p>\n<div>\n<p class=\"speakable\">El Papa Francisco est\u00e1 respondiendo bien al tratamiento y ha mostrado una \u00abmejora gradual y leve\u00bb en los \u00faltimos d\u00edas, ya que permanece en el hospital recuper\u00e1ndose de la doble neumon\u00eda, dijo el Vaticano el domingo.<\/p>\n<p class=\"speakable\">\u00abLa noche fue tranquila; el Papa est\u00e1 descansando\u00bb, dijo el Vaticano en un comunicado.<\/p>\n<p>Francis, de 88 a\u00f1os, fue admitido en Roma <u>Hospital Gemelli<\/u> El 14 de febrero despu\u00e9s de un episodio de bronquitis de una semana empeor\u00f3. Los m\u00e9dicos primero diagnosticaron la compleja infecci\u00f3n del tracto respiratorio viral, bacteriano y f\u00fangico y, posteriormente, el inicio de neumon\u00eda en ambos pulmones.<\/p>\n<p><strong>El Papa Francisco muestra &#8216;ligera mejora&#8217; durante la cuarta semana en el hospital, dice el Vaticano<\/strong><\/p>\n<div class=\"image-ct inline\">\n<div class=\"m\"><picture><source media=\"(max-width: 767px)\" srcset=\"https:\/\/a57.foxnews.com\/static.foxnews.com\/foxnews.com\/content\/uploads\/2025\/02\/343\/192\/pope-francis-health-update_002-.jpg?ve=1&amp;tl=1, https:\/\/a57.foxnews.com\/static.foxnews.com\/foxnews.com\/content\/uploads\/2025\/02\/686\/384\/pope-francis-health-update_002-.jpg?ve=1&amp;tl=1 2x\" height=\"192\" width=\"343\"><source media=\"(min-width: 768px) and (max-width: 1023px)\" srcset=\"https:\/\/a57.foxnews.com\/static.foxnews.com\/foxnews.com\/content\/uploads\/2025\/02\/672\/378\/pope-francis-health-update_002-.jpg?ve=1&amp;tl=1, https:\/\/a57.foxnews.com\/static.foxnews.com\/foxnews.com\/content\/uploads\/2025\/02\/1344\/756\/pope-francis-health-update_002-.jpg?ve=1&amp;tl=1 2x\" height=\"378\" width=\"672\"><source media=\"(min-width: 1024px) and (max-width: 1279px)\" srcset=\"https:\/\/a57.foxnews.com\/static.foxnews.com\/foxnews.com\/content\/uploads\/2025\/02\/931\/523\/pope-francis-health-update_002-.jpg?ve=1&amp;tl=1, https:\/\/a57.foxnews.com\/static.foxnews.com\/foxnews.com\/content\/uploads\/2025\/02\/1862\/1046\/pope-francis-health-update_002-.jpg?ve=1&amp;tl=1 2x\" height=\"523\" width=\"931\"><source media=\"(min-width: 1280px)\" srcset=\"https:\/\/a57.foxnews.com\/static.foxnews.com\/foxnews.com\/content\/uploads\/2025\/02\/720\/405\/pope-francis-health-update_002-.jpg?ve=1&amp;tl=1, https:\/\/a57.foxnews.com\/static.foxnews.com\/foxnews.com\/content\/uploads\/2025\/02\/1440\/810\/pope-francis-health-update_002-.jpg?ve=1&amp;tl=1 2x\" height=\"405\" width=\"720\"><img loading=\"lazy\" decoding=\"async\" src=\"https:\/\/a57.foxnews.com\/static.foxnews.com\/foxnews.com\/content\/uploads\/2025\/02\/1200\/675\/pope-francis-health-update_002-.jpg?ve=1&amp;tl=1\" alt=\"Una foto del Papa Francisco en mejor salud\" width=\"1200\" height=\"675\"\/><\/source><\/source><\/source><\/source><\/picture><\/div>\n<div class=\"info\">\n<div class=\"caption\">\n<p><span>El Papa Francisco saluda a los creyentes cuando deja el Cercle cita despu\u00e9s de una reuni\u00f3n del primer ministro de Luxemburgo durante un viaje apost\u00f3lico de cuatro d\u00edas en Luxemburgo y B\u00e9lgica, en la ciudad de Luxemburgo el 26 de septiembre de 2024.<\/span> <span>(Simon Wohlfahrt\/AFP\/Getty)<\/span><\/p>\n<\/div>\n<\/div>\n<\/div>\n<p>Este es el cuarto domingo consecutivo que el Papa no aparecer\u00e1 para su bendici\u00f3n semanal del mediod\u00eda, pero el Vaticano planea distribuir el mensaje que habr\u00eda entregado.<\/p>\n<p>La condici\u00f3n del Papa se ha mantenido estable, ya que no ha tenido fiebre y buenos niveles de ox\u00edgeno en su sangre durante varios d\u00edas, dijeron los m\u00e9dicos. Los m\u00e9dicos dijeron que su estabilidad \u00abcomo consecuencia atestigua una buena respuesta a la terapia\u00bb.<\/p>\n<p>Esta es la primera vez que los m\u00e9dicos informan que Francis, que tiene enfermedad pulmonar cr\u00f3nica y que se le quit\u00f3 parte a un pulm\u00f3n cuando era m\u00e1s joven, estaba respondiendo bien a las terapias prescritas desde que ingres\u00f3 en el hospital hace m\u00e1s de tres semanas.<\/p>\n<div class=\"image-ct inline\">\n<div class=\"m\"><picture><source media=\"(max-width: 767px)\" srcset=\"https:\/\/a57.foxnews.com\/static.foxnews.com\/foxnews.com\/content\/uploads\/2025\/02\/343\/192\/pope-francis-health-update_001-.jpg?ve=1&amp;tl=1, https:\/\/a57.foxnews.com\/static.foxnews.com\/foxnews.com\/content\/uploads\/2025\/02\/686\/384\/pope-francis-health-update_001-.jpg?ve=1&amp;tl=1 2x\" height=\"192\" width=\"343\"><source media=\"(min-width: 768px) and (max-width: 1023px)\" srcset=\"https:\/\/a57.foxnews.com\/static.foxnews.com\/foxnews.com\/content\/uploads\/2025\/02\/672\/378\/pope-francis-health-update_001-.jpg?ve=1&amp;tl=1, https:\/\/a57.foxnews.com\/static.foxnews.com\/foxnews.com\/content\/uploads\/2025\/02\/1344\/756\/pope-francis-health-update_001-.jpg?ve=1&amp;tl=1 2x\" height=\"378\" width=\"672\"><source media=\"(min-width: 1024px) and (max-width: 1279px)\" srcset=\"https:\/\/a57.foxnews.com\/static.foxnews.com\/foxnews.com\/content\/uploads\/2025\/02\/931\/523\/pope-francis-health-update_001-.jpg?ve=1&amp;tl=1, https:\/\/a57.foxnews.com\/static.foxnews.com\/foxnews.com\/content\/uploads\/2025\/02\/1862\/1046\/pope-francis-health-update_001-.jpg?ve=1&amp;tl=1 2x\" height=\"523\" width=\"931\"><source media=\"(min-width: 1280px)\" srcset=\"https:\/\/a57.foxnews.com\/static.foxnews.com\/foxnews.com\/content\/uploads\/2025\/02\/720\/405\/pope-francis-health-update_001-.jpg?ve=1&amp;tl=1, https:\/\/a57.foxnews.com\/static.foxnews.com\/foxnews.com\/content\/uploads\/2025\/02\/1440\/810\/pope-francis-health-update_001-.jpg?ve=1&amp;tl=1 2x\" height=\"405\" width=\"720\"><img loading=\"lazy\" decoding=\"async\" src=\"https:\/\/a57.foxnews.com\/static.foxnews.com\/foxnews.com\/content\/uploads\/2025\/02\/1200\/675\/pope-francis-health-update_001-.jpg?ve=1&amp;tl=1\" alt=\"Papa Francisco en mejor salud\" width=\"1200\" height=\"675\"\/><\/source><\/source><\/source><\/source><\/picture><\/div>\n<div class=\"info\">\n<div class=\"caption\">\n<p><span>El Papa Francisco saluda desde su poblaci\u00f3n despu\u00e9s de las oraciones semanales de Angelus, en la Plaza de San Pedro en el Vaticano el 20 de octubre de 2024.<\/span> <span>(Filippo Monteforte\/AFP\/Getty)<\/span><\/p>\n<\/div>\n<\/div>\n<\/div>\n<p>Pero su pron\u00f3stico permanece \u00abvigilado\u00bb, dijeron los m\u00e9dicos, lo que significa que a\u00fan no est\u00e1 fuera de peligro.<\/p>\n<p>A pesar de la ausencia de Francis, las operaciones diarias del Vaticano continuaron junto con las celebraciones de su A\u00f1o Santo, el jubileo de un siglo de cada uno que lleva a los peregrinos de todo el mundo a Roma. El A\u00f1o Santo celebra voluntarios este fin de semana, y muchos est\u00e1n extendiendo su peregrinaci\u00f3n para rezar por Francis fuera del hospital.<\/p>\n<p><strong>El Papa Francisco contin\u00faa descansando en el hospital a medida que avanza el A\u00f1o Santo del Vaticano sin \u00e9l<\/strong><\/p>\n<div class=\"image-ct inline\">\n<div class=\"m\"><picture><source media=\"(max-width: 767px)\" srcset=\"https:\/\/a57.foxnews.com\/static.foxnews.com\/foxnews.com\/content\/uploads\/2025\/02\/343\/192\/pope-francis-health-update_004-.jpg?ve=1&amp;tl=1, https:\/\/a57.foxnews.com\/static.foxnews.com\/foxnews.com\/content\/uploads\/2025\/02\/686\/384\/pope-francis-health-update_004-.jpg?ve=1&amp;tl=1 2x\" height=\"192\" width=\"343\"><source media=\"(min-width: 768px) and (max-width: 1023px)\" srcset=\"https:\/\/a57.foxnews.com\/static.foxnews.com\/foxnews.com\/content\/uploads\/2025\/02\/672\/378\/pope-francis-health-update_004-.jpg?ve=1&amp;tl=1, https:\/\/a57.foxnews.com\/static.foxnews.com\/foxnews.com\/content\/uploads\/2025\/02\/1344\/756\/pope-francis-health-update_004-.jpg?ve=1&amp;tl=1 2x\" height=\"378\" width=\"672\"><source media=\"(min-width: 1024px) and (max-width: 1279px)\" srcset=\"https:\/\/a57.foxnews.com\/static.foxnews.com\/foxnews.com\/content\/uploads\/2025\/02\/931\/523\/pope-francis-health-update_004-.jpg?ve=1&amp;tl=1, https:\/\/a57.foxnews.com\/static.foxnews.com\/foxnews.com\/content\/uploads\/2025\/02\/1862\/1046\/pope-francis-health-update_004-.jpg?ve=1&amp;tl=1 2x\" height=\"523\" width=\"931\"><source media=\"(min-width: 1280px)\" srcset=\"https:\/\/a57.foxnews.com\/static.foxnews.com\/foxnews.com\/content\/uploads\/2025\/02\/720\/405\/pope-francis-health-update_004-.jpg?ve=1&amp;tl=1, https:\/\/a57.foxnews.com\/static.foxnews.com\/foxnews.com\/content\/uploads\/2025\/02\/1440\/810\/pope-francis-health-update_004-.jpg?ve=1&amp;tl=1 2x\" height=\"405\" width=\"720\"><img loading=\"lazy\" decoding=\"async\" src=\"https:\/\/a57.foxnews.com\/static.foxnews.com\/foxnews.com\/content\/uploads\/2025\/02\/1200\/675\/pope-francis-health-update_004-.jpg?ve=1&amp;tl=1\" alt=\"Papa Francisco\" width=\"1200\" height=\"675\"\/><\/source><\/source><\/source><\/source><\/picture><\/div>\n<div class=\"info\">\n<div class=\"caption\">\n<p><span>El Papa Francisco asiste a una masa en la explanada de Tasitolu en Dili, Timor Oriental, el 10 de septiembre de 2024.<\/span> <span>(Tiziana Fabi\/Pool\/AFP\/Getty)<\/span><\/p>\n<\/div>\n<\/div>\n<\/div>\n<p><strong><u>Haga clic aqu\u00ed para obtener la aplicaci\u00f3n Fox News<\/u><\/strong><\/p>\n<p>El cardenal canadiense Michael Czerny presidir\u00e1 el <u>Misa del a\u00f1o santo<\/u> el domingo para los voluntarios.<\/p>\n<p>El Papa ha estado usando altos flujos de ox\u00edgeno suplementario para ayudarlo a respirar durante el d\u00eda y una m\u00e1scara de ventilaci\u00f3n mec\u00e1nica no invasiva por la noche.<\/p>\n<p><i>Associated Press contribuy\u00f3 a este informe.<\/i><\/p>\n<p> <!----> <\/div>\n\n","protected":false},"excerpt":{"rendered":"<p>El Papa Francisco est\u00e1 respondiendo bien al tratamiento y ha mostrado una \u00abmejora gradual y leve\u00bb en los \u00faltimos d\u00edas, ya que permanece en el hospital recuper\u00e1ndose de la doble neumon\u00eda, dijo el Vaticano el domingo. \u00abLa noche fue tranquila; el Papa est\u00e1 descansando\u00bb, dijo el Vaticano en un comunicado. Francis, de 88 a\u00f1os, fue &hellip;<\/p>\n","protected":false},"author":1,"featured_media":17846,"comment_status":"open","ping_status":"open","sticky":false,"template":"","format":"standard","meta":{"fifu_image_url":"https:\/\/static.foxnews.com\/foxnews.com\/content\/uploads\/2025\/02\/pope-francis-health-update_002-.jpg","fifu_image_alt":"","footnotes":""},"categories":[13],"tags":[],"class_list":["post-17844","post","type-post","status-publish","format-standard","has-post-thumbnail","","category-mundo"],"_links":{"self":[{"href":"https:\/\/noticiasveraces.com\/index.php?rest_route=\/wp\/v2\/posts\/17844","targetHints":{"allow":["GET"]}}],"collection":[{"href":"https:\/\/noticiasveraces.com\/index.php?rest_route=\/wp\/v2\/posts"}],"about":[{"href":"https:\/\/noticiasveraces.com\/index.php?rest_route=\/wp\/v2\/types\/post"}],"author":[{"embeddable":true,"href":"https:\/\/noticiasveraces.com\/index.php?rest_route=\/wp\/v2\/users\/1"}],"replies":[{"embeddable":true,"href":"https:\/\/noticiasveraces.com\/index.php?rest_route=%2Fwp%2Fv2%2Fcomments&post=17844"}],"version-history":[{"count":0,"href":"https:\/\/noticiasveraces.com\/index.php?rest_route=\/wp\/v2\/posts\/17844\/revisions"}],"wp:featuredmedia":[{"embeddable":true,"href":"https:\/\/noticiasveraces.com\/index.php?rest_route=\/wp\/v2\/media\/17846"}],"wp:attachment":[{"href":"https:\/\/noticiasveraces.com\/index.php?rest_route=%2Fwp%2Fv2%2Fmedia&parent=17844"}],"wp:term":[{"taxonomy":"category","embeddable":true,"href":"https:\/\/noticiasveraces.com\/index.php?rest_route=%2Fwp%2Fv2%2Fcategories&post=17844"},{"taxonomy":"post_tag","embeddable":true,"href":"https:\/\/noticiasveraces.com\/index.php?rest_route=%2Fwp%2Fv2%2Ftags&post=17844"}],"curies":[{"name":"wp","href":"https:\/\/api.w.org\/{rel}","templated":true}]}}