{"id":17819,"date":"2025-03-09T01:45:16","date_gmt":"2025-03-09T05:45:16","guid":{"rendered":"https:\/\/noticiasveraces.com\/?p=17819"},"modified":"2025-03-09T01:45:16","modified_gmt":"2025-03-09T05:45:16","slug":"real-madrid-rayo-vallecano-horario-posibles-alineaciones-y-donde-ver-el-partido-de-laliga-ea-sports-en-distoco","status":"publish","type":"post","link":"https:\/\/noticiasveraces.com\/?p=17819","title":{"rendered":"Real Madrid &#8211; Rayo Vallecano: Horario, Posibles Alineaciones y D\u00f2nde ver El Partido de Laliga Ea Sports, EN DISTOCO"},"content":{"rendered":"<p> \n<\/p>\n<div id=\"intext\">\n<p>El Real Madrid Afronta Este Domingo, Entre la Ida y La Vuelta de Los Octavos de Final de la LA LA LE LIGA DE CAMPIONES ANTE EL ATL\u00c9TICO DE MADRID, EL DOLO LIGER\u00d3RICO EL EL <b>Rayo Vallecan<\/b>o. Los de Ancelotti no Tienen Margen de Error en El Torneo de la regularidad Tras la Derrota del Pasado Fin de Semana <b>en el Villamar\u00edn<\/b>un resultado que les deja a dos Puntos del Atl\u00e9tico de Madrid Ya Uno del Barcelona, \u200b\u200bEl Real L\u00edder.<\/p>\n<p>Los de Ancelotti Saldr\u00e1n un Jugar Sabirdo lo que Han Hecho Barcelona y Atl\u00e9tico de Madrid Ante Osasuna y Getafe, Respectivamente.<\/p>\n<p>El Partido Ante El Rayo Vallecano Llega en Mitad de <b>La Batalla<\/b> Ante El Atl\u00e9tico de Madrid Ya Tres D\u00edas de Visitar El Metropolitano en la Vuelta de Los Octavos de la Final de la Liga de Campeones, Donde Los de Ancelotti Cuentan Con una M\u00ednima Ventaja Despu\u00e9s del Partido de Ida (2-1). El atrenador italiano recuperaci\u00f3n a <b>Jude Bellingham<\/b>, <b>sanciones dos partidos<\/b> (Girona y Betis) Tras su expulsiones en el Sadar Frente a Osasuna. El Centrocampista Ingl\u00e9s Llega JUSTO A TIempo Para Los Tres Duelos Claves Ante Rayo y Villarreal (Liga) y Atl\u00e9tico (Campeones) Antes del Par\u00f3n de Selecciones.<\/p>\n<h2 class=\"title-h2\">Posibles Onces de Real Madrid y Rayo Vallecano<\/h2>\n<p>TODO INDICA A QUE HABR\u00c1 CAMBIOS EN EL ELLA DE ANCELOTTI PARA RECIBIR AL ROYO VALLECANO, UNO DE EQUIPO QUE EST\u00c1 COMPRESA UNA GRAN TEMPORADA Y QUE HA PUNTUADO EN CINCO DE LOS \u00daLTIMOS OCHO PARTIDO DE LALIGA ANTE EL EL REAL MADRID (DOS VICTORIAS, TRES EMPATES Y TRERROTAS). Los de I\u00f1igo P\u00e9rez Ya Puntuaron (0-0) en el \u00daltimo Duelo en el Bernab\u00e9u, El Pasado mes de Noviembre de 2023.<\/p>\n<p>Lucas V\u00e1zquez Descansar\u00e1 y Ceder\u00e1 su puesto en el lateral derecho a Lucas V\u00e1zquez. R\u00fcdiger Podr\u00eda Ser Suplente Tambi\u00e9n, atrenado Alaba en el Centro de la Zaga Junto a Asencio. Fran Garc\u00eda Jugar\u00eda en el Lateral Izquierdo, Dando Descanso A Mendy Antes de la Batalla del Metropolitano.<\/p>\n<p>Jude Bellingham Ser\u00e1 La novedad en el Centro del Campo, acompa\u00f1ado Probablente por Modric y Tchouam\u00e9ni. Rodrygo, Mbapp\u00e9, Vin\u00edcius Pueden Formar El Tridente de Ataque, Aunque Brahim Podr\u00eda Tener Sitio en la Delantera.<\/p>\n<p>I\u00f1igo p\u00e9rez no podr\u00e1 contar con nteka, ra\u00fal de tom\u00e1s, isi, camello, mumin (Todos lesionados) y de frutos (sancionado). Unai L\u00f3pez es Duda. De Esta Forma, El una vez Del Rayo Vallecano Podr\u00eda ser El Siguiente: Batalla; Ratiu, Lejeune, Aridane, Pep Chavarr\u00eda; Path\u00e9 Ciss, Pedro D\u00edaz, Trejo; Embarba, Sergi Guardiola, \u00c1lvaro Garc\u00eda.<\/p>\n<p><b>Real Madrid<\/b>: Courtois; Lucas V\u00e1zquez, Alaba, Asencio, Fran Garc\u00eda; Tchouam\u00e9ni, Modric, Bellingham; Rodrygo (O Brahim), Mbapp\u00e9 y Vin\u00edcius.<\/p>\n<p><b>Rayo Vallecano<\/b>: Batalla; Ratiu, Lejeune, Aridane, Pep Chavarr\u00eda; Path\u00e9 Ciss, Pedro D\u00edaz, Trejo; Embarba, Sergi Guardiola, \u00c1lvaro Garc\u00eda.<\/p>\n<h2 class=\"title-h2\">Horario y D\u00f3nde ver El Real Madrid &#8211; Rayo Vallecano<\/h2>\n<p>El <b>Real Madrid &#8211; Rayo Vallecano<\/b>Partido correspondiente a la<b> Jornada 27 de Laliga EA Sports<\/b>SE Jugar\u00e1 El D<b>Omingo 9 de Marzo a Las 16:15 Horas <\/b>En El Santiago Bernab\u00e9u. El Partido se PODR\u00c1 SEGUIR EN DIRECTO EN LA<b> P\u00e1gina Web de Antena 3 Deportes<\/b>Con Todos los Goles y las \u00daltima Hora del Real Madrid &#8211; Rayo Vallecano.<\/p>\n<p><i>S\u00edguenos en nuestro canal de whatsapp y no te Pierdas la \u00daLtima Hora y Toda la actualidad de antena3noticias.com<\/i><\/p>\n<div class=\"recirculation-video\" data-mod=\"a3mod_recirculation_video\">\n<div class=\"recirculation-video-wrapper\">\n<div>\n<div class=\"video-wrapper\">\n  <picture class=\"video-main-picture\"><source media=\"(min-width: 481px)\" srcset=\"https:\/\/fotografias.antena3.com\/clipping\/cmsimages01\/2025\/03\/07\/D47C1010-5166-412F-9182-D613EC5D1C56\/podio-red-bull-valparaiso-cerro-abajo-2025_94.jpg?crop=1920,1080,x0,y0&amp;width=800&amp;height=450&amp;optimize=medium&amp;format=webply\" width=\"800\" height=\"450\"><source media=\"(min-width: 391px) and (max-width: 480px)\" srcset=\"https:\/\/fotografias.antena3.com\/clipping\/cmsimages01\/2025\/03\/07\/D47C1010-5166-412F-9182-D613EC5D1C56\/podio-red-bull-valparaiso-cerro-abajo-2025_70.jpg?crop=1920,1080,x0,y0&amp;width=480&amp;height=270&amp;optimize=high&amp;format=webply\" width=\"480\" height=\"270\"><source media=\"(min-width: 321px) and (max-width: 390px)\" srcset=\"https:\/\/fotografias.antena3.com\/clipping\/cmsimages01\/2025\/03\/07\/D47C1010-5166-412F-9182-D613EC5D1C56\/podio-red-bull-valparaiso-cerro-abajo-2025_92.jpg?crop=1920,1078,x0,y1&amp;width=390&amp;height=219&amp;optimize=high&amp;format=webply\" width=\"390\" height=\"219\"><source media=\"(max-width: 320px)\" srcset=\"https:\/\/fotografias.antena3.com\/clipping\/cmsimages01\/2025\/03\/07\/D47C1010-5166-412F-9182-D613EC5D1C56\/podio-red-bull-valparaiso-cerro-abajo-2025_52.jpg?crop=1920,1080,x0,y0&amp;width=320&amp;height=180&amp;optimize=high&amp;format=webply\" width=\"320\" height=\"180\"><img decoding=\"async\" title=\"El Podio del Red Bull Valpara\u00edso Cerro Abajo 2025\" alt=\"El Podio del Red Bull Valpara\u00edso Cerro Abajo 2025\" width=\"480\" height=\"270\" src=\"https:\/\/fotografias.antena3.com\/clipping\/cmsimages01\/2025\/03\/07\/D47C1010-5166-412F-9182-D613EC5D1C56\/podio-red-bull-valparaiso-cerro-abajo-2025_70.jpg?crop=1920,1080,x0,y0&amp;width=480&amp;height=270&amp;optimize=high&amp;format=webply\" loading=\"lazy\" class=\"lazy\"\/><br \/>\n  <\/source><\/source><\/source><\/source><\/picture>\n <\/div>\n<\/div><\/div>\n<\/p><\/div>\n<\/div>\n\n","protected":false},"excerpt":{"rendered":"<p>El Real Madrid Afronta Este Domingo, Entre la Ida y La Vuelta de Los Octavos de Final de la LA LA LE LIGA DE CAMPIONES ANTE EL ATL\u00c9TICO DE MADRID, EL DOLO LIGER\u00d3RICO EL EL Rayo Vallecano. Los de Ancelotti no Tienen Margen de Error en El Torneo de la regularidad Tras la Derrota del &hellip;<\/p>\n","protected":false},"author":1,"featured_media":17821,"comment_status":"open","ping_status":"open","sticky":false,"template":"","format":"standard","meta":{"fifu_image_url":"https:\/\/fotografias.antena3.com\/clipping\/cmsimages01\/2025\/02\/23\/9E167ACB-2C2D-4361-A570-56B8B883357B\/vinicius-partido-liga_69.jpg?crop=4500,2531,x0,y0&width=1280&height=720&optimize=low&format=jpg","fifu_image_alt":"","footnotes":""},"categories":[6],"tags":[],"class_list":["post-17819","post","type-post","status-publish","format-standard","has-post-thumbnail","","category-deportes"],"_links":{"self":[{"href":"https:\/\/noticiasveraces.com\/index.php?rest_route=\/wp\/v2\/posts\/17819","targetHints":{"allow":["GET"]}}],"collection":[{"href":"https:\/\/noticiasveraces.com\/index.php?rest_route=\/wp\/v2\/posts"}],"about":[{"href":"https:\/\/noticiasveraces.com\/index.php?rest_route=\/wp\/v2\/types\/post"}],"author":[{"embeddable":true,"href":"https:\/\/noticiasveraces.com\/index.php?rest_route=\/wp\/v2\/users\/1"}],"replies":[{"embeddable":true,"href":"https:\/\/noticiasveraces.com\/index.php?rest_route=%2Fwp%2Fv2%2Fcomments&post=17819"}],"version-history":[{"count":0,"href":"https:\/\/noticiasveraces.com\/index.php?rest_route=\/wp\/v2\/posts\/17819\/revisions"}],"wp:featuredmedia":[{"embeddable":true,"href":"https:\/\/noticiasveraces.com\/index.php?rest_route=\/wp\/v2\/media\/17821"}],"wp:attachment":[{"href":"https:\/\/noticiasveraces.com\/index.php?rest_route=%2Fwp%2Fv2%2Fmedia&parent=17819"}],"wp:term":[{"taxonomy":"category","embeddable":true,"href":"https:\/\/noticiasveraces.com\/index.php?rest_route=%2Fwp%2Fv2%2Fcategories&post=17819"},{"taxonomy":"post_tag","embeddable":true,"href":"https:\/\/noticiasveraces.com\/index.php?rest_route=%2Fwp%2Fv2%2Ftags&post=17819"}],"curies":[{"name":"wp","href":"https:\/\/api.w.org\/{rel}","templated":true}]}}