{"id":17806,"date":"2025-03-08T22:56:36","date_gmt":"2025-03-09T02:56:36","guid":{"rendered":"https:\/\/noticiasveraces.com\/?p=17806"},"modified":"2025-03-08T22:56:36","modified_gmt":"2025-03-09T02:56:36","slug":"lideres-de-la-ue-piden-luchar-por-derechos-de-las-mujeres-dw-08-03-2025","status":"publish","type":"post","link":"https:\/\/noticiasveraces.com\/?p=17806","title":{"rendered":"L\u00edderes de la Ue Piden Luchar Por Derechos de Las Mujeres &#8211; DW &#8211; 08\/03\/2025"},"content":{"rendered":"<p> \n<\/p>\n<div>\n<p>Los L\u00edderes de la Uni\u00f3n Europea (UE) Llamaron Este S\u00e1bado (08.03.2025) A Segen Luchando y Protegiendo los Derechos de Las Mujeres que Trabajar por la Igualdad, Con motivo del D\u00eda Internacional de la Mujer.<\/p>\n<p>\u00abLa Igualdad de G\u00e9nero no &#8216;Ocurre&#8217; As\u00ed Nada M\u00e1s. Se Debe Luchar Por Los Derechos de Las Mujeres y Protegerlos\u00bb, Prribi\u00f3 en Redes Sociales la Presidente de la Comisi\u00f3n Europea, Ursula von der Leyen.<\/p>\n<p>\u00abNuestra Responsabilidad Es Clara. Liderar Con el Ejemplo y Cear Un Mundo Donde Las Oportunidades Sean Justas para Todos. Sin Solo Hoy, Sino Cadada D\u00eda\u00bb, Agreg\u00f3.<\/p>\n<blockquote class=\"tweet embed\" data-id=\"1898284587890938092\"\/>\n<p>Por su parte, el Presidente del Consejo Europa, Ant\u00f3nio Costa, Destac\u00f3 que \u00abLos Derechos de Las Mujeres no son una Lucha de Un Dena\u00bb, Ya que el D\u00eda Internacional de la Mujer \u00abes un registro de la Batalla la Batalla es Diaria, la misi\u00f3n.<\/p>\n<blockquote class=\"tweet embed\" data-id=\"1898292206953226435\"\/>\n<p>Tambi\u00e9n en un mensaje en Redes Sociales, la Alta Representante para la Pol\u00edtica Exterior de la Ue, Kaja Kallas, Rindi\u00f3 Homeneze Al \u00abValor de las Mujeres que en el TODO ESTO EST\u00c1N LUCHANDO PORES DEL un Su Lado Hasta que \u00abLa Igualdad se convierta en una Realidad Duradera\u00bb.<\/p>\n<blockquote class=\"tweet embed\" data-id=\"1898344403401330934\"\/>\n<p>\u00abEl hijo de Las Mujeres, Fuerzas de Cambio. Cuando nos aupamos unas a Otras no hay techo de Hay Demaasiado Alto para atravnesarlo. As\u00ed es como como lo hacemos m\u00e1s f\u00e1cil para la pr\u00f3xa -generaci\u00f3n de Mujeros\u00bb, expreses por su parte del parlamamento, europeo, europeo, rojas, europeo.<\/p>\n<blockquote class=\"tweet embed\" data-id=\"1898268273394831844\"\/>\n<p>RR (Efe\/X)<\/p>\n<\/div>\n\n","protected":false},"excerpt":{"rendered":"<p>Los L\u00edderes de la Uni\u00f3n Europea (UE) Llamaron Este S\u00e1bado (08.03.2025) A Segen Luchando y Protegiendo los Derechos de Las Mujeres que Trabajar por la Igualdad, Con motivo del D\u00eda Internacional de la Mujer. \u00abLa Igualdad de G\u00e9nero no &#8216;Ocurre&#8217; As\u00ed Nada M\u00e1s. Se Debe Luchar Por Los Derechos de Las Mujeres y Protegerlos\u00bb, Prribi\u00f3 &hellip;<\/p>\n","protected":false},"author":1,"featured_media":17807,"comment_status":"open","ping_status":"open","sticky":false,"template":"","format":"standard","meta":{"fifu_image_url":"https:\/\/static.dw.com\/image\/71868886_6.jpg","fifu_image_alt":"","footnotes":""},"categories":[13],"tags":[],"class_list":["post-17806","post","type-post","status-publish","format-standard","has-post-thumbnail","","category-mundo"],"_links":{"self":[{"href":"https:\/\/noticiasveraces.com\/index.php?rest_route=\/wp\/v2\/posts\/17806","targetHints":{"allow":["GET"]}}],"collection":[{"href":"https:\/\/noticiasveraces.com\/index.php?rest_route=\/wp\/v2\/posts"}],"about":[{"href":"https:\/\/noticiasveraces.com\/index.php?rest_route=\/wp\/v2\/types\/post"}],"author":[{"embeddable":true,"href":"https:\/\/noticiasveraces.com\/index.php?rest_route=\/wp\/v2\/users\/1"}],"replies":[{"embeddable":true,"href":"https:\/\/noticiasveraces.com\/index.php?rest_route=%2Fwp%2Fv2%2Fcomments&post=17806"}],"version-history":[{"count":0,"href":"https:\/\/noticiasveraces.com\/index.php?rest_route=\/wp\/v2\/posts\/17806\/revisions"}],"wp:featuredmedia":[{"embeddable":true,"href":"https:\/\/noticiasveraces.com\/index.php?rest_route=\/wp\/v2\/media\/17807"}],"wp:attachment":[{"href":"https:\/\/noticiasveraces.com\/index.php?rest_route=%2Fwp%2Fv2%2Fmedia&parent=17806"}],"wp:term":[{"taxonomy":"category","embeddable":true,"href":"https:\/\/noticiasveraces.com\/index.php?rest_route=%2Fwp%2Fv2%2Fcategories&post=17806"},{"taxonomy":"post_tag","embeddable":true,"href":"https:\/\/noticiasveraces.com\/index.php?rest_route=%2Fwp%2Fv2%2Ftags&post=17806"}],"curies":[{"name":"wp","href":"https:\/\/api.w.org\/{rel}","templated":true}]}}