{"id":17787,"date":"2025-03-08T19:52:00","date_gmt":"2025-03-08T23:52:00","guid":{"rendered":"https:\/\/noticiasveraces.com\/?p=17787"},"modified":"2025-03-08T19:52:00","modified_gmt":"2025-03-08T23:52:00","slug":"que-significan-la-disolucion-del-pkk-para-los-kurdos-dw-03-03-2025","status":"publish","type":"post","link":"https:\/\/noticiasveraces.com\/?p=17787","title":{"rendered":"\u00bfQu\u00e9 significan la disoluci\u00f3n del pkk para los kurdos? &#8211; DW &#8211; 03\/03\/2025"},"content":{"rendered":"<p> \n<\/p>\n<div>\n<p>Desde que Abdullah \u00d6calan, El L\u00edder del Partido de Los Trabajadores del Kurdist\u00e1n (Pkk) y Encarcelado Hace D\u00e9cadas en Turqu\u00eda, Hizo un Llamado Aponer Las Armas, Ootras Comunidadas Kurdas Repartaridas por Medio de la Oriente de la Oriente de la Oriente de la Oriente En E emerge. En su hist\u00f3rico Llamado, \u00d6calan Convoc\u00f3 A Un Congreso para Detetinar El Futuro del Movimento, Que Seguramento se Integrar\u00e1 en la Arena Pol\u00edtica.<\/p>\n<p>Si Bien a\u00fan no se confirma una fecha para dicha reuni\u00f3n, el pkk ya anunci\u00f3 que acoger\u00e1 el Llamado de su l\u00edder, y declar\u00f3 un alto al fuego unilateral. El Movimiento Lleva 40 A\u00f1os Librando una violenta Lucha por la Independencia Kurda.<\/p>\n<p>Hasta que se confirma Oficialmente La Disoluci\u00f3n del Pkk, El Gobierno de Ankara No S\u00f3lo Sigue considere la organizaci\u00f3n de Terrorista, Sino que Tambi\u00e9ne\u00e9e Seguir\u00e1 Atacando sus sedes en Irak ya Sus Aliados en Siria. Turqu\u00eda Exige la Disoluci\u00f3n de Todos los Grupos, sin excepci\u00f3n.<\/p>\n<p>En la regi\u00f3n viven unos 35 Millones de Kurdos, Uno de los Grupos \u00e9tnicos m\u00e1s numerosos sin estado propio. Para Ellos, \u00d6calan no Ten\u00eda Soluciones Newevas y, de Hecho, en Su Discurso El Dirigente no se refiren de forma explicita a los combatientes fueles de turqu\u00eda.<\/p>\n<p>La Mayor\u00eda de los Kurdos, hijo Musulmanes Sunitas. Pese una su identidad \u00e9tnica Com\u00fan, Los Kurdos que viven en Turqu\u00eda, Siria, Irak, Ir\u00e1n y Armenia No Tienen Representante Transfronteriza Ni Pol\u00cdticas Comunes ni Fuerzas Armadas Unificadas. Por Ello, Los Portavoces del Pkk en Irak y Siria Reaccionaron de Forma DiFerente Al Llamado de \u00d6calan.<\/p>\n<h2>Los Kurdos en Irak<\/h2>\n<p>Los Expertos Estiman que el Cuartel General del Pkk en el Norte de Irak Tambi\u00e9n se Plegar\u00e1 Al Llamado de \u00d6calan. \u00abUna Vez que el Congreso del Partido Formalice su disoluci\u00f3n y la Renuncia a la Lucha Armada, Tal Decisi\u00f3n se Aplicar\u00e1 Tanto al Sureste de Anatolia, en Turqu\u00eda (Donde Vive la Mayor\u00eda de los Kurdos en Territorio Turco), CoOn\u00e9 el Norte de Irak, Donde las est\u00e9n Milicias Milicias Milicias Subordinadas Al Liderazgo del Pkk \u00ab, Dice Nigar G\u00f6ksel, Especialista en Turqu\u00eda de la Ong International Crisis Group.<\/p>\n<figure class=\"placeholder-image master_landscape big\"><img data-format=\"MASTER_LANDSCAPE\" data-id=\"71775561\" data-url=\"https:\/\/static.dw.com\/image\/71775561_${formatId}.jpg\" data-aspect-ratio=\"16\/9\" alt=\"Un Grupo de Seguidores Sostiene una Imagen de Abdullah \u00d6calan.\" style=\"padding-bottom: 56.25%; height: 0; max-height: 0;\"\/><figcaption class=\"img-caption\">Un Grupo de Seguidores Sostiene una Imagen de Abdullah \u00d6calan.<small class=\"copyright\">Imagen: Yasin Akgul\/AFP\/Getty Images<\/small><\/figcaption><\/figure>\n<p>Nechirvan Barzani, Presidente de la Regi\u00f3n Semiaut\u00f3noma de Kurdist\u00e1n, en el Norte de Irak, Ya Pidi\u00f3 Al Pkk Que se \u00abComprometa e implemente\u00bb El Mensaje de \u00f6calan. En la regi\u00f3n hen Esperanza no S\u00f3lo de Que el Fin de la Lucha Armada Ponga T\u00e9rmino A Los Continuos Ataques de Las Fuerzas Turcas, Sino Tambi\u00e9n de MEJORAR\u00d3NS LOS V\u00cdCULOS POL\u00cdTICOS Y ECON\u00d3MICOS ENTREA LA REGI\u00d3N KURDA IRAQU\u00cd Y TURQU\u00cdA Y TURQUETA.<\/p>\n<p>Una disoluci\u00f3n del pkk probablemente tambi\u00e9n mejore la situaci\u00f3n en el noreste de Siria, donde las fuerzas Turcas y kurdas Han estado combatiendo durante y A\u00f1os. Si los los Grupos desplegados en Turqu\u00eda e Irak \u00abse disuelven y se a veces un Proceso de desarme, Desmovilizaci\u00f3n E Integreaci\u00f3n, No solo se abortunidad Poder en Todo El Pa\u00eds \u00ab, Dice Burcu \u00d6zcelik, Experto del Royal United Services Institute (Rusi) en Londres.<\/p>\n<p><span data-slot-id=\"Article_InContent-1\" class=\"rich-text-ad\"\/><\/p>\n<h2>Los Kurdos en Siria<\/h2>\n<p>Tanto G\u00f6ksel como \u00d6zcelik Se\u00f1alan que las Fuerzas Kurdas en Siria, en Cambio, no se considera. SE TRATA DE LAS UNIDADES DE PROTECCI\u00d3N POPULAR (YPG), Que Lideran Las Fuerzas de Siria Democr\u00e1tica (SDF).<\/p>\n<p>Seg\u00fan \u00d6zcelik, Las Ypg Est\u00e1n Vinculadas al pkk y es dif\u00edcil imaginar que ankara permita que sigan existente en su forma real. Mazlum Abdi, El Comandante de Las Sdf, Ya Dijo Que El Llamado de \u00d6calan no Est\u00e1 Dirigido A Su Grupo. \u00abESTO NO TIENE NADA QUE VER CON ESOSOTROS EN SIRIA\u00bb, Declar\u00f3, Pese un que acogi\u00f3 con satisfacci\u00f3n la decisi\u00f3n del L\u00edder del pkk. \u00abSi Hay Paz en Turqu\u00eda, no habr\u00e1 m\u00e1s excusas para atacarnos ac\u00e1 en Siria\u00bb, Apunt\u00f3.<\/p>\n<p>\u00abSi el Pkk depone las Armas y se Disuelve de forma verificable; es decir, si sus cuadros entregan sus armas a las autoridadas estatales, tal como exige el proceso, entrantes serena el comienzo de una neueva\u00bb, Sostiene \u00f6zcelik.<\/p>\n<p>El Llamado de \u00d6calan Ocurre en un momento inusual. En Diciembre, El Dictador Sirio Bashar al Assad Fue Derroacado y El Gobierno de Transici\u00f3nis Encabezado por Ahmed Al Sharaa Llam\u00f3 A Las Fuerzas Kurdas una nacional de Ej\u00e9rcito. Embargo del pecado, Los Kurdos insisten en formar una Fuerza Independiente Dentro del Ej\u00e9rcito. Hasta Ahora, Damasco Rembaza Esta Idea Y No Invit\u00f3 a Las Sdf a la Primera Conferencia de Di\u00e1logo Nacional, que Tuvo Lugo A Finales de Febero.<\/p>\n<p>(DZC\/RR)<\/p>\n<\/p>\n<\/div>\n\n","protected":false},"excerpt":{"rendered":"<p>Desde que Abdullah \u00d6calan, El L\u00edder del Partido de Los Trabajadores del Kurdist\u00e1n (Pkk) y Encarcelado Hace D\u00e9cadas en Turqu\u00eda, Hizo un Llamado Aponer Las Armas, Ootras Comunidadas Kurdas Repartaridas por Medio de la Oriente de la Oriente de la Oriente de la Oriente En E emerge. En su hist\u00f3rico Llamado, \u00d6calan Convoc\u00f3 A Un &hellip;<\/p>\n","protected":false},"author":1,"featured_media":17788,"comment_status":"open","ping_status":"open","sticky":false,"template":"","format":"standard","meta":{"fifu_image_url":"https:\/\/static.dw.com\/image\/71840789_6.jpg","fifu_image_alt":"","footnotes":""},"categories":[13],"tags":[],"class_list":["post-17787","post","type-post","status-publish","format-standard","has-post-thumbnail","","category-mundo"],"_links":{"self":[{"href":"https:\/\/noticiasveraces.com\/index.php?rest_route=\/wp\/v2\/posts\/17787","targetHints":{"allow":["GET"]}}],"collection":[{"href":"https:\/\/noticiasveraces.com\/index.php?rest_route=\/wp\/v2\/posts"}],"about":[{"href":"https:\/\/noticiasveraces.com\/index.php?rest_route=\/wp\/v2\/types\/post"}],"author":[{"embeddable":true,"href":"https:\/\/noticiasveraces.com\/index.php?rest_route=\/wp\/v2\/users\/1"}],"replies":[{"embeddable":true,"href":"https:\/\/noticiasveraces.com\/index.php?rest_route=%2Fwp%2Fv2%2Fcomments&post=17787"}],"version-history":[{"count":0,"href":"https:\/\/noticiasveraces.com\/index.php?rest_route=\/wp\/v2\/posts\/17787\/revisions"}],"wp:featuredmedia":[{"embeddable":true,"href":"https:\/\/noticiasveraces.com\/index.php?rest_route=\/wp\/v2\/media\/17788"}],"wp:attachment":[{"href":"https:\/\/noticiasveraces.com\/index.php?rest_route=%2Fwp%2Fv2%2Fmedia&parent=17787"}],"wp:term":[{"taxonomy":"category","embeddable":true,"href":"https:\/\/noticiasveraces.com\/index.php?rest_route=%2Fwp%2Fv2%2Fcategories&post=17787"},{"taxonomy":"post_tag","embeddable":true,"href":"https:\/\/noticiasveraces.com\/index.php?rest_route=%2Fwp%2Fv2%2Ftags&post=17787"}],"curies":[{"name":"wp","href":"https:\/\/api.w.org\/{rel}","templated":true}]}}