{"id":17780,"date":"2025-03-08T18:43:29","date_gmt":"2025-03-08T22:43:29","guid":{"rendered":"https:\/\/noticiasveraces.com\/?p=17780"},"modified":"2025-03-08T18:43:29","modified_gmt":"2025-03-08T22:43:29","slug":"papa-francisco-maestra-una-buena-respesta-al-tratamiento-dw-03-03-2025","status":"publish","type":"post","link":"https:\/\/noticiasveraces.com\/?p=17780","title":{"rendered":"Papa Francisco Maestra \u00abUNA Buena Respesta Al Tratamiento\u00bb &#8211; DW &#8211; 03\/03\/2025"},"content":{"rendered":"<p> \n<\/p>\n<div>\n<p>El Papa Francisco, Hospitalizado Desde El 14 de Febero por Problemas Respiratorios, Est\u00e1 Responssion -Satisfactoriamental a la Terapia, Indic\u00f3 El Vaticano Este S\u00e1bado (08.03.2025).<\/p>\n<p>\u00abEl Estado Cl\u00ednico del Santo Padre en Los \u00c1ltimos D\u00edas se Ha Mantenido Estable, y consecia indica una Buena respuesta al tratamiento\u00bb, Precis\u00f3 la Santa Sede, que habla de una \u00abgradual yeza y mejor\u00eda\u00bb.<\/p>\n<p>El SUMO PONTIFICE FUE INRESADO EL 14 DE FEBRERO EL Hospital Gemelli, en Roma, Italia por una bronquitis que deriv\u00f3 en una neumon\u00eda bilateral. Desde Entonces, Su Estado de Salud Ha Sufrido Altibajos.<\/p>\n<p>La \u00daltima reca\u00edda Tuvo Lugar El Lunes, Cuando Sufri\u00f3 \u00abDos episodios de insuficiencia respiratoria aguda\u00bb. Desde Entonces, no se ha informado de la crisis de las Nuevas.<\/p>\n<figure class=\"placeholder-image master_landscape big\"><img data-format=\"MASTER_LANDSCAPE\" data-id=\"71865169\" data-url=\"https:\/\/static.dw.com\/image\/71865169_${formatId}.jpg\" data-aspect-ratio=\"16\/9\" alt=\"Creyentes Marchan en Buenos Aires para Mostro Su Apoyo Al Papa Francisco (07.03.2025)\" style=\"padding-bottom: 56.25%; height: 0; max-height: 0;\"\/><figcaption class=\"img-caption\">Creyentes Marchan en Buenos Aires para Mostro Su Apoyo Al Papa Francisco (07.03.2025)<small class=\"copyright\">Imagen: Rodrigo ABD\/AP\/DPA\/Picture Alliance<\/small><\/figcaption><\/figure>\n<h2><strong>Doctores Mantienen Un \u00abPron\u00f3s Reservado\u00bb<\/strong><\/h2>\n<p>Embargo de pecado, \u00abLos M\u00e9dicos Mantienen Prudentement Todav\u00eda El Pron\u00f3s -Reservado, Con el Fin de Confirmar Estas Primeras mejor\u00edas en Los Pr\u00f3pimos D\u00edas\u00bb, Reza el Informe M\u00e9dico.<\/p>\n<p>ESTA Hospitalizaci\u00f3, la cuta y m\u00e1s Larga desde 2021, G\u00e9nero preocupacia por los problemas previos que debilitaron la salud de francisco en los \u00daltimos a\u00f1os: operaciones en el colon y el abdomen, y dificultadas para caminar.<\/p>\n<p>La Situaci\u00f3 Plantea adem\u00e1s la cuestio de la capacidad del papa, de 88 A\u00f1os, para desempeinar sus funciones.<\/p>\n<p>Los M\u00e9dicos a\u00fan no Han Dicho cu\u00e1nto Durar\u00e1 El Ingeso Hospitalario del Pont\u00edfice, Que en los \u00daltimos Tiempos Ha Descarartado Renunciar, Como Hizo Benedicto XVI EN 2013.<\/p>\n<p>RR (AFP\/Reuters)<\/p>\n<\/div>\n\n","protected":false},"excerpt":{"rendered":"<p>El Papa Francisco, Hospitalizado Desde El 14 de Febero por Problemas Respiratorios, Est\u00e1 Responssion -Satisfactoriamental a la Terapia, Indic\u00f3 El Vaticano Este S\u00e1bado (08.03.2025). \u00abEl Estado Cl\u00ednico del Santo Padre en Los \u00c1ltimos D\u00edas se Ha Mantenido Estable, y consecia indica una Buena respuesta al tratamiento\u00bb, Precis\u00f3 la Santa Sede, que habla de una \u00abgradual &hellip;<\/p>\n","protected":false},"author":1,"featured_media":17781,"comment_status":"open","ping_status":"open","sticky":false,"template":"","format":"standard","meta":{"fifu_image_url":"https:\/\/static.dw.com\/image\/71622242_6.jpg","fifu_image_alt":"","footnotes":""},"categories":[13],"tags":[],"class_list":["post-17780","post","type-post","status-publish","format-standard","has-post-thumbnail","","category-mundo"],"_links":{"self":[{"href":"https:\/\/noticiasveraces.com\/index.php?rest_route=\/wp\/v2\/posts\/17780","targetHints":{"allow":["GET"]}}],"collection":[{"href":"https:\/\/noticiasveraces.com\/index.php?rest_route=\/wp\/v2\/posts"}],"about":[{"href":"https:\/\/noticiasveraces.com\/index.php?rest_route=\/wp\/v2\/types\/post"}],"author":[{"embeddable":true,"href":"https:\/\/noticiasveraces.com\/index.php?rest_route=\/wp\/v2\/users\/1"}],"replies":[{"embeddable":true,"href":"https:\/\/noticiasveraces.com\/index.php?rest_route=%2Fwp%2Fv2%2Fcomments&post=17780"}],"version-history":[{"count":0,"href":"https:\/\/noticiasveraces.com\/index.php?rest_route=\/wp\/v2\/posts\/17780\/revisions"}],"wp:featuredmedia":[{"embeddable":true,"href":"https:\/\/noticiasveraces.com\/index.php?rest_route=\/wp\/v2\/media\/17781"}],"wp:attachment":[{"href":"https:\/\/noticiasveraces.com\/index.php?rest_route=%2Fwp%2Fv2%2Fmedia&parent=17780"}],"wp:term":[{"taxonomy":"category","embeddable":true,"href":"https:\/\/noticiasveraces.com\/index.php?rest_route=%2Fwp%2Fv2%2Fcategories&post=17780"},{"taxonomy":"post_tag","embeddable":true,"href":"https:\/\/noticiasveraces.com\/index.php?rest_route=%2Fwp%2Fv2%2Ftags&post=17780"}],"curies":[{"name":"wp","href":"https:\/\/api.w.org\/{rel}","templated":true}]}}