{"id":17769,"date":"2025-03-08T15:40:20","date_gmt":"2025-03-08T19:40:20","guid":{"rendered":"https:\/\/noticiasveraces.com\/?p=17769"},"modified":"2025-03-08T15:40:20","modified_gmt":"2025-03-08T19:40:20","slug":"el-vaticano-dice-que-pope-muestra-ligera-mejora-a-medida-que-continua-la-hospitalizacion","status":"publish","type":"post","link":"https:\/\/noticiasveraces.com\/?p=17769","title":{"rendered":"El Vaticano dice que Pope muestra &#8216;ligera mejora&#8217; a medida que contin\u00faa la hospitalizaci\u00f3n"},"content":{"rendered":"<p> \n<\/p>\n<div>\n<p class=\"speakable\">El Papa Francisco aparentemente ha mostrado \u00abligera mejora\u00bb y est\u00e1 respondiendo bien a la oxigenerapia en curso, seg\u00fan un comunicado del Vaticano. <\/p>\n<p class=\"speakable\">El pont\u00edfice de 88 a\u00f1os ha estado en el hospital desde el 14 de febrero, cuando fue ingresado por problemas respiratorios que luego se descubri\u00f3 que eran neumon\u00eda bilateral.<\/p>\n<p>Los m\u00e9dicos mantienen el pron\u00f3stico del Papa en secreto mientras contin\u00faan evaluando su condici\u00f3n.<\/p>\n<div class=\"image-ct inline\">\n<div class=\"m\"><picture><source media=\"(max-width: 767px)\" srcset=\"https:\/\/a57.foxnews.com\/static.foxnews.com\/foxnews.com\/content\/uploads\/2025\/03\/343\/192\/pope-1.png?ve=1&amp;tl=1, https:\/\/a57.foxnews.com\/static.foxnews.com\/foxnews.com\/content\/uploads\/2025\/03\/686\/384\/pope-1.png?ve=1&amp;tl=1 2x\" height=\"192\" width=\"343\"><source media=\"(min-width: 768px) and (max-width: 1023px)\" srcset=\"https:\/\/a57.foxnews.com\/static.foxnews.com\/foxnews.com\/content\/uploads\/2025\/03\/672\/378\/pope-1.png?ve=1&amp;tl=1, https:\/\/a57.foxnews.com\/static.foxnews.com\/foxnews.com\/content\/uploads\/2025\/03\/1344\/756\/pope-1.png?ve=1&amp;tl=1 2x\" height=\"378\" width=\"672\"><source media=\"(min-width: 1024px) and (max-width: 1279px)\" srcset=\"https:\/\/a57.foxnews.com\/static.foxnews.com\/foxnews.com\/content\/uploads\/2025\/03\/931\/523\/pope-1.png?ve=1&amp;tl=1, https:\/\/a57.foxnews.com\/static.foxnews.com\/foxnews.com\/content\/uploads\/2025\/03\/1862\/1046\/pope-1.png?ve=1&amp;tl=1 2x\" height=\"523\" width=\"931\"><source media=\"(min-width: 1280px)\" srcset=\"https:\/\/a57.foxnews.com\/static.foxnews.com\/foxnews.com\/content\/uploads\/2025\/03\/720\/405\/pope-1.png?ve=1&amp;tl=1, https:\/\/a57.foxnews.com\/static.foxnews.com\/foxnews.com\/content\/uploads\/2025\/03\/1440\/810\/pope-1.png?ve=1&amp;tl=1 2x\" height=\"405\" width=\"720\"><img loading=\"lazy\" decoding=\"async\" src=\"https:\/\/a57.foxnews.com\/static.foxnews.com\/foxnews.com\/content\/uploads\/2025\/03\/1200\/675\/pope-1.png?ve=1&amp;tl=1\" alt=\"Un mural del Papa Francisco\" width=\"1200\" height=\"675\"\/><\/source><\/source><\/source><\/source><\/picture><\/div>\n<div class=\"info\">\n<div class=\"caption\">\n<p><span>El pintor mexicano Roberto M\u00e1rquez coloca una pintura del Papa Francisco que hizo fuera del Hospital Agostino Gemelli en Roma, el mi\u00e9rcoles 5 de marzo de 2025. <\/span> <span>(Photo AP\/Gregorio Borgia)<\/span><\/p>\n<\/div>\n<\/div>\n<\/div>\n<p>El jueves, el Papa registr\u00f3 un mensaje agradeciendo a aquellos que hab\u00edan estado rezando por su recuperaci\u00f3n. La grabaci\u00f3n fue \u00abclaramente un esfuerzo para \u00e9l\u00bb, dijeron fuentes del Vaticano, se\u00f1alando que el ruido de la m\u00e1quina de ox\u00edgeno del Papa se pod\u00eda escuchar en el audio.<\/p>\n<p><strong><u>El Papa Francisco sufre 2 crisis respiratorias agudas, dice el Vaticano<\/u><\/strong><strong> <\/strong><\/p>\n<p>\u00abPod\u00edamos escuchar ayer que estaba recibiendo ox\u00edgeno a trav\u00e9s de la nariz durante el audio, claramente no leer\u00e1 a Angelus\u00bb, dijeron fuentes del Vaticano a Fox News.<\/p>\n<div class=\"image-ct inline\">\n<div class=\"m\"><picture><source media=\"(max-width: 767px)\" srcset=\"https:\/\/a57.foxnews.com\/static.foxnews.com\/foxnews.com\/content\/uploads\/2025\/02\/343\/192\/pope-francis-health-update_002-.jpg?ve=1&amp;tl=1, https:\/\/a57.foxnews.com\/static.foxnews.com\/foxnews.com\/content\/uploads\/2025\/02\/686\/384\/pope-francis-health-update_002-.jpg?ve=1&amp;tl=1 2x\" height=\"192\" width=\"343\"><source media=\"(min-width: 768px) and (max-width: 1023px)\" srcset=\"https:\/\/a57.foxnews.com\/static.foxnews.com\/foxnews.com\/content\/uploads\/2025\/02\/672\/378\/pope-francis-health-update_002-.jpg?ve=1&amp;tl=1, https:\/\/a57.foxnews.com\/static.foxnews.com\/foxnews.com\/content\/uploads\/2025\/02\/1344\/756\/pope-francis-health-update_002-.jpg?ve=1&amp;tl=1 2x\" height=\"378\" width=\"672\"><source media=\"(min-width: 1024px) and (max-width: 1279px)\" srcset=\"https:\/\/a57.foxnews.com\/static.foxnews.com\/foxnews.com\/content\/uploads\/2025\/02\/931\/523\/pope-francis-health-update_002-.jpg?ve=1&amp;tl=1, https:\/\/a57.foxnews.com\/static.foxnews.com\/foxnews.com\/content\/uploads\/2025\/02\/1862\/1046\/pope-francis-health-update_002-.jpg?ve=1&amp;tl=1 2x\" height=\"523\" width=\"931\"><source media=\"(min-width: 1280px)\" srcset=\"https:\/\/a57.foxnews.com\/static.foxnews.com\/foxnews.com\/content\/uploads\/2025\/02\/720\/405\/pope-francis-health-update_002-.jpg?ve=1&amp;tl=1, https:\/\/a57.foxnews.com\/static.foxnews.com\/foxnews.com\/content\/uploads\/2025\/02\/1440\/810\/pope-francis-health-update_002-.jpg?ve=1&amp;tl=1 2x\" height=\"405\" width=\"720\"><img loading=\"lazy\" decoding=\"async\" src=\"https:\/\/a57.foxnews.com\/static.foxnews.com\/foxnews.com\/content\/uploads\/2025\/02\/1200\/675\/pope-francis-health-update_002-.jpg?ve=1&amp;tl=1\" alt=\"Una foto del Papa Francisco en mejor salud\" width=\"1200\" height=\"675\"\/><\/source><\/source><\/source><\/source><\/picture><\/div>\n<div class=\"info\">\n<div class=\"caption\">\n<p><span>El Papa Francisco saluda a los creyentes cuando deja el Cercle cita despu\u00e9s de una reuni\u00f3n al primer ministro de Luxemburgo durante un viaje apost\u00f3lico de cuatro d\u00edas en Luxemburgo y B\u00e9lgica, en la ciudad de Luxemburgo el 26 de septiembre de 2024. <\/span> <span>(Simon Wohlfahrt\/AFP\/Getty)<\/span><\/p>\n<\/div>\n<\/div>\n<\/div>\n<p>El mi\u00e9rcoles de ceniza tambi\u00e9n se ve\u00eda diferente este a\u00f1o, ya que el Papa no pudo liderar la misa. En cambio, el cardenal Angelo de Donatis ley\u00f3 en voz alta la homil\u00eda del Papa en la Bas\u00edlica de Santa Sabrina de Roma.<\/p>\n<p><strong><u>El Papa Francisco cree que \u00abel papado es para la vida\u00bb, dice el historiador-biografante<\/u><\/strong><strong> <\/strong><\/p>\n<p>El Papa ha tenido una larga historia de problemas respiratorios. Cuando ten\u00eda solo 21 a\u00f1os, el Papa Francisco le quit\u00f3 parte de su pulm\u00f3n despu\u00e9s de desarrollar pleurisy, que es una inflamaci\u00f3n de las membranas que amortiguan los pulmones. Ahora, seg\u00fan fuentes del Vaticano, contin\u00faa la terapia para la neumon\u00eda bilateral.<\/p>\n<div class=\"image-ct inline\">\n<div class=\"m\"><picture><source media=\"(max-width: 767px)\" srcset=\"https:\/\/a57.foxnews.com\/static.foxnews.com\/foxnews.com\/content\/uploads\/2025\/02\/343\/192\/vatican-pope-health-pneumonia-1.jpg?ve=1&amp;tl=1, https:\/\/a57.foxnews.com\/static.foxnews.com\/foxnews.com\/content\/uploads\/2025\/02\/686\/384\/vatican-pope-health-pneumonia-1.jpg?ve=1&amp;tl=1 2x\" height=\"192\" width=\"343\"><source media=\"(min-width: 768px) and (max-width: 1023px)\" srcset=\"https:\/\/a57.foxnews.com\/static.foxnews.com\/foxnews.com\/content\/uploads\/2025\/02\/672\/378\/vatican-pope-health-pneumonia-1.jpg?ve=1&amp;tl=1, https:\/\/a57.foxnews.com\/static.foxnews.com\/foxnews.com\/content\/uploads\/2025\/02\/1344\/756\/vatican-pope-health-pneumonia-1.jpg?ve=1&amp;tl=1 2x\" height=\"378\" width=\"672\"><source media=\"(min-width: 1024px) and (max-width: 1279px)\" srcset=\"https:\/\/a57.foxnews.com\/static.foxnews.com\/foxnews.com\/content\/uploads\/2025\/02\/931\/523\/vatican-pope-health-pneumonia-1.jpg?ve=1&amp;tl=1, https:\/\/a57.foxnews.com\/static.foxnews.com\/foxnews.com\/content\/uploads\/2025\/02\/1862\/1046\/vatican-pope-health-pneumonia-1.jpg?ve=1&amp;tl=1 2x\" height=\"523\" width=\"931\"><source media=\"(min-width: 1280px)\" srcset=\"https:\/\/a57.foxnews.com\/static.foxnews.com\/foxnews.com\/content\/uploads\/2025\/02\/720\/405\/vatican-pope-health-pneumonia-1.jpg?ve=1&amp;tl=1, https:\/\/a57.foxnews.com\/static.foxnews.com\/foxnews.com\/content\/uploads\/2025\/02\/1440\/810\/vatican-pope-health-pneumonia-1.jpg?ve=1&amp;tl=1 2x\" height=\"405\" width=\"720\"><img loading=\"lazy\" decoding=\"async\" src=\"https:\/\/a57.foxnews.com\/static.foxnews.com\/foxnews.com\/content\/uploads\/2025\/02\/1200\/675\/vatican-pope-health-pneumonia-1.jpg?ve=1&amp;tl=1\" alt=\"La primera ministra italiana Giorgia Meloni visit\u00f3 al Papa Francisco en el hospital y dijo que le estaba yendo bien a pesar de su diagn\u00f3stico de neumon\u00eda y una complicada infecci\u00f3n bronquial.\" width=\"1200\" height=\"675\"\/><\/source><\/source><\/source><\/source><\/picture><\/div>\n<div class=\"info\">\n<div class=\"caption\">\n<p><span>El Papa ha sido hospitalizado desde el 14 de febrero con neumon\u00eda y una infecci\u00f3n bronquial. Las velas con las fotos de \u00e9l son las colocadas bajo la estatua del difunto Papa Juan Pablo II en Roma el 19 de febrero de 2025. <\/span> <span>(Photo AP\/Gregorio Borgia)<\/span><\/p>\n<\/div>\n<\/div>\n<\/div>\n<p><strong><u>Haga clic aqu\u00ed para obtener la aplicaci\u00f3n Fox News<\/u><\/strong><strong>    <\/strong><\/p>\n<p>Los cat\u00f3licos de todo el mundo han rezado por el Papa Francisco desde que fue hospitalizado por primera vez en febrero. Esto incluye al vicepresidente JD Vance, quien ofreci\u00f3 una oraci\u00f3n por el Papa durante el desayuno de oraci\u00f3n nacional del mes pasado.<\/p>\n<p>\u00abTodos los d\u00edas, mis hijos y yo hemos dicho una oraci\u00f3n por el Santo Padre, y rezamos por su salud, y rezamos por su comodidad mientras trata con lo que parece ser una crisis de salud bastante grave\u00bb, dijo Vance.<\/p>\n<p> <!----> <\/p>\n<div class=\"article-meta\">\n<div class=\"author-bio\">\n<p>Rachel Wolf es una escritora de noticias de Fox News Digital y Fox Business.<\/p>\n<\/div>\n<\/div>\n<\/div>\n\n","protected":false},"excerpt":{"rendered":"<p>El Papa Francisco aparentemente ha mostrado \u00abligera mejora\u00bb y est\u00e1 respondiendo bien a la oxigenerapia en curso, seg\u00fan un comunicado del Vaticano. El pont\u00edfice de 88 a\u00f1os ha estado en el hospital desde el 14 de febrero, cuando fue ingresado por problemas respiratorios que luego se descubri\u00f3 que eran neumon\u00eda bilateral. Los m\u00e9dicos mantienen el &hellip;<\/p>\n","protected":false},"author":1,"featured_media":17771,"comment_status":"open","ping_status":"open","sticky":false,"template":"","format":"standard","meta":{"fifu_image_url":"https:\/\/static.foxnews.com\/foxnews.com\/content\/uploads\/2025\/02\/pope-francis-health-update_002-.jpg","fifu_image_alt":"","footnotes":""},"categories":[13],"tags":[],"class_list":["post-17769","post","type-post","status-publish","format-standard","has-post-thumbnail","","category-mundo"],"_links":{"self":[{"href":"https:\/\/noticiasveraces.com\/index.php?rest_route=\/wp\/v2\/posts\/17769","targetHints":{"allow":["GET"]}}],"collection":[{"href":"https:\/\/noticiasveraces.com\/index.php?rest_route=\/wp\/v2\/posts"}],"about":[{"href":"https:\/\/noticiasveraces.com\/index.php?rest_route=\/wp\/v2\/types\/post"}],"author":[{"embeddable":true,"href":"https:\/\/noticiasveraces.com\/index.php?rest_route=\/wp\/v2\/users\/1"}],"replies":[{"embeddable":true,"href":"https:\/\/noticiasveraces.com\/index.php?rest_route=%2Fwp%2Fv2%2Fcomments&post=17769"}],"version-history":[{"count":0,"href":"https:\/\/noticiasveraces.com\/index.php?rest_route=\/wp\/v2\/posts\/17769\/revisions"}],"wp:featuredmedia":[{"embeddable":true,"href":"https:\/\/noticiasveraces.com\/index.php?rest_route=\/wp\/v2\/media\/17771"}],"wp:attachment":[{"href":"https:\/\/noticiasveraces.com\/index.php?rest_route=%2Fwp%2Fv2%2Fmedia&parent=17769"}],"wp:term":[{"taxonomy":"category","embeddable":true,"href":"https:\/\/noticiasveraces.com\/index.php?rest_route=%2Fwp%2Fv2%2Fcategories&post=17769"},{"taxonomy":"post_tag","embeddable":true,"href":"https:\/\/noticiasveraces.com\/index.php?rest_route=%2Fwp%2Fv2%2Ftags&post=17769"}],"curies":[{"name":"wp","href":"https:\/\/api.w.org\/{rel}","templated":true}]}}