{"id":17739,"date":"2025-03-08T12:35:21","date_gmt":"2025-03-08T16:35:21","guid":{"rendered":"https:\/\/noticiasveraces.com\/?p=17739"},"modified":"2025-03-08T12:35:21","modified_gmt":"2025-03-08T16:35:21","slug":"el-grupo-bipartidista-de-legisladores-se-pone-dificil-con-turquia-en-una-nueva-legislacion","status":"publish","type":"post","link":"https:\/\/noticiasveraces.com\/?p=17739","title":{"rendered":"El grupo bipartidista de legisladores se pone dif\u00edcil con Turqu\u00eda en una nueva legislaci\u00f3n"},"content":{"rendered":"<p> \n<\/p>\n<div>\n<p class=\"speakable\">Un grupo de legisladores de la C\u00e1mara de Representantes bipartidistas est\u00e1 presentando una legislaci\u00f3n para redesignar a Turqu\u00eda como un pa\u00eds del Cercano Oriente en el Departamento de Estado, en lugar de un pa\u00eds europeo, ya que Ankara se ha alejado de los aliados de los Estados Unidos y la OTAN.<\/p>\n<p class=\"speakable\">The group of lawmakers, led by Reps. Brad Schneider, D-Ill., and Gus Bilirakis, R-Fla., introduced the Turkey Diplomatic Realignment Act, which looks to formally move Turkey&#8217;s designation at the US State Department from the Bureau of European and Eurasian Affairs to the Bureau of Near Eastern Affairs, reflecting Ankara&#8217;s deepening ties with Russia, China, Iran, and Hamas, which are fundamentally at Probabilidades con los intereses de seguridad occidentales.<\/p>\n<p>\u00abTurqu\u00eda est\u00e1 en una encrucijada, pero Erdogan ha tomado su decisi\u00f3n\u00bb, dijo Schneider en un comunicado.<\/p>\n<p><strong>Desaf\u00edos de pol\u00edtica exterior de confrontaci\u00f3n de Turqu\u00eda Grecia, Uni\u00f3n Europea en medio de tensiones mar\u00edtimas en aumento<\/strong><\/p>\n<div class=\"image-ct inline\">\n<div class=\"m\"><picture><source media=\"(max-width: 767px)\" srcset=\"https:\/\/a57.foxnews.com\/static.foxnews.com\/foxnews.com\/content\/uploads\/2025\/03\/343\/192\/erdogan-and-putin-scaled.jpg?ve=1&amp;tl=1, https:\/\/a57.foxnews.com\/static.foxnews.com\/foxnews.com\/content\/uploads\/2025\/03\/686\/384\/erdogan-and-putin-scaled.jpg?ve=1&amp;tl=1 2x\" height=\"192\" width=\"343\"><source media=\"(min-width: 768px) and (max-width: 1023px)\" srcset=\"https:\/\/a57.foxnews.com\/static.foxnews.com\/foxnews.com\/content\/uploads\/2025\/03\/672\/378\/erdogan-and-putin-scaled.jpg?ve=1&amp;tl=1, https:\/\/a57.foxnews.com\/static.foxnews.com\/foxnews.com\/content\/uploads\/2025\/03\/1344\/756\/erdogan-and-putin-scaled.jpg?ve=1&amp;tl=1 2x\" height=\"378\" width=\"672\"><source media=\"(min-width: 1024px) and (max-width: 1279px)\" srcset=\"https:\/\/a57.foxnews.com\/static.foxnews.com\/foxnews.com\/content\/uploads\/2025\/03\/931\/523\/erdogan-and-putin-scaled.jpg?ve=1&amp;tl=1, https:\/\/a57.foxnews.com\/static.foxnews.com\/foxnews.com\/content\/uploads\/2025\/03\/1862\/1046\/erdogan-and-putin-scaled.jpg?ve=1&amp;tl=1 2x\" height=\"523\" width=\"931\"><source media=\"(min-width: 1280px)\" srcset=\"https:\/\/a57.foxnews.com\/static.foxnews.com\/foxnews.com\/content\/uploads\/2025\/03\/720\/405\/erdogan-and-putin-scaled.jpg?ve=1&amp;tl=1, https:\/\/a57.foxnews.com\/static.foxnews.com\/foxnews.com\/content\/uploads\/2025\/03\/1440\/810\/erdogan-and-putin-scaled.jpg?ve=1&amp;tl=1 2x\" height=\"405\" width=\"720\"><img loading=\"lazy\" decoding=\"async\" src=\"https:\/\/a57.foxnews.com\/static.foxnews.com\/foxnews.com\/content\/uploads\/2025\/03\/1200\/675\/erdogan-and-putin-scaled.jpg?ve=1&amp;tl=1\" alt=\"Erdogan y Putin\" width=\"1200\" height=\"675\"\/><\/source><\/source><\/source><\/source><\/picture><\/div>\n<div class=\"info\">\n<div class=\"caption\">\n<p><span>El presidente de Rusia, Vladimir Putin, se re\u00fane con el presidente de Turqu\u00eda, Recep Tayyip Erdogan, al margen de la Cumbre BRICS en Kazan el 23 de octubre de 2024.<\/span> <span>(Alexnder Zemlianichenko\/Pooll\/AFP a trav\u00e9s de Getty Images)<\/span><\/p>\n<\/div>\n<\/div>\n<\/div>\n<p>\u00abSu gobierno alberga a los agentes de Hamas, apuntalan la m\u00e1quina de guerra de Putin y obstruye la unidad de la OTAN, mientras exige los privilegios de un aliado occidental. Es hora de que la diplomacia estadounidense deje de fingir que Turqu\u00eda sigue siendo parte de Europa\u00bb, agreg\u00f3 el representante Schneider.<\/p>\n<p>Bilirakis dijo que el presidente turco, Recep Tayyip Erdogan, act\u00faa repetidamente en contra de los intereses estadounidenses, con un comportamiento peligroso que contribuye a la inestabilidad de la regi\u00f3n. <\/p>\n<p>\u00abHa llegado el momento de la pol\u00edtica exterior oficial de los Estados Unidos para reflejar con mayor precisi\u00f3n las realidades de la conducta de este r\u00e9gimen hostil y para que Erdogan sea responsable\u00bb, dijo en un comunicado.<\/p>\n<p>El gobierno turco se desestim\u00f3 con la forma en que los miembros del Congreso est\u00e1n caracterizando su pol\u00edtica exterior y orientaci\u00f3n europea.<\/p>\n<p>\u00abLa identidad europea de T\u00fcrkiye es un hecho hist\u00f3rico y geoestrat\u00e9gico innegable. Como miembro fuerte de la OTAN, el Consejo de Europa, la OSCE y un miembro asociado de la UE, T\u00fcrkiye es parte integrante del marco institucional europeo y los valores universales que representan estas instituciones\u00bb, un funcionario de la embajada turca en Washington News Digital.<\/p>\n<p><strong>Trump coloc\u00f3 exclusivamente para &#8216;susurrar&#8217; al o\u00eddo de Erdogan sobre las ambiciones regionales turcas: ministro de defensa griega<\/strong><\/p>\n<div class=\"image-ct inline\">\n<div class=\"m\"><picture><source media=\"(max-width: 767px)\" srcset=\"https:\/\/a57.foxnews.com\/static.foxnews.com\/foxnews.com\/content\/uploads\/2023\/10\/343\/192\/GettyImages-1556348625.jpg?ve=1&amp;tl=1, https:\/\/a57.foxnews.com\/static.foxnews.com\/foxnews.com\/content\/uploads\/2023\/10\/686\/384\/GettyImages-1556348625.jpg?ve=1&amp;tl=1 2x\" height=\"192\" width=\"343\"><source media=\"(min-width: 768px) and (max-width: 1023px)\" srcset=\"https:\/\/a57.foxnews.com\/static.foxnews.com\/foxnews.com\/content\/uploads\/2023\/10\/672\/378\/GettyImages-1556348625.jpg?ve=1&amp;tl=1, https:\/\/a57.foxnews.com\/static.foxnews.com\/foxnews.com\/content\/uploads\/2023\/10\/1344\/756\/GettyImages-1556348625.jpg?ve=1&amp;tl=1 2x\" height=\"378\" width=\"672\"><source media=\"(min-width: 1024px) and (max-width: 1279px)\" srcset=\"https:\/\/a57.foxnews.com\/static.foxnews.com\/foxnews.com\/content\/uploads\/2023\/10\/931\/523\/GettyImages-1556348625.jpg?ve=1&amp;tl=1, https:\/\/a57.foxnews.com\/static.foxnews.com\/foxnews.com\/content\/uploads\/2023\/10\/1862\/1046\/GettyImages-1556348625.jpg?ve=1&amp;tl=1 2x\" height=\"523\" width=\"931\"><source media=\"(min-width: 1280px)\" srcset=\"https:\/\/a57.foxnews.com\/static.foxnews.com\/foxnews.com\/content\/uploads\/2023\/10\/720\/405\/GettyImages-1556348625.jpg?ve=1&amp;tl=1, https:\/\/a57.foxnews.com\/static.foxnews.com\/foxnews.com\/content\/uploads\/2023\/10\/1440\/810\/GettyImages-1556348625.jpg?ve=1&amp;tl=1 2x\" height=\"405\" width=\"720\"><img loading=\"lazy\" decoding=\"async\" src=\"https:\/\/a57.foxnews.com\/static.foxnews.com\/foxnews.com\/content\/uploads\/2023\/10\/1200\/675\/GettyImages-1556348625.jpg?ve=1&amp;tl=1\" alt=\"Erdogan se re\u00fane con l\u00edderes palestinos\" width=\"1200\" height=\"675\"\/><\/source><\/source><\/source><\/source><\/picture><\/div>\n<div class=\"info\">\n<div class=\"caption\">\n<p><span>El presidente turco, Recep Tayyip Erdogan (c) se re\u00fane con el presidente de la Autoridad Palestina, Mahmoud Abbas (L) y el entonces l\u00edder terrorista de Hamas, Ismail Haniyeh (R) en el complejo presidencial de Ankara, Turqu\u00eda, el 26 de julio de 2023.<\/span> <span>(Agencia Mustafa Kamaci\/Anadolu a trav\u00e9s de Getty Images)<\/span><\/p>\n<\/div>\n<\/div>\n<\/div>\n<p>\u00abEl Gobierno de Turqu\u00eda se ha convertido en un dolor de cabeza para los encargados de formular pol\u00edticas estadounidenses. Si Ankara mantiene su trayectoria actual, que el dolor de cabeza pronto se convertir\u00e1 en una migra\u00f1a\u00bb, dijo Jonathan Schanzer, director ejecutivo de la Fundaci\u00f3n para la Defensa de las Democracias, al subcomit\u00e9 de Asuntos Exteriores de la C\u00e1mara de Representantes en Europa durante una audiencia sobre la futura trayectoria de Turqu\u00eda entre Occidente y East.<\/p>\n<p>Le dijo al subcomit\u00e9 que Turqu\u00eda se comporta con demasiada frecuencia como un adversario, persiguiendo pol\u00edticas nacionales y extranjeras malignas que vuelan ante los intereses estadounidenses. Cit\u00f3 el historial establecido de Turqu\u00eda de apoyo a grupos terroristas de Medio Oriente y estados deshonestos, incluidos Hamas y otros grupos.<\/p>\n<p>Tambi\u00e9n dijo que Turqu\u00eda us\u00f3 su plataforma de la OTAN para socavar los intereses estadounidenses. Turqu\u00eda mantuvo a Washington como reh\u00e9n al exigir la venta de aviones de combate F-16 a cambio de su aprobaci\u00f3n al admitir Suecia y Finlandia a la alianza. <\/p>\n<p><strong>El l\u00edder turco afirma que las bases estadounidenses en Grecia representan una &#8216;amenaza&#8217; directa en medio de la escupida con Atenas por la expansi\u00f3n de la OTAN<\/strong><\/p>\n<div class=\"image-ct inline\">\n<div class=\"m\"><picture><source media=\"(max-width: 767px)\" srcset=\"https:\/\/a57.foxnews.com\/static.foxnews.com\/foxnews.com\/content\/uploads\/2023\/11\/343\/192\/GettyImages-1771817855.jpg?ve=1&amp;tl=1, https:\/\/a57.foxnews.com\/static.foxnews.com\/foxnews.com\/content\/uploads\/2023\/11\/686\/384\/GettyImages-1771817855.jpg?ve=1&amp;tl=1 2x\" height=\"192\" width=\"343\"><source media=\"(min-width: 768px) and (max-width: 1023px)\" srcset=\"https:\/\/a57.foxnews.com\/static.foxnews.com\/foxnews.com\/content\/uploads\/2023\/11\/672\/378\/GettyImages-1771817855.jpg?ve=1&amp;tl=1, https:\/\/a57.foxnews.com\/static.foxnews.com\/foxnews.com\/content\/uploads\/2023\/11\/1344\/756\/GettyImages-1771817855.jpg?ve=1&amp;tl=1 2x\" height=\"378\" width=\"672\"><source media=\"(min-width: 1024px) and (max-width: 1279px)\" srcset=\"https:\/\/a57.foxnews.com\/static.foxnews.com\/foxnews.com\/content\/uploads\/2023\/11\/931\/523\/GettyImages-1771817855.jpg?ve=1&amp;tl=1, https:\/\/a57.foxnews.com\/static.foxnews.com\/foxnews.com\/content\/uploads\/2023\/11\/1862\/1046\/GettyImages-1771817855.jpg?ve=1&amp;tl=1 2x\" height=\"523\" width=\"931\"><source media=\"(min-width: 1280px)\" srcset=\"https:\/\/a57.foxnews.com\/static.foxnews.com\/foxnews.com\/content\/uploads\/2023\/11\/720\/405\/GettyImages-1771817855.jpg?ve=1&amp;tl=1, https:\/\/a57.foxnews.com\/static.foxnews.com\/foxnews.com\/content\/uploads\/2023\/11\/1440\/810\/GettyImages-1771817855.jpg?ve=1&amp;tl=1 2x\" height=\"405\" width=\"720\"><img loading=\"lazy\" decoding=\"async\" src=\"https:\/\/a57.foxnews.com\/static.foxnews.com\/foxnews.com\/content\/uploads\/2023\/11\/1200\/675\/GettyImages-1771817855.jpg?ve=1&amp;tl=1\" alt=\"Erdogan y Raisi\" width=\"1200\" height=\"675\"\/><\/source><\/source><\/source><\/source><\/picture><\/div>\n<div class=\"info\">\n<div class=\"caption\">\n<p><span>El presidente turco, Recep Tayyip Erdogan (L) se re\u00fane al ex presidente iran\u00ed Ebrahim Raisi (R) en la 16\u00aa Cumbre de la Organizaci\u00f3n de la Organizaci\u00f3n de Cooperaci\u00f3n Econ\u00f3mica (ECO) en Tashkent, Uzbekistan, el 9 de noviembre de 2023. <\/span> <span>(Foto de Tur Presidency \/ Murat Cetinmuhurdar \/ Follet \/ Anadolu a trav\u00e9s de Getty Images)<\/span><\/p>\n<\/div>\n<\/div>\n<\/div>\n<p>Erdogan ha profundizado la relaci\u00f3n de Turqu\u00eda con Rusia y Vladimir Putin durante la guerra en Ucrania, comprando el sistema de defensa antimisiles S-400 de fabricaci\u00f3n rusa. Y aunque gran parte de la alianza de la OTAN impuso sanciones econ\u00f3micas sofocantes a Rusia y busc\u00f3 alejarse de la dependencia energ\u00e9tica de Rusia, Turqu\u00eda mantuvo estrechos estrechos lazos con Rusia.<\/p>\n<p>La legislaci\u00f3n propuesta requiere que el Departamento de Estado reasigne el estatus diplom\u00e1tico de Turqu\u00eda dentro de los 90 d\u00edas y presente una revisi\u00f3n del Congreso de cinco a\u00f1os sobre las consecuencias de la realineaci\u00f3n de Turqu\u00eda lejos de Europa. <\/p>\n<p>Endy Zemenides, director ejecutivo del Hellenic American Leadership Council y cuya organizaci\u00f3n respalda la legislaci\u00f3n, dijo a Fox News Digital que aplaude al grupo bipartidista de legisladores por exigir que el Departamento de Estado se ocupe de manera realista de Ankara. <\/p>\n<p><strong>Haga clic aqu\u00ed para obtener la aplicaci\u00f3n Fox News<\/strong><\/p>\n<p>\u00abUna evaluaci\u00f3n honesta de los EE. UU.<\/p>\n<p> <!----> <\/div>\n\n","protected":false},"excerpt":{"rendered":"<p>Un grupo de legisladores de la C\u00e1mara de Representantes bipartidistas est\u00e1 presentando una legislaci\u00f3n para redesignar a Turqu\u00eda como un pa\u00eds del Cercano Oriente en el Departamento de Estado, en lugar de un pa\u00eds europeo, ya que Ankara se ha alejado de los aliados de los Estados Unidos y la OTAN. The group of lawmakers, &hellip;<\/p>\n","protected":false},"author":1,"featured_media":17741,"comment_status":"open","ping_status":"open","sticky":false,"template":"","format":"standard","meta":{"fifu_image_url":"https:\/\/static.foxnews.com\/foxnews.com\/content\/uploads\/2022\/05\/GettyImages-1205321049-e1653054500621.jpg","fifu_image_alt":"","footnotes":""},"categories":[13],"tags":[],"class_list":["post-17739","post","type-post","status-publish","format-standard","has-post-thumbnail","","category-mundo"],"_links":{"self":[{"href":"https:\/\/noticiasveraces.com\/index.php?rest_route=\/wp\/v2\/posts\/17739","targetHints":{"allow":["GET"]}}],"collection":[{"href":"https:\/\/noticiasveraces.com\/index.php?rest_route=\/wp\/v2\/posts"}],"about":[{"href":"https:\/\/noticiasveraces.com\/index.php?rest_route=\/wp\/v2\/types\/post"}],"author":[{"embeddable":true,"href":"https:\/\/noticiasveraces.com\/index.php?rest_route=\/wp\/v2\/users\/1"}],"replies":[{"embeddable":true,"href":"https:\/\/noticiasveraces.com\/index.php?rest_route=%2Fwp%2Fv2%2Fcomments&post=17739"}],"version-history":[{"count":0,"href":"https:\/\/noticiasveraces.com\/index.php?rest_route=\/wp\/v2\/posts\/17739\/revisions"}],"wp:featuredmedia":[{"embeddable":true,"href":"https:\/\/noticiasveraces.com\/index.php?rest_route=\/wp\/v2\/media\/17741"}],"wp:attachment":[{"href":"https:\/\/noticiasveraces.com\/index.php?rest_route=%2Fwp%2Fv2%2Fmedia&parent=17739"}],"wp:term":[{"taxonomy":"category","embeddable":true,"href":"https:\/\/noticiasveraces.com\/index.php?rest_route=%2Fwp%2Fv2%2Fcategories&post=17739"},{"taxonomy":"post_tag","embeddable":true,"href":"https:\/\/noticiasveraces.com\/index.php?rest_route=%2Fwp%2Fv2%2Ftags&post=17739"}],"curies":[{"name":"wp","href":"https:\/\/api.w.org\/{rel}","templated":true}]}}