{"id":17714,"date":"2025-03-08T07:22:45","date_gmt":"2025-03-08T11:22:45","guid":{"rendered":"https:\/\/noticiasveraces.com\/?p=17714"},"modified":"2025-03-08T07:22:45","modified_gmt":"2025-03-08T11:22:45","slug":"el-acusado-presidente-de-corea-del-sur-yoon-suk-yeol-se-libero-de-la-prision-despues-de-un-arresto-cancelado","status":"publish","type":"post","link":"https:\/\/noticiasveraces.com\/?p=17714","title":{"rendered":"El acusado presidente de Corea del Sur Yoon Suk Yeol se liber\u00f3 de la prisi\u00f3n despu\u00e9s de un arresto cancelado"},"content":{"rendered":"<p> \n<\/p>\n<div>\n<p class=\"speakable\">El acusado presidente de Corea del Sur, Yoon Suk Yeol, fue liberado de la prisi\u00f3n el s\u00e1bado despu\u00e9s de que un tribunal cancel\u00f3 su arresto para permitirle ser juzgado por la rebeli\u00f3n sin ser detenido f\u00edsicamente.<\/p>\n<p class=\"speakable\">Esto se produce despu\u00e9s de que Yoon fue arrestado y acusado por los fiscales en enero por su decreto de derecho marcial el 3 de diciembre, lo que condujo a una agitaci\u00f3n pol\u00edtica en el pa\u00eds, que la Asamblea Nacional vot\u00f3 para revertir solo unas horas despu\u00e9s. La Asamblea Nacional tambi\u00e9n vot\u00f3 para acusarlo, lo que result\u00f3 en su suspensi\u00f3n del cargo.<\/p>\n<p>El s\u00e1bado fue visto a Yoon agitando la mano, apretando los pu\u00f1os y inclin\u00e1ndose ante sus seguidores que gritaban su nombre y agitaban banderas nacionales de Corea del Sur y de los Estados Unidos. Entr\u00f3 en una camioneta negra para viajar a su residencia en Se\u00fal.<\/p>\n<p><strong>Ordenes judiciales El presidente de Corea del Sur, Yoon, liberado de la c\u00e1rcel por juicio por derecho marcial<\/strong><\/p>\n<div class=\"image-ct inline\">\n<div class=\"m\"><picture><source media=\"(max-width: 767px)\" srcset=\"https:\/\/a57.foxnews.com\/static.foxnews.com\/foxnews.com\/content\/uploads\/2025\/03\/343\/192\/yoon.png?ve=1&amp;tl=1, https:\/\/a57.foxnews.com\/static.foxnews.com\/foxnews.com\/content\/uploads\/2025\/03\/686\/384\/yoon.png?ve=1&amp;tl=1 2x\" height=\"192\" width=\"343\"><source media=\"(min-width: 768px) and (max-width: 1023px)\" srcset=\"https:\/\/a57.foxnews.com\/static.foxnews.com\/foxnews.com\/content\/uploads\/2025\/03\/672\/378\/yoon.png?ve=1&amp;tl=1, https:\/\/a57.foxnews.com\/static.foxnews.com\/foxnews.com\/content\/uploads\/2025\/03\/1344\/756\/yoon.png?ve=1&amp;tl=1 2x\" height=\"378\" width=\"672\"><source media=\"(min-width: 1024px) and (max-width: 1279px)\" srcset=\"https:\/\/a57.foxnews.com\/static.foxnews.com\/foxnews.com\/content\/uploads\/2025\/03\/931\/523\/yoon.png?ve=1&amp;tl=1, https:\/\/a57.foxnews.com\/static.foxnews.com\/foxnews.com\/content\/uploads\/2025\/03\/1862\/1046\/yoon.png?ve=1&amp;tl=1 2x\" height=\"523\" width=\"931\"><source media=\"(min-width: 1280px)\" srcset=\"https:\/\/a57.foxnews.com\/static.foxnews.com\/foxnews.com\/content\/uploads\/2025\/03\/720\/405\/yoon.png?ve=1&amp;tl=1, https:\/\/a57.foxnews.com\/static.foxnews.com\/foxnews.com\/content\/uploads\/2025\/03\/1440\/810\/yoon.png?ve=1&amp;tl=1 2x\" height=\"405\" width=\"720\"><img loading=\"lazy\" decoding=\"async\" src=\"https:\/\/a57.foxnews.com\/static.foxnews.com\/foxnews.com\/content\/uploads\/2025\/03\/1200\/675\/yoon.png?ve=1&amp;tl=1\" alt=\"Yoon\" width=\"1200\" height=\"675\"\/><\/source><\/source><\/source><\/source><\/picture><\/div>\n<div class=\"info\">\n<div class=\"caption\">\n<p><span>El acusado presidente surcoreano Yoon Suk Yeol saluda a sus partidarios despu\u00e9s de que sali\u00f3 de un centro de detenci\u00f3n en Uiwang, Corea del Sur, el s\u00e1bado 8 de marzo de 2025.<\/span> <span>(AP)<\/span><\/p>\n<\/div>\n<\/div>\n<\/div>\n<p>En un comunicado, Yoon dijo que \u00abaprecia el coraje y la decisi\u00f3n del Tribunal de Distrito Central de Se\u00fal de corregir la ilegalidad\u00bb, en lo que parec\u00eda ser una referencia a las preguntas sobre su arresto. Tambi\u00e9n agradeci\u00f3 a sus seguidores e inst\u00f3 a personas que est\u00e1n en huelga de hambre contra su acusaci\u00f3n a terminar con \u00e9l.<\/p>\n<p>El Tribunal Constitucional ha estado deliberando si desestimar o restablecer formalmente a Yoon como presidente. Si el tribunal mantiene su destituci\u00f3n, una elecci\u00f3n para un nuevo presidente se celebrar\u00e1 dentro de dos meses.<\/p>\n<p>El Tribunal de Distrito Central de Se\u00fal dijo el viernes que acept\u00f3 la solicitud de Yoon de ser liberado de la prisi\u00f3n, se\u00f1alando la necesidad de abordar las preguntas sobre la legalidad de las investigaciones del presidente.<\/p>\n<p><strong><u>Los fiscales surcoreanos acusan al presidente acusado que declar\u00f3 la ley marcial<\/u><\/strong><\/p>\n<div class=\"image-ct inline\">\n<div class=\"m\"><picture><source media=\"(max-width: 767px)\" srcset=\"https:\/\/a57.foxnews.com\/static.foxnews.com\/foxnews.com\/content\/uploads\/2025\/03\/343\/192\/skyoon.png?ve=1&amp;tl=1, https:\/\/a57.foxnews.com\/static.foxnews.com\/foxnews.com\/content\/uploads\/2025\/03\/686\/384\/skyoon.png?ve=1&amp;tl=1 2x\" height=\"192\" width=\"343\"><source media=\"(min-width: 768px) and (max-width: 1023px)\" srcset=\"https:\/\/a57.foxnews.com\/static.foxnews.com\/foxnews.com\/content\/uploads\/2025\/03\/672\/378\/skyoon.png?ve=1&amp;tl=1, https:\/\/a57.foxnews.com\/static.foxnews.com\/foxnews.com\/content\/uploads\/2025\/03\/1344\/756\/skyoon.png?ve=1&amp;tl=1 2x\" height=\"378\" width=\"672\"><source media=\"(min-width: 1024px) and (max-width: 1279px)\" srcset=\"https:\/\/a57.foxnews.com\/static.foxnews.com\/foxnews.com\/content\/uploads\/2025\/03\/931\/523\/skyoon.png?ve=1&amp;tl=1, https:\/\/a57.foxnews.com\/static.foxnews.com\/foxnews.com\/content\/uploads\/2025\/03\/1862\/1046\/skyoon.png?ve=1&amp;tl=1 2x\" height=\"523\" width=\"931\"><source media=\"(min-width: 1280px)\" srcset=\"https:\/\/a57.foxnews.com\/static.foxnews.com\/foxnews.com\/content\/uploads\/2025\/03\/720\/405\/skyoon.png?ve=1&amp;tl=1, https:\/\/a57.foxnews.com\/static.foxnews.com\/foxnews.com\/content\/uploads\/2025\/03\/1440\/810\/skyoon.png?ve=1&amp;tl=1 2x\" height=\"405\" width=\"720\"><img loading=\"lazy\" decoding=\"async\" src=\"https:\/\/a57.foxnews.com\/static.foxnews.com\/foxnews.com\/content\/uploads\/2025\/03\/1200\/675\/skyoon.png?ve=1&amp;tl=1\" alt=\"Yoon suk yeol\" width=\"1200\" height=\"675\"\/><\/source><\/source><\/source><\/source><\/picture><\/div>\n<div class=\"info\">\n<div class=\"caption\">\n<p><span>El acusado presidente surcoreano Yoon Suk Yeol saluda a sus partidarios despu\u00e9s de que sali\u00f3 de un centro de detenci\u00f3n en Uiwang, Corea del Sur, el s\u00e1bado 8 de marzo de 2025.<\/span> <span>(AP)<\/span><\/p>\n<\/div>\n<\/div>\n<\/div>\n<p>Los abogados de Yoon han argumentado que la agencia de investigaci\u00f3n que lo deten\u00eda antes de su arresto formal carec\u00eda de autoridad legal para investigar los cargos de rebeli\u00f3n.<\/p>\n<p>El tribunal en Se\u00fal tambi\u00e9n dijo que el per\u00edodo legal de su arresto formal expir\u00f3 antes de su acusaci\u00f3n.<\/p>\n<p>La liberaci\u00f3n de Yoon de la prisi\u00f3n se produjo despu\u00e9s de que los fiscales optaron por no apelar el fallo del Tribunal de Distrito Central de Se\u00fal. La ley de Corea del Sur permite a los fiscales continuar manteniendo a un sospechoso bajo custodia mientras persiguen una apelaci\u00f3n, incluso despu\u00e9s de que un tribunal cancele el arresto.<\/p>\n<div class=\"image-ct inline\">\n<div class=\"m\"><picture><source media=\"(max-width: 767px)\" srcset=\"https:\/\/a57.foxnews.com\/static.foxnews.com\/foxnews.com\/content\/uploads\/2025\/03\/343\/192\/yoonsupporters.png?ve=1&amp;tl=1, https:\/\/a57.foxnews.com\/static.foxnews.com\/foxnews.com\/content\/uploads\/2025\/03\/686\/384\/yoonsupporters.png?ve=1&amp;tl=1 2x\" height=\"192\" width=\"343\"><source media=\"(min-width: 768px) and (max-width: 1023px)\" srcset=\"https:\/\/a57.foxnews.com\/static.foxnews.com\/foxnews.com\/content\/uploads\/2025\/03\/672\/378\/yoonsupporters.png?ve=1&amp;tl=1, https:\/\/a57.foxnews.com\/static.foxnews.com\/foxnews.com\/content\/uploads\/2025\/03\/1344\/756\/yoonsupporters.png?ve=1&amp;tl=1 2x\" height=\"378\" width=\"672\"><source media=\"(min-width: 1024px) and (max-width: 1279px)\" srcset=\"https:\/\/a57.foxnews.com\/static.foxnews.com\/foxnews.com\/content\/uploads\/2025\/03\/931\/523\/yoonsupporters.png?ve=1&amp;tl=1, https:\/\/a57.foxnews.com\/static.foxnews.com\/foxnews.com\/content\/uploads\/2025\/03\/1862\/1046\/yoonsupporters.png?ve=1&amp;tl=1 2x\" height=\"523\" width=\"931\"><source media=\"(min-width: 1280px)\" srcset=\"https:\/\/a57.foxnews.com\/static.foxnews.com\/foxnews.com\/content\/uploads\/2025\/03\/720\/405\/yoonsupporters.png?ve=1&amp;tl=1, https:\/\/a57.foxnews.com\/static.foxnews.com\/foxnews.com\/content\/uploads\/2025\/03\/1440\/810\/yoonsupporters.png?ve=1&amp;tl=1 2x\" height=\"405\" width=\"720\"><img loading=\"lazy\" decoding=\"async\" src=\"https:\/\/a57.foxnews.com\/static.foxnews.com\/foxnews.com\/content\/uploads\/2025\/03\/1200\/675\/yoonsupporters.png?ve=1&amp;tl=1\" alt=\"Partidarios del acusado presidente surcoreano Yoon Suk Yeol\" width=\"1200\" height=\"675\"\/><\/source><\/source><\/source><\/source><\/picture><\/div>\n<div class=\"info\">\n<div class=\"caption\">\n<p><span>Los partidarios del acusado presidente surcoreano Yoon Suk Yeol en la etapa de una manifestaci\u00f3n para oponerse a su acusaci\u00f3n en Se\u00fal, Corea del Sur, s\u00e1bado 8 de marzo de 2025.<\/span> <span>(AP)<\/span><\/p>\n<\/div>\n<\/div>\n<\/div>\n<p><strong><u>Haga clic aqu\u00ed para obtener la aplicaci\u00f3n Fox News<\/u><\/strong><\/p>\n<p>El principal Partido Democr\u00e1tico de la Oposici\u00f3n Liberal, que dirigi\u00f3 la destituci\u00f3n de Yoon en diciembre, critic\u00f3 a los fiscales por su decisi\u00f3n de no apelar, etiquet\u00e1ndolos como \u00absecuaces\u00bb de Yoon, quien es un ex fiscal general.<\/p>\n<p>El portavoz del Partido Dem\u00f3crata, Cho Seung-Rae, pidi\u00f3 al Tribunal Constitucional que desestimara a Yoon lo antes posible para evitar m\u00e1s disturbios p\u00fablicos.<\/p>\n<p><i>Associated Press contribuy\u00f3 a este informe.<\/i><\/p>\n<p> <!----> <\/div>\n\n","protected":false},"excerpt":{"rendered":"<p>El acusado presidente de Corea del Sur, Yoon Suk Yeol, fue liberado de la prisi\u00f3n el s\u00e1bado despu\u00e9s de que un tribunal cancel\u00f3 su arresto para permitirle ser juzgado por la rebeli\u00f3n sin ser detenido f\u00edsicamente. Esto se produce despu\u00e9s de que Yoon fue arrestado y acusado por los fiscales en enero por su decreto &hellip;<\/p>\n","protected":false},"author":1,"featured_media":17716,"comment_status":"open","ping_status":"open","sticky":false,"template":"","format":"standard","meta":{"fifu_image_url":"https:\/\/static.foxnews.com\/foxnews.com\/content\/uploads\/2025\/03\/yoon.png","fifu_image_alt":"","footnotes":""},"categories":[13],"tags":[],"class_list":["post-17714","post","type-post","status-publish","format-standard","has-post-thumbnail","","category-mundo"],"_links":{"self":[{"href":"https:\/\/noticiasveraces.com\/index.php?rest_route=\/wp\/v2\/posts\/17714","targetHints":{"allow":["GET"]}}],"collection":[{"href":"https:\/\/noticiasveraces.com\/index.php?rest_route=\/wp\/v2\/posts"}],"about":[{"href":"https:\/\/noticiasveraces.com\/index.php?rest_route=\/wp\/v2\/types\/post"}],"author":[{"embeddable":true,"href":"https:\/\/noticiasveraces.com\/index.php?rest_route=\/wp\/v2\/users\/1"}],"replies":[{"embeddable":true,"href":"https:\/\/noticiasveraces.com\/index.php?rest_route=%2Fwp%2Fv2%2Fcomments&post=17714"}],"version-history":[{"count":0,"href":"https:\/\/noticiasveraces.com\/index.php?rest_route=\/wp\/v2\/posts\/17714\/revisions"}],"wp:featuredmedia":[{"embeddable":true,"href":"https:\/\/noticiasveraces.com\/index.php?rest_route=\/wp\/v2\/media\/17716"}],"wp:attachment":[{"href":"https:\/\/noticiasveraces.com\/index.php?rest_route=%2Fwp%2Fv2%2Fmedia&parent=17714"}],"wp:term":[{"taxonomy":"category","embeddable":true,"href":"https:\/\/noticiasveraces.com\/index.php?rest_route=%2Fwp%2Fv2%2Fcategories&post=17714"},{"taxonomy":"post_tag","embeddable":true,"href":"https:\/\/noticiasveraces.com\/index.php?rest_route=%2Fwp%2Fv2%2Ftags&post=17714"}],"curies":[{"name":"wp","href":"https:\/\/api.w.org\/{rel}","templated":true}]}}