{"id":17701,"date":"2025-03-08T06:00:14","date_gmt":"2025-03-08T10:00:14","guid":{"rendered":"https:\/\/noticiasveraces.com\/?p=17701"},"modified":"2025-03-08T06:00:14","modified_gmt":"2025-03-08T10:00:14","slug":"ultimos-dias-para-transmitir-una-pelicula-ganadora-de-un-oscar-que-hizo-que-los-espectadores-lloren-en-prime-peliculas-entretenimiento","status":"publish","type":"post","link":"https:\/\/noticiasveraces.com\/?p=17701","title":{"rendered":"\u00daltimos d\u00edas para transmitir una pel\u00edcula ganadora de un Oscar que hizo que los espectadores lloren en Prime | Pel\u00edculas | Entretenimiento"},"content":{"rendered":"<p> \n<\/p>\n<div>\n<p>El reloj est\u00e1 marcando para los suscriptores de videos de Amazon Prime para atrapar el thriller de crimen ganador del Oscar, Anatom\u00eda de una ca\u00edda, antes de que aparezca de la plataforma.<\/p>\n<p>La pel\u00edcula, que fue lanzada en 2023 y se asegur\u00f3 el Premio de la Academia al Mejor Gui\u00f3n Original junto con otras cuatro nominaciones, ha sido aclamada por los fan\u00e1ticos como \u00abuno de los mejores thrillers de crimen\u00bb.<\/p>\n<p>Tambi\u00e9n tiene una impresionante calificaci\u00f3n de los cr\u00edticos del 96 por ciento en Rotten Tomatoes, y el p\u00fablico le da un s\u00f3lido 90 por ciento.<\/p>\n<p>Dirigida por la cineasta francesa Justine Triet, la trama gira en torno a Sandra, una mujer acusada de asesinar a su esposo Samuel y su lucha por demostrar su inocencia. A medida que se desarrolla el drama del tribunal, surgen verdades inquietantes sobre su relaci\u00f3n.<\/p>\n<p data-mce-linkchecker-status=\"valid\">El elenco presenta a la actriz alemana Sandra H\u00fcller (la zona de inter\u00e9s) como Sandra, Samuel Theis (Softie) como Samuel y Milo Machado Graner (Le Choix) como su hijo parcialmente ciego, Daniel.<\/p>\n<\/div>\n<div>\n<p>Amazon Prime Video dejar\u00e1 de transmitir el aclamado drama despu\u00e9s del viernes 28 de marzo.<\/p>\n<p>Tras su lanzamiento, la pel\u00edcula recibi\u00f3 excelentes cr\u00edticas de los espectadores, informa Surrey Live. Un usuario de IMDB entusiasmado: \u00abLa pel\u00edcula me enganch\u00f3 instant\u00e1neamente y me mantuvo cautivado todo el tiempo. Los di\u00e1logos fueron algunos de los mejores que he visto en una pel\u00edcula\u00bb.<\/p>\n<p>El espectador agreg\u00f3 adem\u00e1s: \u00abHay giros y giros. Algunas l\u00edneas muy hermosas que resuenan. La escritura mostr\u00f3 comprensi\u00f3n de las complejidades de las relaciones multiculturales. Algunos momentos fueron intensos y me hicieron llorar\u00bb.<\/p>\n<p>Otro entusiasta del cine comparti\u00f3 su admiraci\u00f3n, diciendo: \u00abLa anatom\u00eda de una ca\u00edda es un drama de la sala del tribunal que incluye la historia de una miniserie en dos horas y media\u00bb.<\/p>\n<p>Continuaron expresando su alabanza: \u00abVeo totalmente por qu\u00e9 obtuvo tanta aclamaci\u00f3n[&#8230;] Es exactamente el tipo de drama legal que he querido ver durante a\u00f1os. Este es el est\u00e1ndar de [the] G\u00e9nero del crimen al que todas las dem\u00e1s pel\u00edculas ahora tienen que estar a la altura \u00ab.<\/p>\n<\/div>\n<div>\n<p>En las rese\u00f1as de Google, otra pel\u00edcula lo aclam\u00f3 como \u00abuna de las mejores pel\u00edculas de la corte de la corte de crimen\u00bb.<\/p>\n<p>Si bien la pel\u00edcula ha recibido numerosos elogios, hay un consenso entre muchos de los que H\u00fcller fue rechazado en los Oscar, mereciendo el reconocimiento por su papel. Fue nominada a la mejor actriz principal, pero perdi\u00f3 ante Emma Stone en pobres.<\/p>\n<p>Los fan\u00e1ticos decepcionados expresaron sus sentimientos en X, con una afirmada: \u00abLa anatom\u00eda de una ca\u00edda definitivamente merec\u00eda el Oscar del gui\u00f3n, pero ning\u00fan premio por las actuaciones es una especie de abominaci\u00f3n\u00bb.<\/p>\n<p>Reflexionando sobre la se\u00f1orita del Oscar de H\u00fcller, otro admirador dijo recientemente: \u00abSandra H\u00fcller merec\u00eda un Oscar por la anatom\u00eda de una ca\u00edda. \u00a1Qu\u00e9 pel\u00edcula!\u00bb<\/p>\n<p><em><strong>La anatom\u00eda de una ca\u00edda se transmite en el video Amazon Prime. <\/strong><\/em><\/p>\n<\/div>\n\n","protected":false},"excerpt":{"rendered":"<p>El reloj est\u00e1 marcando para los suscriptores de videos de Amazon Prime para atrapar el thriller de crimen ganador del Oscar, Anatom\u00eda de una ca\u00edda, antes de que aparezca de la plataforma. La pel\u00edcula, que fue lanzada en 2023 y se asegur\u00f3 el Premio de la Academia al Mejor Gui\u00f3n Original junto con otras cuatro &hellip;<\/p>\n","protected":false},"author":1,"featured_media":17702,"comment_status":"open","ping_status":"open","sticky":false,"template":"","format":"standard","meta":{"fifu_image_url":"https:\/\/cdn.images.express.co.uk\/img\/dynamic\/36\/1200x630\/6007769.jpg","fifu_image_alt":"","footnotes":""},"categories":[765],"tags":[],"class_list":["post-17701","post","type-post","status-publish","format-standard","has-post-thumbnail","","category-peliculas"],"_links":{"self":[{"href":"https:\/\/noticiasveraces.com\/index.php?rest_route=\/wp\/v2\/posts\/17701","targetHints":{"allow":["GET"]}}],"collection":[{"href":"https:\/\/noticiasveraces.com\/index.php?rest_route=\/wp\/v2\/posts"}],"about":[{"href":"https:\/\/noticiasveraces.com\/index.php?rest_route=\/wp\/v2\/types\/post"}],"author":[{"embeddable":true,"href":"https:\/\/noticiasveraces.com\/index.php?rest_route=\/wp\/v2\/users\/1"}],"replies":[{"embeddable":true,"href":"https:\/\/noticiasveraces.com\/index.php?rest_route=%2Fwp%2Fv2%2Fcomments&post=17701"}],"version-history":[{"count":0,"href":"https:\/\/noticiasveraces.com\/index.php?rest_route=\/wp\/v2\/posts\/17701\/revisions"}],"wp:featuredmedia":[{"embeddable":true,"href":"https:\/\/noticiasveraces.com\/index.php?rest_route=\/wp\/v2\/media\/17702"}],"wp:attachment":[{"href":"https:\/\/noticiasveraces.com\/index.php?rest_route=%2Fwp%2Fv2%2Fmedia&parent=17701"}],"wp:term":[{"taxonomy":"category","embeddable":true,"href":"https:\/\/noticiasveraces.com\/index.php?rest_route=%2Fwp%2Fv2%2Fcategories&post=17701"},{"taxonomy":"post_tag","embeddable":true,"href":"https:\/\/noticiasveraces.com\/index.php?rest_route=%2Fwp%2Fv2%2Ftags&post=17701"}],"curies":[{"name":"wp","href":"https:\/\/api.w.org\/{rel}","templated":true}]}}