{"id":17687,"date":"2025-03-08T04:04:35","date_gmt":"2025-03-08T08:04:35","guid":{"rendered":"https:\/\/noticiasveraces.com\/?p=17687"},"modified":"2025-03-08T04:04:35","modified_gmt":"2025-03-08T08:04:35","slug":"disparar-en-canada-deja-una-docena-de-heridos-segun-la-policia","status":"publish","type":"post","link":"https:\/\/noticiasveraces.com\/?p=17687","title":{"rendered":"Disparar en Canad\u00e1 deja una docena de heridos, seg\u00fan la polic\u00eda"},"content":{"rendered":"<p> \n<\/p>\n<div>\n<p class=\"speakable\">Un tiroteo el viernes en un pub en Toronto, Canad\u00e1, dej\u00f3 una docena de personas heridas, mientras la polic\u00eda contin\u00faa buscando al sospechoso.<\/p>\n<p class=\"speakable\">La polic\u00eda de Toronto respondi\u00f3 alrededor de las 10:40 pm al tiroteo en el \u00e1rea de Progress Avenue y Corporate Drive en el este de Toronto. El tiroteo ocurri\u00f3 cerca del centro de la ciudad de Scarborough.<\/p>\n<p>Seg\u00fan CBC, hubo informes de disparos y un tiroteo activo dentro de un pub Scarborough, dijeron los servicios de bomberos de Toronto, seg\u00fan CBC.<\/p>\n<p><strong>Un oficial de polic\u00eda mat\u00f3, otro herido en Newark, tiroteo en Nueva Jersey<\/strong><\/p>\n<div class=\"image-ct inline\">\n<div class=\"m\"><picture><source media=\"(max-width: 767px)\" srcset=\"https:\/\/a57.foxnews.com\/static.foxnews.com\/foxnews.com\/content\/uploads\/2025\/03\/343\/192\/canadacop.png?ve=1&amp;tl=1, https:\/\/a57.foxnews.com\/static.foxnews.com\/foxnews.com\/content\/uploads\/2025\/03\/686\/384\/canadacop.png?ve=1&amp;tl=1 2x\" height=\"192\" width=\"343\"><source media=\"(min-width: 768px) and (max-width: 1023px)\" srcset=\"https:\/\/a57.foxnews.com\/static.foxnews.com\/foxnews.com\/content\/uploads\/2025\/03\/672\/378\/canadacop.png?ve=1&amp;tl=1, https:\/\/a57.foxnews.com\/static.foxnews.com\/foxnews.com\/content\/uploads\/2025\/03\/1344\/756\/canadacop.png?ve=1&amp;tl=1 2x\" height=\"378\" width=\"672\"><source media=\"(min-width: 1024px) and (max-width: 1279px)\" srcset=\"https:\/\/a57.foxnews.com\/static.foxnews.com\/foxnews.com\/content\/uploads\/2025\/03\/931\/523\/canadacop.png?ve=1&amp;tl=1, https:\/\/a57.foxnews.com\/static.foxnews.com\/foxnews.com\/content\/uploads\/2025\/03\/1862\/1046\/canadacop.png?ve=1&amp;tl=1 2x\" height=\"523\" width=\"931\"><source media=\"(min-width: 1280px)\" srcset=\"https:\/\/a57.foxnews.com\/static.foxnews.com\/foxnews.com\/content\/uploads\/2025\/03\/720\/405\/canadacop.png?ve=1&amp;tl=1, https:\/\/a57.foxnews.com\/static.foxnews.com\/foxnews.com\/content\/uploads\/2025\/03\/1440\/810\/canadacop.png?ve=1&amp;tl=1 2x\" height=\"405\" width=\"720\"><img loading=\"lazy\" decoding=\"async\" src=\"https:\/\/a57.foxnews.com\/static.foxnews.com\/foxnews.com\/content\/uploads\/2025\/03\/1200\/675\/canadacop.png?ve=1&amp;tl=1\" alt=\"Parche de la polic\u00eda de Toronto\" width=\"1200\" height=\"675\"\/><\/source><\/source><\/source><\/source><\/picture><\/div>\n<div class=\"info\">\n<div class=\"caption\">\n<p><span>Un tiroteo el viernes en un pub en Toronto, Canad\u00e1, dej\u00f3 una docena de personas heridas.<\/span> <span>(Getty Images)<\/span><\/p>\n<\/div>\n<\/div>\n<\/div>\n<p>Las 12 v\u00edctimas fueron transportadas a un hospital para recibir tratamiento. La polic\u00eda dijo que cuatro de las v\u00edctimas sufrieron heridas que no potenciaron la vida, pero el alcance de las lesiones de los ocho restantes no est\u00e1 claro.<\/p>\n<p>La polic\u00eda dijo que el sospechoso llevaba una m\u00e1scara de balaclava negra y fue visto conduciendo en un autom\u00f3vil plateado, inform\u00f3 CBC.<\/p>\n<p><strong>El ministro de Relaciones Exteriores de Canad\u00e1 ofrece una explicaci\u00f3n contundente para el himno nacional abucheando: \u00abEstamos insultados\u00bb<\/strong><\/p>\n<div class=\"image-ct inline\">\n<div class=\"m\"><picture><source media=\"(max-width: 767px)\" srcset=\"https:\/\/a57.foxnews.com\/static.foxnews.com\/foxnews.com\/content\/uploads\/2025\/03\/343\/192\/torontopolice.png?ve=1&amp;tl=1, https:\/\/a57.foxnews.com\/static.foxnews.com\/foxnews.com\/content\/uploads\/2025\/03\/686\/384\/torontopolice.png?ve=1&amp;tl=1 2x\" height=\"192\" width=\"343\"><source media=\"(min-width: 768px) and (max-width: 1023px)\" srcset=\"https:\/\/a57.foxnews.com\/static.foxnews.com\/foxnews.com\/content\/uploads\/2025\/03\/672\/378\/torontopolice.png?ve=1&amp;tl=1, https:\/\/a57.foxnews.com\/static.foxnews.com\/foxnews.com\/content\/uploads\/2025\/03\/1344\/756\/torontopolice.png?ve=1&amp;tl=1 2x\" height=\"378\" width=\"672\"><source media=\"(min-width: 1024px) and (max-width: 1279px)\" srcset=\"https:\/\/a57.foxnews.com\/static.foxnews.com\/foxnews.com\/content\/uploads\/2025\/03\/931\/523\/torontopolice.png?ve=1&amp;tl=1, https:\/\/a57.foxnews.com\/static.foxnews.com\/foxnews.com\/content\/uploads\/2025\/03\/1862\/1046\/torontopolice.png?ve=1&amp;tl=1 2x\" height=\"523\" width=\"931\"><source media=\"(min-width: 1280px)\" srcset=\"https:\/\/a57.foxnews.com\/static.foxnews.com\/foxnews.com\/content\/uploads\/2025\/03\/720\/405\/torontopolice.png?ve=1&amp;tl=1, https:\/\/a57.foxnews.com\/static.foxnews.com\/foxnews.com\/content\/uploads\/2025\/03\/1440\/810\/torontopolice.png?ve=1&amp;tl=1 2x\" height=\"405\" width=\"720\"><img loading=\"lazy\" decoding=\"async\" src=\"https:\/\/a57.foxnews.com\/static.foxnews.com\/foxnews.com\/content\/uploads\/2025\/03\/1200\/675\/torontopolice.png?ve=1&amp;tl=1\" alt=\"Coche de polic\u00eda de Toronto\" width=\"1200\" height=\"675\"\/><\/source><\/source><\/source><\/source><\/picture><\/div>\n<div class=\"info\">\n<div class=\"caption\">\n<p><span>La polic\u00eda de Toronto respondi\u00f3 alrededor de las 10:40 pm al tiroteo en el \u00e1rea de Progress Avenue y Corporate Drive en el este de Toronto.<\/span> <span>(Getty Images)<\/span><\/p>\n<\/div>\n<\/div>\n<\/div>\n<p>La alcaldesa de Toronto, Olivia Chow, dijo en X que \u00abest\u00e1 profundamente preocupada por escuchar informes de un tiroteo en un pub en Scarborough\u00bb.<\/p>\n<p>El alcalde dijo que habl\u00f3 con el jefe de polic\u00eda de Toronto, Myron Demkiw, y \u00e9l le asegur\u00f3 que \u00abtodos los recursos necesarios se han desplegado\u00bb.<\/p>\n<div class=\"image-ct inline\">\n<div class=\"m\"><picture><source media=\"(max-width: 767px)\" srcset=\"https:\/\/a57.foxnews.com\/static.foxnews.com\/foxnews.com\/content\/uploads\/2025\/03\/343\/192\/torontocop.png?ve=1&amp;tl=1, https:\/\/a57.foxnews.com\/static.foxnews.com\/foxnews.com\/content\/uploads\/2025\/03\/686\/384\/torontocop.png?ve=1&amp;tl=1 2x\" height=\"192\" width=\"343\"><source media=\"(min-width: 768px) and (max-width: 1023px)\" srcset=\"https:\/\/a57.foxnews.com\/static.foxnews.com\/foxnews.com\/content\/uploads\/2025\/03\/672\/378\/torontocop.png?ve=1&amp;tl=1, https:\/\/a57.foxnews.com\/static.foxnews.com\/foxnews.com\/content\/uploads\/2025\/03\/1344\/756\/torontocop.png?ve=1&amp;tl=1 2x\" height=\"378\" width=\"672\"><source media=\"(min-width: 1024px) and (max-width: 1279px)\" srcset=\"https:\/\/a57.foxnews.com\/static.foxnews.com\/foxnews.com\/content\/uploads\/2025\/03\/931\/523\/torontocop.png?ve=1&amp;tl=1, https:\/\/a57.foxnews.com\/static.foxnews.com\/foxnews.com\/content\/uploads\/2025\/03\/1862\/1046\/torontocop.png?ve=1&amp;tl=1 2x\" height=\"523\" width=\"931\"><source media=\"(min-width: 1280px)\" srcset=\"https:\/\/a57.foxnews.com\/static.foxnews.com\/foxnews.com\/content\/uploads\/2025\/03\/720\/405\/torontocop.png?ve=1&amp;tl=1, https:\/\/a57.foxnews.com\/static.foxnews.com\/foxnews.com\/content\/uploads\/2025\/03\/1440\/810\/torontocop.png?ve=1&amp;tl=1 2x\" height=\"405\" width=\"720\"><img loading=\"lazy\" decoding=\"async\" src=\"https:\/\/a57.foxnews.com\/static.foxnews.com\/foxnews.com\/content\/uploads\/2025\/03\/1200\/675\/torontocop.png?ve=1&amp;tl=1\" alt=\"Coche de polic\u00eda de Toronto\" width=\"1200\" height=\"675\"\/><\/source><\/source><\/source><\/source><\/picture><\/div>\n<div class=\"info\">\n<div class=\"caption\">\n<p><span>La polic\u00eda dijo que el sospechoso llevaba una m\u00e1scara de balaclava negra y fue visto conduciendo en un autom\u00f3vil plateado.<\/span> <span>(Getty Images)<\/span><\/p>\n<\/div>\n<\/div>\n<\/div>\n<p><strong><u>Haga clic aqu\u00ed para obtener la aplicaci\u00f3n Fox News<\/u><\/strong><\/p>\n<p>\u00abEsta es una investigaci\u00f3n temprana y continua: la polic\u00eda proporcionar\u00e1 m\u00e1s detalles. Mis pensamientos son con las v\u00edctimas y sus familias\u00bb, dijo Chow.<\/p>\n<p> <!----> <\/div>\n\n","protected":false},"excerpt":{"rendered":"<p>Un tiroteo el viernes en un pub en Toronto, Canad\u00e1, dej\u00f3 una docena de personas heridas, mientras la polic\u00eda contin\u00faa buscando al sospechoso. La polic\u00eda de Toronto respondi\u00f3 alrededor de las 10:40 pm al tiroteo en el \u00e1rea de Progress Avenue y Corporate Drive en el este de Toronto. El tiroteo ocurri\u00f3 cerca del centro &hellip;<\/p>\n","protected":false},"author":1,"featured_media":17689,"comment_status":"open","ping_status":"open","sticky":false,"template":"","format":"standard","meta":{"fifu_image_url":"https:\/\/static.foxnews.com\/foxnews.com\/content\/uploads\/2025\/03\/canadacop.png","fifu_image_alt":"","footnotes":""},"categories":[13],"tags":[],"class_list":["post-17687","post","type-post","status-publish","format-standard","has-post-thumbnail","","category-mundo"],"_links":{"self":[{"href":"https:\/\/noticiasveraces.com\/index.php?rest_route=\/wp\/v2\/posts\/17687","targetHints":{"allow":["GET"]}}],"collection":[{"href":"https:\/\/noticiasveraces.com\/index.php?rest_route=\/wp\/v2\/posts"}],"about":[{"href":"https:\/\/noticiasveraces.com\/index.php?rest_route=\/wp\/v2\/types\/post"}],"author":[{"embeddable":true,"href":"https:\/\/noticiasveraces.com\/index.php?rest_route=\/wp\/v2\/users\/1"}],"replies":[{"embeddable":true,"href":"https:\/\/noticiasveraces.com\/index.php?rest_route=%2Fwp%2Fv2%2Fcomments&post=17687"}],"version-history":[{"count":0,"href":"https:\/\/noticiasveraces.com\/index.php?rest_route=\/wp\/v2\/posts\/17687\/revisions"}],"wp:featuredmedia":[{"embeddable":true,"href":"https:\/\/noticiasveraces.com\/index.php?rest_route=\/wp\/v2\/media\/17689"}],"wp:attachment":[{"href":"https:\/\/noticiasveraces.com\/index.php?rest_route=%2Fwp%2Fv2%2Fmedia&parent=17687"}],"wp:term":[{"taxonomy":"category","embeddable":true,"href":"https:\/\/noticiasveraces.com\/index.php?rest_route=%2Fwp%2Fv2%2Fcategories&post=17687"},{"taxonomy":"post_tag","embeddable":true,"href":"https:\/\/noticiasveraces.com\/index.php?rest_route=%2Fwp%2Fv2%2Ftags&post=17687"}],"curies":[{"name":"wp","href":"https:\/\/api.w.org\/{rel}","templated":true}]}}