{"id":17680,"date":"2025-03-08T02:02:44","date_gmt":"2025-03-08T06:02:44","guid":{"rendered":"https:\/\/noticiasveraces.com\/?p=17680"},"modified":"2025-03-08T02:02:44","modified_gmt":"2025-03-08T06:02:44","slug":"lider-de-cartel-mexicano-cjng-recibe-cadena-perpetua-dw-08-03-2025","status":"publish","type":"post","link":"https:\/\/noticiasveraces.com\/?p=17680","title":{"rendered":"L\u00edder de C\u00e1rtel mexicano cjng recibe cadena perpetua &#8211; dw &#8211; 08\/03\/2025"},"content":{"rendered":"<p> \n<\/p>\n<div>\n<p>El Narcotraficante Rub\u00e9neguera Gonz\u00e1lez, alias \u00abEl Menchito\u00bb, Hijo del L\u00edder del C\u00e1rtel Jalisco Nuevo Generaci\u00f3n Una C\u00e1rcel de Estados Unidos.<\/p>\n<p>El A\u00f1o Pasado \u00abEl Menchito\u00bb Fue declarado culpable de los delitos de Tr\u00e1fico de Coca\u00edna y Metanfetamina y de Uso y Posesi\u00f3n Ilegal de ARMAS de FUEGO, Tras un Juicio de dos Semanas Con Jurado.<\/p>\n<p>La Jueza Beryl Howell, de la Corte de Distrito de Columbia, E Washington, Dict\u00f3 Este Viernes Cadena Perpetua y 30 A\u00f1os Adicionales de Prisi\u00f3ner, La Misma Condena Que RecibioN\u00f3 Joaqu\u00ednn \u00abEl Chapo\u00bb Guzm\u00e1n, El Exl\u00edder del C\u00e1rtel de Sinaloa. Adem\u00e1s, Orden\u00f3 Al Narcotraficante de 35 A\u00f1os Pagar M\u00e1s de 6.000 Millones de D\u00f3lares en Reparaci\u00f3n de Damos.<\/p>\n<p>La fiscal\u00eda Quer\u00eda Que la Sentencia Sirviera de Escarmiento A \u00aboTros\u00bb y pidi\u00f3 dos cadenas perpetuas por \u00absu brutalidad\u00bb y \u00abla carner\u00eda que el acusado caus\u00f3 personalme\u00bb.<\/p>\n<p>Su que considere que mat\u00f3 a 15 personas y adem\u00e1s \u00abes responsable de muchos, muchos asesinatos\u00bb, Alrededor de un centenar.<\/p>\n<p>Pero la Jueza admite que cuando entr\u00f3 en el c\u00e1rtel, un 14 A\u00f1os \u00ab, Quiz\u00e1s no Tuvo Realmento la Oportunidad\u00bb de abandonarlo.<\/p>\n<p>Este era una de los argumentos de la defensa, que ped\u00eda la Pena m\u00ednima obligatoria de 40 a\u00f1os de prisi\u00f3n porque lo consideran \u00abtanto un producto como una v\u00edctima\u00bb del entorno violento en el de se cri\u00f3.<\/p>\n<p>LA Magistrada r\u00e9plica que a la Edad Adulta Tampoco abandon\u00f3 la organizaci\u00f3n.<\/p>\n<p>Vestido con Camiseta Blanca y Jers\u00e9i Negro, El Preso Asisti\u00f3 Sin Inmutarse a la Vista Judicial de Varias Horas de Duraci\u00f3. La Prensa no Pudo Ver Su Rostro Durante la Lectura del Veredicto.<\/p>\n<p>Minutos desesperados, imperturbables, dio un apret\u00f3n de manos a sus abogados.<\/p>\n<p>\u00abDeber\u00eda Haber Sido un Caso Juvado en M\u00e9xico, No en Estados Unidos\u00bb Porque \u00abNo se cometiera Actos\u00bb en Territorio estadounidense, declar\u00f3 a la Afp el letrado Anthony Colombo al final de la vista. PIENSA APELAR LA SENCIA, SI FUERA NECESario Ante la Corte Suprema.<\/p>\n<p>Pasar el Resto de Su Vida en una c\u00e1rcel de Estados Unidos es Uno de los Peores Castigos para un narco. O Eso dec\u00eda el Colombiano Pablo Escobar, Abatido A Tiros en 1993.<\/p>\n<p>Los Argumentos de la Jueza no Dejan Cabida a la Duda.<\/p>\n<p>Bajo Su Supervisi\u00f3n El C\u00e1rtel \u00abOperaba M\u00faltiples Laboratorios de Metanfetamina\u00bb en M\u00e9xico y \u00abUn Equipo de Sicarios\u00bb Lo proteg\u00eda, Afirm\u00f3.  <\/p>\n<blockquote class=\"tweet embed\" data-id=\"1898154012005810177\"\/>\n<h2>Orden\u00f3 Derribar Helic\u00f3pero Militar<\/h2>\n<p>EN 2015 \u00abEl Menchito\u00bb Orden\u00f3 A Sus Subordinados que Derribaran un helic\u00f3ptero de las Fuerzas Armadas mexicanas que transportaba a 18 soldados y pol\u00edticas. Murieron al Menos Nueve Personas que Iban A Bordo. <\/p>\n<p><span data-slot-id=\"Article_InContent-1\" class=\"rich-text-ad\"\/><\/p>\n<p>Fue detenido por Las Autoridades mexicanas Menos de dos Meses desespu\u00e9s de \u00e9s ataque. Cuando Fue Rodeado por Soldados y Polic\u00edas, BlayTi\u00f3 un Arma de Asalto y un Lanzagranadas, Exigiendo que lo dejaran en Libertad Porque era miembro del cjng.<\/p>\n<p>Seg\u00fan documos Judiciales y Las Pruebas Presentadas, Entre 2007 Y 2017 \u00abEl Menchito\u00bb Fue El \u00abSegundo al Mando\u00bb de la organizaci\u00f3n Narcotraficante.<\/p>\n<p>El Heredero del C\u00e1rtel Con Sede en El Estado de Jalisco (Centro-oeste) Quer\u00eda Levantar \u00abun imperio\u00bb con fentanilo, un opi\u00e1ceo sint\u00e9tico que mata por sobredois a decenas de millas al a\u00f1o enestados unidos, pa\u00eds donde naci\u00f3 y al al al al aldado fue fue.<\/p>\n<p>El NARCO ES HIJO DE UNO DE LOS CAPOS M\u00c1S Buscados por Estados Unidos y M\u00e9xico: Nemesio Rub\u00e9neguera, alias \u00abEl Mencho\u00bb, L\u00edder del Cjng, Uno de los Ocho Grupos Criminales Designados por Washington Como Organizaciones \u00abTerroristas Globales\u00bb.<\/p>\n<p>La Sentencia se Hizo P\u00fablica D\u00edas DESPU\u00c9S DE QUE EL PRESIDENTE DONALD Trump Afirmara Que Lleg\u00f3 la Hora de Que \u00abEstados Unidos Libre Una Guerra Contra Los C\u00e1rteles\u00bb de la Droga mexicanos, Los Que Acusa de Amenazar \u00abla SeguriciDad nacional\u00bb Del Paiers.<\/p>\n<p>Seg\u00fan el Centro de An\u00e1lisis Insight Crime, El Cjng No SOLO SIembra Terror en M\u00e9xico Sino que sus Redes se Extiende A Varios Pa\u00edses de Latinoam\u00e9rica, Canad\u00e1, Australia y El Sudeste Asifico.<\/p>\n<p>La Organizaci\u00f3n de Los Hermanos Oseguera Fue Creada en 2007 como Agrupacia de Sicario al Servicio del C\u00e1rtel de Sinaloa, Liderado Entonces por Joaqu\u00edn \u00abEl Chapo\u00bb Guzm\u00e1n.<\/p>\n<p>En torno a 2010 el cjng se independiente y ahora se disputa con sus antiguos aliados varios territorios para el tr\u00e1fico de drogas.<\/p>\n<p>MG (AFP, Univisi\u00f3n)<\/p>\n<\/p>\n<\/div>\n\n","protected":false},"excerpt":{"rendered":"<p>El Narcotraficante Rub\u00e9neguera Gonz\u00e1lez, alias \u00abEl Menchito\u00bb, Hijo del L\u00edder del C\u00e1rtel Jalisco Nuevo Generaci\u00f3n Una C\u00e1rcel de Estados Unidos. El A\u00f1o Pasado \u00abEl Menchito\u00bb Fue declarado culpable de los delitos de Tr\u00e1fico de Coca\u00edna y Metanfetamina y de Uso y Posesi\u00f3n Ilegal de ARMAS de FUEGO, Tras un Juicio de dos Semanas Con Jurado. &hellip;<\/p>\n","protected":false},"author":1,"featured_media":17681,"comment_status":"open","ping_status":"open","sticky":false,"template":"","format":"standard","meta":{"fifu_image_url":"https:\/\/static.dw.com\/image\/69008101_6.jpg","fifu_image_alt":"","footnotes":""},"categories":[13],"tags":[],"class_list":["post-17680","post","type-post","status-publish","format-standard","has-post-thumbnail","","category-mundo"],"_links":{"self":[{"href":"https:\/\/noticiasveraces.com\/index.php?rest_route=\/wp\/v2\/posts\/17680","targetHints":{"allow":["GET"]}}],"collection":[{"href":"https:\/\/noticiasveraces.com\/index.php?rest_route=\/wp\/v2\/posts"}],"about":[{"href":"https:\/\/noticiasveraces.com\/index.php?rest_route=\/wp\/v2\/types\/post"}],"author":[{"embeddable":true,"href":"https:\/\/noticiasveraces.com\/index.php?rest_route=\/wp\/v2\/users\/1"}],"replies":[{"embeddable":true,"href":"https:\/\/noticiasveraces.com\/index.php?rest_route=%2Fwp%2Fv2%2Fcomments&post=17680"}],"version-history":[{"count":0,"href":"https:\/\/noticiasveraces.com\/index.php?rest_route=\/wp\/v2\/posts\/17680\/revisions"}],"wp:featuredmedia":[{"embeddable":true,"href":"https:\/\/noticiasveraces.com\/index.php?rest_route=\/wp\/v2\/media\/17681"}],"wp:attachment":[{"href":"https:\/\/noticiasveraces.com\/index.php?rest_route=%2Fwp%2Fv2%2Fmedia&parent=17680"}],"wp:term":[{"taxonomy":"category","embeddable":true,"href":"https:\/\/noticiasveraces.com\/index.php?rest_route=%2Fwp%2Fv2%2Fcategories&post=17680"},{"taxonomy":"post_tag","embeddable":true,"href":"https:\/\/noticiasveraces.com\/index.php?rest_route=%2Fwp%2Fv2%2Ftags&post=17680"}],"curies":[{"name":"wp","href":"https:\/\/api.w.org\/{rel}","templated":true}]}}