{"id":17674,"date":"2025-03-08T01:38:07","date_gmt":"2025-03-08T05:38:07","guid":{"rendered":"https:\/\/noticiasveraces.com\/?p=17674"},"modified":"2025-03-08T01:38:07","modified_gmt":"2025-03-08T05:38:07","slug":"lo-que-hicieron-conmigo-fue-un-crimen","status":"publish","type":"post","link":"https:\/\/noticiasveraces.com\/?p=17674","title":{"rendered":"\u00abLo que Hicieron Conmigo Fue Un Crimen\u00bb"},"content":{"rendered":"<p> \n<\/p>\n<div id=\"intext\">\n<p>Nuevo Episodio de Racismo en un Campo de f\u00fatbol, \u200b\u200bEsta Vez en un Partido de la Copa Libertadores sub-20 que Enfrentaba A Palmeiras y Cerro Portero. Un aficionado, que lllevaba a un ni\u00f1o en brasos, profesor gritos de \u00abmono\u00bb y realiz\u00f3 gestos simiescos a varios jugadores del palmeires, entre ellos luighi haanri.<\/p>\n<p>Un situaci\u00f3n Indignante y Ante la que no se Call\u00f3 El Delantero del Opero Brasile\u00f1o, Quien Afe\u00f3 Al Periodista Que no le Preguntara por Ese Episodio Tras El Partido.<\/p>\n<p>\u00ab\u00bfEn sero no me vas a pregutar por eSo? \u00bfVas a un preguntar por el Partido? \u00bfHasta cu\u00e1ndo vamos a pasar por eSo? Lo que hiCieron congmigo fue un crimen \u00bfqu\u00e9 va a hacer la condimenta de ibonal? Recrimin\u00f3 Luighi Hanri Entre L\u00e1grimas un su entrelato.<\/p>\n<p>El Palpeira Mostr\u00f3 Su apoy\u00f3 a Hanri en sus Redes Sociales, PreGuntando \u00ab\u00bfHasta cu\u00e1ndo se se indora ignorando el racismo?\u00bb.<\/p>\n<p>\u00abFuerza, Coraje, Resiliencia.<\/p>\n<p>Palmeiras emiti\u00f3 un comunicado advirt -que ir\u00e1n \u00abHasta las Las \u00daltimas Instancias\u00bb para que Penalice y Castigue Todos los implicados en \u00abEste Episodio Repugnante de Discriminaci\u00f3n\u00bb.<\/p>\n<p>\u00ab\u00a1El racismo es un crimen! \u00a1Y la impunidad es c\u00f3mplice de los Cobardes! \u00a1Tus L\u00e1grimas, Luighi, hijo Nuestras! \u00a1La Familia Palmeiras Est\u00e1 Orgullosa de ti!\u00bb, Finaliza el Comunicado del Palmeiras.<\/p>\n<p>El Delantero del Palmeiras compar\u00f3 un Mensaje en sus rede sociales tras lo ocurrido y admite que esos insultos y gestos le dol\u00edan \u00aben el alma\u00bb.<\/p>\n<p>\u00abDuele en el Alma. Y es el Mismo Dolor que Todos los Negros Han Sentido A Lo Largo de la Historia, Porque Las Cosas Evolucionan, Pero nunca se resuelven al 100%\u00bb, Indic\u00f3 Luighi Hanri.<\/p>\n<h2 class=\"title-h2\">Vin\u00edcicus apoya A Luighi Hanri: \u00abEs Triste, Pero Mantente Fuerte\u00bb<\/h2>\n<p>ESE MensAJE FUE Compartido por Vin\u00edcius Jr, Quien se Sum\u00f3 a la Condena y le Mand\u00f3 Fuerzas Al Joven Jugador de 18 A\u00f1os.<\/p>\n<p>\u00abFelicitaciones por el Posicionamiento, Hermano. Es Triste, Pero Mantente Fuerte. Vamos Juntos en Esa Lucha\u00bb, afirm\u00f3 en su cuenta de Instagram El Delantero del Real Madrid.<\/p>\n<p>\u00ab\u00bfHasta cu\u00e1ndo, Conmebolio? Ustedes nunca Hacen Nada. NUNCA !!!!! (sic)\u00bb, Sentencio Vini Jr., Que Logr\u00f3 la Primera Condena por Insultos Racistas en La Justicia Espa\u00f1ola.<\/p>\n<h2 class=\"title-h2\">Lula da Silva Pide Un Castigo para Los Responsables<\/h2>\n<p>El Presidente Brasile\u00f1o, Luiz Incio Lula da Silva, Manifest\u00f3 Este Viernes Su Apoyo Al Delantero Luighi Hanri, Uno de Los Jugadores del Palmeiras que sufri\u00f3cico Racistas por porte de Aficionados Cerro Portre\u00f1o Paraguayo en Un Partido de la Copa Libertadores ANTACIADOS Jueves.<\/p>\n<p>\u00abTODO El apoyo un nuestro Joven Luighi, de Palmeiras, V\u00edcima de un Acto Racista en Paraguay. El F\u00fatbol es Trabajo Colectivo, Superaci\u00f3n y Respeto. El Racismo Signa Signa El Fracasa de la Humanidad. Ya Basta de Odio Desfrazado de Rivalidad\u00bb, escripti\u00f3. Cuenta Oficial de la Red X.<\/p>\n<p>El L\u00edder Progresista, Adem\u00e1s, Inst\u00f3 a la Confederaci\u00f3n Brasile\u00f1a de F\u00fatbol (CBF), a la Conmebole ya la fifa a \u00abActuar\u00bb para \u00ablos culpables Sean\u00bb Responsabilizados de Manera Ejemplar \u00ab.<\/p>\n<p><i>S\u00edguenos en nuestro canal de whatsapp y no te Pierdas la \u00daLtima Hora y Toda la actualidad de antena3noticias.com<\/i><\/p>\n<div class=\"recirculation-video\" data-mod=\"a3mod_recirculation_video\">\n<div class=\"recirculation-video-wrapper\">\n<div>\n<div class=\"video-wrapper\">\n  <picture class=\"video-main-picture\"><source media=\"(min-width: 481px)\" srcset=\"https:\/\/fotografias.antena3.com\/clipping\/cmsimages01\/2025\/03\/07\/D47C1010-5166-412F-9182-D613EC5D1C56\/podio-red-bull-valparaiso-cerro-abajo-2025_94.jpg?crop=1920,1080,x0,y0&amp;width=800&amp;height=450&amp;optimize=medium&amp;format=webply\" width=\"800\" height=\"450\"><source media=\"(min-width: 391px) and (max-width: 480px)\" srcset=\"https:\/\/fotografias.antena3.com\/clipping\/cmsimages01\/2025\/03\/07\/D47C1010-5166-412F-9182-D613EC5D1C56\/podio-red-bull-valparaiso-cerro-abajo-2025_70.jpg?crop=1920,1080,x0,y0&amp;width=480&amp;height=270&amp;optimize=high&amp;format=webply\" width=\"480\" height=\"270\"><source media=\"(min-width: 321px) and (max-width: 390px)\" srcset=\"https:\/\/fotografias.antena3.com\/clipping\/cmsimages01\/2025\/03\/07\/D47C1010-5166-412F-9182-D613EC5D1C56\/podio-red-bull-valparaiso-cerro-abajo-2025_92.jpg?crop=1920,1078,x0,y1&amp;width=390&amp;height=219&amp;optimize=high&amp;format=webply\" width=\"390\" height=\"219\"><source media=\"(max-width: 320px)\" srcset=\"https:\/\/fotografias.antena3.com\/clipping\/cmsimages01\/2025\/03\/07\/D47C1010-5166-412F-9182-D613EC5D1C56\/podio-red-bull-valparaiso-cerro-abajo-2025_52.jpg?crop=1920,1080,x0,y0&amp;width=320&amp;height=180&amp;optimize=high&amp;format=webply\" width=\"320\" height=\"180\"><img decoding=\"async\" title=\"El Podio del Red Bull Valpara\u00edso Cerro Abajo 2025\" alt=\"El Podio del Red Bull Valpara\u00edso Cerro Abajo 2025\" width=\"480\" height=\"270\" src=\"https:\/\/fotografias.antena3.com\/clipping\/cmsimages01\/2025\/03\/07\/D47C1010-5166-412F-9182-D613EC5D1C56\/podio-red-bull-valparaiso-cerro-abajo-2025_70.jpg?crop=1920,1080,x0,y0&amp;width=480&amp;height=270&amp;optimize=high&amp;format=webply\" loading=\"lazy\" class=\"lazy\"\/><br \/>\n  <\/source><\/source><\/source><\/source><\/picture>\n <\/div>\n<\/div><\/div>\n<\/p><\/div>\n<\/div>\n\n","protected":false},"excerpt":{"rendered":"<p>Nuevo Episodio de Racismo en un Campo de f\u00fatbol, \u200b\u200bEsta Vez en un Partido de la Copa Libertadores sub-20 que Enfrentaba A Palmeiras y Cerro Portero. Un aficionado, que lllevaba a un ni\u00f1o en brasos, profesor gritos de \u00abmono\u00bb y realiz\u00f3 gestos simiescos a varios jugadores del palmeires, entre ellos luighi haanri. Un situaci\u00f3n Indignante &hellip;<\/p>\n","protected":false},"author":1,"featured_media":17676,"comment_status":"open","ping_status":"open","sticky":false,"template":"","format":"standard","meta":{"fifu_image_url":"https:\/\/fotografias.antena3.com\/clipping\/cmsimages01\/2025\/03\/07\/C621539C-1123-46EA-B73F-0A76C22F6329\/luighi-hanri-lagirmas-ser-victima-insultos-racistas_69.jpg?crop=1650,928,x0,y0&width=1280&height=720&optimize=low&format=jpg","fifu_image_alt":"","footnotes":""},"categories":[6],"tags":[],"class_list":["post-17674","post","type-post","status-publish","format-standard","has-post-thumbnail","","category-deportes"],"_links":{"self":[{"href":"https:\/\/noticiasveraces.com\/index.php?rest_route=\/wp\/v2\/posts\/17674","targetHints":{"allow":["GET"]}}],"collection":[{"href":"https:\/\/noticiasveraces.com\/index.php?rest_route=\/wp\/v2\/posts"}],"about":[{"href":"https:\/\/noticiasveraces.com\/index.php?rest_route=\/wp\/v2\/types\/post"}],"author":[{"embeddable":true,"href":"https:\/\/noticiasveraces.com\/index.php?rest_route=\/wp\/v2\/users\/1"}],"replies":[{"embeddable":true,"href":"https:\/\/noticiasveraces.com\/index.php?rest_route=%2Fwp%2Fv2%2Fcomments&post=17674"}],"version-history":[{"count":0,"href":"https:\/\/noticiasveraces.com\/index.php?rest_route=\/wp\/v2\/posts\/17674\/revisions"}],"wp:featuredmedia":[{"embeddable":true,"href":"https:\/\/noticiasveraces.com\/index.php?rest_route=\/wp\/v2\/media\/17676"}],"wp:attachment":[{"href":"https:\/\/noticiasveraces.com\/index.php?rest_route=%2Fwp%2Fv2%2Fmedia&parent=17674"}],"wp:term":[{"taxonomy":"category","embeddable":true,"href":"https:\/\/noticiasveraces.com\/index.php?rest_route=%2Fwp%2Fv2%2Fcategories&post=17674"},{"taxonomy":"post_tag","embeddable":true,"href":"https:\/\/noticiasveraces.com\/index.php?rest_route=%2Fwp%2Fv2%2Ftags&post=17674"}],"curies":[{"name":"wp","href":"https:\/\/api.w.org\/{rel}","templated":true}]}}