{"id":17661,"date":"2025-03-07T22:53:42","date_gmt":"2025-03-08T02:53:42","guid":{"rendered":"https:\/\/noticiasveraces.com\/?p=17661"},"modified":"2025-03-07T22:53:42","modified_gmt":"2025-03-08T02:53:42","slug":"el-gobierno-polaco-planea-la-capacitacion-militar-para-todos-los-hombres-adultos","status":"publish","type":"post","link":"https:\/\/noticiasveraces.com\/?p=17661","title":{"rendered":"El gobierno polaco planea la capacitaci\u00f3n militar para todos los hombres adultos"},"content":{"rendered":"<p> \n<\/p>\n<div>\n<p class=\"speakable\">El primer ministro polaco, Donald Tusk, dijo el viernes que su gobierno est\u00e1 trabajando en un plan para preparar capacitaci\u00f3n militar a gran escala para cada hombre adulto en respuesta a la situaci\u00f3n de seguridad cambiante en Europa.<\/p>\n<p class=\"speakable\">El entrenamiento militar crear\u00eda una fuerza de reserva que sea \u00abadecuada para posibles amenazas\u00bb, dijo Tusk en un discurso importante sobre seguridad a la C\u00e1mara del Parlamento de Polonia, o SEJM.<\/p>\n<p>Dijo que existe la necesidad de un ej\u00e9rcito de 500,000 soldados, que incluir\u00eda reservistas.<\/p>\n<p>El a\u00f1o pasado, el gobierno polaco dijo que el ej\u00e9rcito estaba compuesto por alrededor de 200,000 soldados y que crecer\u00eda a 220,000 este a\u00f1o con el objetivo de aumentarlo a aproximadamente 300,000.<\/p>\n<p><strong>La UE pesa un plan de $ 840 mil millones para &#8216;rearmar Europa&#8217; despu\u00e9s de que Estados Unidos detenga la ayuda de Ucrania<\/strong><\/p>\n<p>Pero los temores de seguridad han crecido mucho m\u00e1s dram\u00e1ticos en las \u00faltimas semanas, a medida que Rusia contin\u00faa golpeando Ucrania con misiles y drones, y a medida que la administraci\u00f3n Trump ha retirado el apoyo militar e de inteligencia para Ucrania, mientras cuestiona sus compromisos con la OTAN.<\/p>\n<p>\u00abHoy estamos hablando de la necesidad de un ej\u00e9rcito de medio mill\u00f3n en Polonia\u00bb, dijo Tusk.<\/p>\n<p>Despu\u00e9s de su discurso, Tusk explic\u00f3 a los periodistas que no estaba considerando un regreso del servicio militar universal, sino m\u00e1s bien un sistema de reserva basado en el modelo en Suiza. En ese pa\u00eds, cada hombre est\u00e1 obligado a servir en el servicio militar o civil alternativo, mientras que las mujeres pueden ser voluntarias si lo desean.<\/p>\n<p>Polonia, con una poblaci\u00f3n de 38 millones de personas, se encuentra a lo largo del flanco oriental de la OTAN y est\u00e1 profundamente preocupada por la guerra en Ucrania. Hay temores de que si Ucrania es derrotada, Rusia convertir\u00e1 sus ambiciones imperiales al lado de pa\u00edses como Polonia, que Mosc\u00fa control\u00f3 durante el siglo XIX y durante la Guerra Fr\u00eda.<\/p>\n<div class=\"image-ct inline\">\n<div class=\"m\"><picture><source media=\"(max-width: 767px)\" srcset=\"https:\/\/a57.foxnews.com\/static.foxnews.com\/foxnews.com\/content\/uploads\/2025\/03\/343\/192\/donald-tusk.jpg?ve=1&amp;tl=1, https:\/\/a57.foxnews.com\/static.foxnews.com\/foxnews.com\/content\/uploads\/2025\/03\/686\/384\/donald-tusk.jpg?ve=1&amp;tl=1 2x\" height=\"192\" width=\"343\"><source media=\"(min-width: 768px) and (max-width: 1023px)\" srcset=\"https:\/\/a57.foxnews.com\/static.foxnews.com\/foxnews.com\/content\/uploads\/2025\/03\/672\/378\/donald-tusk.jpg?ve=1&amp;tl=1, https:\/\/a57.foxnews.com\/static.foxnews.com\/foxnews.com\/content\/uploads\/2025\/03\/1344\/756\/donald-tusk.jpg?ve=1&amp;tl=1 2x\" height=\"378\" width=\"672\"><source media=\"(min-width: 1024px) and (max-width: 1279px)\" srcset=\"https:\/\/a57.foxnews.com\/static.foxnews.com\/foxnews.com\/content\/uploads\/2025\/03\/931\/523\/donald-tusk.jpg?ve=1&amp;tl=1, https:\/\/a57.foxnews.com\/static.foxnews.com\/foxnews.com\/content\/uploads\/2025\/03\/1862\/1046\/donald-tusk.jpg?ve=1&amp;tl=1 2x\" height=\"523\" width=\"931\"><source media=\"(min-width: 1280px)\" srcset=\"https:\/\/a57.foxnews.com\/static.foxnews.com\/foxnews.com\/content\/uploads\/2025\/03\/720\/405\/donald-tusk.jpg?ve=1&amp;tl=1, https:\/\/a57.foxnews.com\/static.foxnews.com\/foxnews.com\/content\/uploads\/2025\/03\/1440\/810\/donald-tusk.jpg?ve=1&amp;tl=1 2x\" height=\"405\" width=\"720\"><img loading=\"lazy\" decoding=\"async\" src=\"https:\/\/a57.foxnews.com\/static.foxnews.com\/foxnews.com\/content\/uploads\/2025\/03\/1200\/675\/donald-tusk.jpg?ve=1&amp;tl=1\" alt=\"Tusk de Donald\" width=\"1200\" height=\"675\"\/><\/source><\/source><\/source><\/source><\/picture><\/div>\n<div class=\"info\">\n<div class=\"caption\">\n<p><span>El primer ministro polaco, Donald Tusk, habla en el SEJM, la C\u00e1mara de Representantes del Parlamento, en Varsovia, Polonia, el viernes 7 de marzo de 2025.<\/span> <span>(AP Photo\/Czarek Sokolowski)<\/span><\/p>\n<\/div>\n<\/div>\n<\/div>\n<p>Jaroslaw Kaczy\u0144ski, jefe del partido de oposici\u00f3n m\u00e1s grande de Polonia, la ley y la justicia conservadora, dijo que tambi\u00e9n se necesitar\u00eda un cambio mental en la sociedad adem\u00e1s del entrenamiento militar de los hombres.<\/p>\n<p>\u00abTendremos un regreso al esp\u00edritu caballeresco y al hecho de que los hombres tambi\u00e9n deber\u00edan ser soldados, es decir, ser capaces de exponerse a s\u00ed mismos, incluso a la muerte\u00bb, dijo Kaczy\u0144ski.<\/p>\n<p>La preocupaci\u00f3n ha crecido en Polonia y en la mayor parte de Europa como el presidente de los Estados Unidos, Donald Trump, ha se\u00f1alado una postura dram\u00e1ticamente cambiante en Washington a una que incluye apoyo a la posici\u00f3n de Rusia, a pesar de que el viernes emiti\u00f3 una severa advertencia a Rusia despu\u00e9s de que atac\u00f3 las instalaciones de energ\u00eda ucranianas con docenas de misiles y drones.<\/p>\n<p>\u00abSi Ucrania pierde la guerra o si acepta los t\u00e9rminos de paz, armisticio o capitulaci\u00f3n de tal manera que debilite su soberan\u00eda y facilite que (el presidente ruso Vladimir) putin) gane el control sobre Ucrania, entonces, sin duda, y todos podemos estar de acuerdo en eso, Polonia se encontrar\u00e1 en una situaci\u00f3n geopol\u00edtica mucho m\u00e1s dif\u00edcil\u00bb, dijo Tusk.<\/p>\n<p>El presidente Andrzej Duda dijo el viernes que estaba presentando una enmienda a la constituci\u00f3n polaca para su consideraci\u00f3n, lo que obligar\u00eda al pa\u00eds a gastar al menos el 4% de su producto interno bruto cada a\u00f1o en defensa.<\/p>\n<p>Polonia ya es el principal gastador de la OTAN en defensa como porcentaje de su econom\u00eda general, gastando por encima del 4% de su PIB este a\u00f1o. Pero Duda dijo que quer\u00eda aprovechar el consenso sobre la escena pol\u00edtica en Polonia hoy sobre el asunto para consagrarlo en la ley m\u00e1s alta.<\/p>\n<p><strong>Haga clic aqu\u00ed para obtener la aplicaci\u00f3n Fox News<\/strong><\/p>\n<p>Trump ha sugerido que Estados Unidos podr\u00eda abandonar sus compromisos con la alianza si los pa\u00edses miembros no cumplen con los objetivos de gasto de defensa.<\/p>\n<p> <!----> <!----><\/div>\n\n","protected":false},"excerpt":{"rendered":"<p>El primer ministro polaco, Donald Tusk, dijo el viernes que su gobierno est\u00e1 trabajando en un plan para preparar capacitaci\u00f3n militar a gran escala para cada hombre adulto en respuesta a la situaci\u00f3n de seguridad cambiante en Europa. El entrenamiento militar crear\u00eda una fuerza de reserva que sea \u00abadecuada para posibles amenazas\u00bb, dijo Tusk en &hellip;<\/p>\n","protected":false},"author":1,"featured_media":17663,"comment_status":"open","ping_status":"open","sticky":false,"template":"","format":"standard","meta":{"fifu_image_url":"https:\/\/static.foxnews.com\/foxnews.com\/content\/uploads\/2025\/03\/donald-tusk.jpg","fifu_image_alt":"","footnotes":""},"categories":[13],"tags":[],"class_list":["post-17661","post","type-post","status-publish","format-standard","has-post-thumbnail","","category-mundo"],"_links":{"self":[{"href":"https:\/\/noticiasveraces.com\/index.php?rest_route=\/wp\/v2\/posts\/17661","targetHints":{"allow":["GET"]}}],"collection":[{"href":"https:\/\/noticiasveraces.com\/index.php?rest_route=\/wp\/v2\/posts"}],"about":[{"href":"https:\/\/noticiasveraces.com\/index.php?rest_route=\/wp\/v2\/types\/post"}],"author":[{"embeddable":true,"href":"https:\/\/noticiasveraces.com\/index.php?rest_route=\/wp\/v2\/users\/1"}],"replies":[{"embeddable":true,"href":"https:\/\/noticiasveraces.com\/index.php?rest_route=%2Fwp%2Fv2%2Fcomments&post=17661"}],"version-history":[{"count":0,"href":"https:\/\/noticiasveraces.com\/index.php?rest_route=\/wp\/v2\/posts\/17661\/revisions"}],"wp:featuredmedia":[{"embeddable":true,"href":"https:\/\/noticiasveraces.com\/index.php?rest_route=\/wp\/v2\/media\/17663"}],"wp:attachment":[{"href":"https:\/\/noticiasveraces.com\/index.php?rest_route=%2Fwp%2Fv2%2Fmedia&parent=17661"}],"wp:term":[{"taxonomy":"category","embeddable":true,"href":"https:\/\/noticiasveraces.com\/index.php?rest_route=%2Fwp%2Fv2%2Fcategories&post=17661"},{"taxonomy":"post_tag","embeddable":true,"href":"https:\/\/noticiasveraces.com\/index.php?rest_route=%2Fwp%2Fv2%2Ftags&post=17661"}],"curies":[{"name":"wp","href":"https:\/\/api.w.org\/{rel}","templated":true}]}}