{"id":17632,"date":"2025-03-07T19:36:36","date_gmt":"2025-03-07T23:36:36","guid":{"rendered":"https:\/\/noticiasveraces.com\/?p=17632"},"modified":"2025-03-07T19:36:36","modified_gmt":"2025-03-07T23:36:36","slug":"hace-tres-dias-recibi-amenaza-y-coacciones-de-alguien-que-apreciaba-mucho","status":"publish","type":"post","link":"https:\/\/noticiasveraces.com\/?p=17632","title":{"rendered":"\u00abHace Tres D\u00edas Recib\u00ed Amenaza y Coacciones de Alguien Que Apreciaba Mucho\u00bb"},"content":{"rendered":"<p> \n<\/p>\n<div id=\"intext\">\n<p><b>Ana Peleteiro<\/b> Cert\u00f3 en el Europa Bajo Techo de Apeldoorn (Pa\u00edses Bajos) Que A D\u00eda de Hoy es la Mejor Saltadora de Triple Salto del Viejo Continente. La Atleta Gallega Vol\u00f3 Hasta Los 14,37 para Sumar <b>Un Nuevo Oro A Su incre\u00edbles palmar\u00e9s<\/b> y Abrir El Medallero para la Delegaci\u00f3n Espa\u00f1ola. En la Zoma mixta atendi\u00f3 a Los Medios y la Atleta de 29 A\u00f1os admite los malos Momentos que Ha Pasado Estos D\u00edas a un Nivel Personal.<\/p>\n<p>\u00abLa Federaci\u00f3n Est\u00e1 Al Tanto &#8230; <b>Hace Unos D\u00edas Recib\u00ed Un Informaci\u00f3n de la Confecci\u00f3n Amenaza y Coacciones de una persona <\/b>y nunca es plato de buena gusto \u00ab, Reconci\u00f3a ana Peleteiro ante los periodistas.<\/p>\n<p>\u00abYo, ha costado mucho, esta vez,<b> ha sido muy duro y me he llevado muchas enga\u00f1as personales<\/b>Adem\u00e1s de los Dolores F\u00edsicos \u00ab, admite la gallega.<\/p>\n<p>\u00abEstar de Vuelta, Gesti\u00f3nando Tan Bien la Competici\u00f3nOn como Creo que me hecha hace hace sentir orgullosa. Ten\u00eda Muchas Ganas de Demostar que Benjamin [Compaor\u00e9] es un fant\u00e1sstico Agrenador y que Hacemos un SUPer Equipo \u00ab, Explic\u00f3 Ana Peleteiro.<\/p>\n<h2 class=\"title-h2\">\u00abHoy, \u00e9l, tenido que Sacar los Monstruos de la Cabeza\u00bb<\/h2>\n<p>La Atleta Espa\u00f1ola Explic\u00f3 Que Tuvo Que Hacer Terapia Para PODER Competir en El Europe de Pa\u00edses Bajos.<\/p>\n<p>\u00abBueno, yo creo que me merezco poder decir que soya Buena competidor de la competencia de tantos de tantos. Y Cada Vez Disfruto m\u00e1s. Hoy. y por El Colch\u00f3n de Personas que Tengo Orgullosa de Haberlo Gesti\u00f3n Muy Bien \u00ab, Explic\u00f3 Ana Peleteiro.<\/p>\n<p>En declaraciones un teledeporte, la medallista ol\u00edmpica, europea y mundial apunt\u00f3 que \u00aba pesar de que siempre me entierran Cada dos portes, soy un poco como el ave f\u00e9nix y me gusta resurgir de las cenizas\u00bb.<\/p>\n<p>\u00abA Pesar de Que Siempre Me Entierran Cada dos por Tres, <b>soja un poco como el ave f\u00e9nix y me gusta resurgir de las cenizas<\/b>. Aunque Quieran Acabar Conmigo, Gracias al Colch\u00f3n que me Rodea Salgo m\u00e1s Fuerte &#8230; si no Llega a ser por por benjamin no s\u00e9 qu\u00e9 hubiese sido de m\u00ed en Este Campeonato, porque ha sido un mes muy chungo, sobresalto de \u00dabos \u00faltimos d\u00edas \u00ab, ANEVERO ANETERA ANEATO.<\/p>\n<p>El Pr\u00f3ximo Objetivo de la Campeona de Europa Son los <b>Mundiales Bajo Techo en China<\/b>que se celebrara en dos semanas.<\/p>\n<p>\u00abAfronto ESe Mundial Con Muchas Ganas, Porque Como se Ha Visto en el Primer Salto Tengo Dentro. <b>S\u00f3lo Espero que la Rodilla me respete, porque Hoy por la Ma\u00f1ana no sab\u00eda si iba a Poder Saltar<\/b>. Yo he levantado con mucho dolor y ahora mismo no s\u00e9 c\u00f3mo va a un reaccionario la Rodilla, Pero tengo un gran eopondr\u00e1n y un tope para china \u00ab, concluy\u00f3 ana peleteiro.<\/p>\n<div class=\"recirculation-video\" data-mod=\"a3mod_recirculation_video\">\n<div class=\"recirculation-video-wrapper\">\n<div>\n<div class=\"video-wrapper\">\n  <picture class=\"video-main-picture\"><source media=\"(min-width: 481px)\" srcset=\"https:\/\/fotografias.antena3.com\/clipping\/cmsimages01\/2025\/03\/04\/3763FE3D-D725-45DE-AF33-1DF3168521CF\/daniel-rodriguez-ciclista-hand-bike_94.jpg?crop=1920,1080,x0,y0&amp;width=800&amp;height=450&amp;optimize=medium&amp;format=webply\" width=\"800\" height=\"450\"><source media=\"(min-width: 391px) and (max-width: 480px)\" srcset=\"https:\/\/fotografias.antena3.com\/clipping\/cmsimages01\/2025\/03\/04\/3763FE3D-D725-45DE-AF33-1DF3168521CF\/daniel-rodriguez-ciclista-hand-bike_70.jpg?crop=1920,1080,x0,y0&amp;width=480&amp;height=270&amp;optimize=high&amp;format=webply\" width=\"480\" height=\"270\"><source media=\"(min-width: 321px) and (max-width: 390px)\" srcset=\"https:\/\/fotografias.antena3.com\/clipping\/cmsimages01\/2025\/03\/04\/3763FE3D-D725-45DE-AF33-1DF3168521CF\/daniel-rodriguez-ciclista-hand-bike_92.jpg?crop=1920,1078,x0,y1&amp;width=390&amp;height=219&amp;optimize=high&amp;format=webply\" width=\"390\" height=\"219\"><source media=\"(max-width: 320px)\" srcset=\"https:\/\/fotografias.antena3.com\/clipping\/cmsimages01\/2025\/03\/04\/3763FE3D-D725-45DE-AF33-1DF3168521CF\/daniel-rodriguez-ciclista-hand-bike_52.jpg?crop=1920,1080,x0,y0&amp;width=320&amp;height=180&amp;optimize=high&amp;format=webply\" width=\"320\" height=\"180\"><img decoding=\"async\" title=\"Daniel Rodr\u00edguez, ciclista de bicicleta de mano\" alt=\"Daniel Rodr\u00edguez, ciclista de bicicleta de mano\" width=\"480\" height=\"270\" src=\"https:\/\/fotografias.antena3.com\/clipping\/cmsimages01\/2025\/03\/04\/3763FE3D-D725-45DE-AF33-1DF3168521CF\/daniel-rodriguez-ciclista-hand-bike_70.jpg?crop=1920,1080,x0,y0&amp;width=480&amp;height=270&amp;optimize=high&amp;format=webply\" loading=\"lazy\" class=\"lazy\"\/><br \/>\n  <\/source><\/source><\/source><\/source><\/picture>\n <\/div>\n<\/div><\/div>\n<\/p><\/div>\n<\/div>\n\n","protected":false},"excerpt":{"rendered":"<p>Ana Peleteiro Cert\u00f3 en el Europa Bajo Techo de Apeldoorn (Pa\u00edses Bajos) Que A D\u00eda de Hoy es la Mejor Saltadora de Triple Salto del Viejo Continente. La Atleta Gallega Vol\u00f3 Hasta Los 14,37 para Sumar Un Nuevo Oro A Su incre\u00edbles palmar\u00e9s y Abrir El Medallero para la Delegaci\u00f3n Espa\u00f1ola. En la Zoma mixta &hellip;<\/p>\n","protected":false},"author":1,"featured_media":17634,"comment_status":"open","ping_status":"open","sticky":false,"template":"","format":"standard","meta":{"fifu_image_url":"https:\/\/fotografias.antena3.com\/clipping\/cmsimages01\/2025\/03\/07\/15E9EAD6-57D8-4093-9555-728D8DC4B72F\/ana-peleteiro-celebra-oro-europeo-apeldoorn_69.jpg?crop=6000,3375,x0,y0&width=1280&height=720&optimize=low&format=jpg","fifu_image_alt":"","footnotes":""},"categories":[6],"tags":[],"class_list":["post-17632","post","type-post","status-publish","format-standard","has-post-thumbnail","","category-deportes"],"_links":{"self":[{"href":"https:\/\/noticiasveraces.com\/index.php?rest_route=\/wp\/v2\/posts\/17632","targetHints":{"allow":["GET"]}}],"collection":[{"href":"https:\/\/noticiasveraces.com\/index.php?rest_route=\/wp\/v2\/posts"}],"about":[{"href":"https:\/\/noticiasveraces.com\/index.php?rest_route=\/wp\/v2\/types\/post"}],"author":[{"embeddable":true,"href":"https:\/\/noticiasveraces.com\/index.php?rest_route=\/wp\/v2\/users\/1"}],"replies":[{"embeddable":true,"href":"https:\/\/noticiasveraces.com\/index.php?rest_route=%2Fwp%2Fv2%2Fcomments&post=17632"}],"version-history":[{"count":0,"href":"https:\/\/noticiasveraces.com\/index.php?rest_route=\/wp\/v2\/posts\/17632\/revisions"}],"wp:featuredmedia":[{"embeddable":true,"href":"https:\/\/noticiasveraces.com\/index.php?rest_route=\/wp\/v2\/media\/17634"}],"wp:attachment":[{"href":"https:\/\/noticiasveraces.com\/index.php?rest_route=%2Fwp%2Fv2%2Fmedia&parent=17632"}],"wp:term":[{"taxonomy":"category","embeddable":true,"href":"https:\/\/noticiasveraces.com\/index.php?rest_route=%2Fwp%2Fv2%2Fcategories&post=17632"},{"taxonomy":"post_tag","embeddable":true,"href":"https:\/\/noticiasveraces.com\/index.php?rest_route=%2Fwp%2Fv2%2Ftags&post=17632"}],"curies":[{"name":"wp","href":"https:\/\/api.w.org\/{rel}","templated":true}]}}