{"id":17620,"date":"2025-03-07T16:32:23","date_gmt":"2025-03-07T20:32:23","guid":{"rendered":"https:\/\/noticiasveraces.com\/?p=17620"},"modified":"2025-03-07T16:32:23","modified_gmt":"2025-03-07T20:32:23","slug":"ordenes-judiciales-el-presidente-de-corea-del-sur-yoon-liberado-de-la-carcel-por-juicio-por-derecho-marcial","status":"publish","type":"post","link":"https:\/\/noticiasveraces.com\/?p=17620","title":{"rendered":"Ordenes judiciales El presidente de Corea del Sur, Yoon, liberado de la c\u00e1rcel por juicio por derecho marcial"},"content":{"rendered":"<p> \n<\/p>\n<div>\n<p class=\"speakable\">Un tribunal de Corea del Sur orden\u00f3 el viernes que el presidente acusado Yoon Suk Yeol fuera liberado de la c\u00e1rcel, una medida que podr\u00eda permitir a Yoon ser juzgado por su cargo de rebeli\u00f3n sin ser detenido f\u00edsicamente.<\/p>\n<p class=\"speakable\">Yoon fue arrestado y acusado en enero durante el decreto de ley marcial del 3 de diciembre que sumergi\u00f3 al pa\u00eds en una agitaci\u00f3n pol\u00edtica. El Parlamento controlado por la oposici\u00f3n vot\u00f3 por separado para acusarlo, lo que llev\u00f3 a su suspensi\u00f3n del cargo.<\/p>\n<p>Las audiencias en su juicio de juicio pol\u00edtico en el Tribunal Constitucional concluyeron a fines de febrero, y se espera que ese tribunal se declare pronto sobre si eliminarlo formalmente del cargo o restablecerlo.<\/p>\n<p>El Tribunal de Distrito Central de Se\u00fal dijo que acept\u00f3 la solicitud de Yoon de ser liberado de la c\u00e1rcel porque el per\u00edodo legal de su arresto formal expir\u00f3 antes de ser acusado.<\/p>\n<p><strong>Los fiscales surcoreanos acusan al presidente acusado que declar\u00f3 la ley marcial<\/strong><\/p>\n<div class=\"image-ct inline\">\n<div class=\"m\"><picture><source media=\"(max-width: 767px)\" srcset=\"https:\/\/a57.foxnews.com\/static.foxnews.com\/foxnews.com\/content\/uploads\/2025\/03\/343\/192\/ap25056499688448.jpg?ve=1&amp;tl=1, https:\/\/a57.foxnews.com\/static.foxnews.com\/foxnews.com\/content\/uploads\/2025\/03\/686\/384\/ap25056499688448.jpg?ve=1&amp;tl=1 2x\" height=\"192\" width=\"343\"><source media=\"(min-width: 768px) and (max-width: 1023px)\" srcset=\"https:\/\/a57.foxnews.com\/static.foxnews.com\/foxnews.com\/content\/uploads\/2025\/03\/672\/378\/ap25056499688448.jpg?ve=1&amp;tl=1, https:\/\/a57.foxnews.com\/static.foxnews.com\/foxnews.com\/content\/uploads\/2025\/03\/1344\/756\/ap25056499688448.jpg?ve=1&amp;tl=1 2x\" height=\"378\" width=\"672\"><source media=\"(min-width: 1024px) and (max-width: 1279px)\" srcset=\"https:\/\/a57.foxnews.com\/static.foxnews.com\/foxnews.com\/content\/uploads\/2025\/03\/931\/523\/ap25056499688448.jpg?ve=1&amp;tl=1, https:\/\/a57.foxnews.com\/static.foxnews.com\/foxnews.com\/content\/uploads\/2025\/03\/1862\/1046\/ap25056499688448.jpg?ve=1&amp;tl=1 2x\" height=\"523\" width=\"931\"><source media=\"(min-width: 1280px)\" srcset=\"https:\/\/a57.foxnews.com\/static.foxnews.com\/foxnews.com\/content\/uploads\/2025\/03\/720\/405\/ap25056499688448.jpg?ve=1&amp;tl=1, https:\/\/a57.foxnews.com\/static.foxnews.com\/foxnews.com\/content\/uploads\/2025\/03\/1440\/810\/ap25056499688448.jpg?ve=1&amp;tl=1 2x\" height=\"405\" width=\"720\"><img loading=\"lazy\" decoding=\"async\" src=\"https:\/\/a57.foxnews.com\/static.foxnews.com\/foxnews.com\/content\/uploads\/2025\/03\/1200\/675\/ap25056499688448.jpg?ve=1&amp;tl=1\" alt=\"Shows de pantalla de TV Presidente Yoon Suk Yeo\" width=\"1200\" height=\"675\"\/><\/source><\/source><\/source><\/source><\/picture><\/div>\n<\/p><\/div>\n<p>El tribunal tambi\u00e9n cit\u00f3 la necesidad de resolver preguntas sobre la legalidad de las investigaciones en Yoon. Los abogados de Yoon han acusado a la agencia de investigaci\u00f3n que lo detuvo antes de su arresto formal de falta de autoridad legal para investigar los cargos de rebeli\u00f3n.<\/p>\n<p>Los investigadores han alegado que el decreto de la ley marcial ascendi\u00f3 a la rebeli\u00f3n. Si es condenado por ese delito, enfrentar\u00eda la pena de muerte o la cadena perpetua.<\/p>\n<p>El equipo de defensa de Yoon dio la bienvenida a la decisi\u00f3n de la corte e inst\u00f3 a los fiscales a liberarlo de inmediato. La oficina presidencial tambi\u00e9n dio la bienvenida a la decisi\u00f3n del tribunal, diciendo que espera que Yoon regrese r\u00e1pidamente al trabajo.<\/p>\n<p>Sin embargo, la ley de Corea del Sur permite a los fiscales continuar con un sospechoso cuyo arresto ha sido suspendido por un tribunal temporalmente mientras realiza una apelaci\u00f3n.<\/p>\n<p>El principal Partido Democr\u00e1tico de la Oposici\u00f3n Liberal, que dirigi\u00f3 el juicio pol\u00edtico del 14 de diciembre de Yoon, pidi\u00f3 a los fiscales que apelen inmediatamente el fallo de la corte.<\/p>\n<div class=\"image-ct inline\">\n<div class=\"m\"><picture><source media=\"(max-width: 767px)\" srcset=\"https:\/\/a57.foxnews.com\/static.foxnews.com\/foxnews.com\/content\/uploads\/2025\/03\/343\/192\/yoon.jpg?ve=1&amp;tl=1, https:\/\/a57.foxnews.com\/static.foxnews.com\/foxnews.com\/content\/uploads\/2025\/03\/686\/384\/yoon.jpg?ve=1&amp;tl=1 2x\" height=\"192\" width=\"343\"><source media=\"(min-width: 768px) and (max-width: 1023px)\" srcset=\"https:\/\/a57.foxnews.com\/static.foxnews.com\/foxnews.com\/content\/uploads\/2025\/03\/672\/378\/yoon.jpg?ve=1&amp;tl=1, https:\/\/a57.foxnews.com\/static.foxnews.com\/foxnews.com\/content\/uploads\/2025\/03\/1344\/756\/yoon.jpg?ve=1&amp;tl=1 2x\" height=\"378\" width=\"672\"><source media=\"(min-width: 1024px) and (max-width: 1279px)\" srcset=\"https:\/\/a57.foxnews.com\/static.foxnews.com\/foxnews.com\/content\/uploads\/2025\/03\/931\/523\/yoon.jpg?ve=1&amp;tl=1, https:\/\/a57.foxnews.com\/static.foxnews.com\/foxnews.com\/content\/uploads\/2025\/03\/1862\/1046\/yoon.jpg?ve=1&amp;tl=1 2x\" height=\"523\" width=\"931\"><source media=\"(min-width: 1280px)\" srcset=\"https:\/\/a57.foxnews.com\/static.foxnews.com\/foxnews.com\/content\/uploads\/2025\/03\/720\/405\/yoon.jpg?ve=1&amp;tl=1, https:\/\/a57.foxnews.com\/static.foxnews.com\/foxnews.com\/content\/uploads\/2025\/03\/1440\/810\/yoon.jpg?ve=1&amp;tl=1 2x\" height=\"405\" width=\"720\"><img loading=\"lazy\" decoding=\"async\" src=\"https:\/\/a57.foxnews.com\/static.foxnews.com\/foxnews.com\/content\/uploads\/2025\/03\/1200\/675\/yoon.jpg?ve=1&amp;tl=1\" alt=\"Presidente de Corea del Sur, Yoon Suk Yeol, partidario\" width=\"1200\" height=\"675\"\/><\/source><\/source><\/source><\/source><\/picture><\/div>\n<div class=\"info\">\n<div class=\"caption\">\n<p><span>Un partidario del acusado presidente surcoreano Yoon Suk Yeol tiene un letrero cerca de la residencia presidencial en Se\u00fal, Corea del Sur, el viernes 7 de marzo de 2025. Las cartas dec\u00edan: \u00abEl presidente ten\u00eda raz\u00f3n\u00bb. <\/span> <span>(AP Photo\/Lee \u200b\u200bJin-Man)<\/span><\/p>\n<\/div>\n<\/div>\n<\/div>\n<p><strong>Presidente de Corea del Sur, detenido semanas despu\u00e9s del caos de la ley marcial<\/strong><\/p>\n<p>El decreto de derecho marcial de Yoon, que involucr\u00f3 el despacho de tropas y fuerzas policiales a la Asamblea Nacional, evoc\u00f3 recuerdos traum\u00e1ticos de reglas militares pasadas entre muchos surcoreanos. El decreto dur\u00f3 solo seis horas, ya que suficientes legisladores lograron ingresar a una sala de asambleas y votaron para revocarlo por unanimidad.<\/p>\n<p>M\u00e1s tarde, Yoon argument\u00f3 que su decreto solo estaba destinado a informar al pueblo del peligro del Partido Democr\u00e1tico de la Oposici\u00f3n, que socav\u00f3 su agenda y acus\u00f3 a los altos funcionarios, y dijo que envi\u00f3 tropas a la Asamblea solo para mantener el orden. Pero algunos altos oficiales militares y de polic\u00eda enviados a la Asamblea le han dicho audiencias de la corte constitucional o investigadores que Yoon les orden\u00f3 que arrastren a los legisladores que obstruyan un voto sobre su decreto o detuvieran a los pol\u00edticos.<\/p>\n<p>Si el Tribunal Constitucional mantiene la acusaci\u00f3n de Yoon, ser\u00e1 expulsado oficialmente de su cargo y se celebrar\u00e1 una elecci\u00f3n nacional para elegir a su sucesor dentro de los dos meses. Si el tribunal rechaza su destituci\u00f3n pero todav\u00eda est\u00e1 en la c\u00e1rcel, no est\u00e1 claro si pronto podr\u00e1 ejercer sus poderes presidenciales.<\/p>\n<p><strong><u>Haga clic aqu\u00ed para obtener la aplicaci\u00f3n Fox News<\/u><\/strong><\/p>\n<p>Enormes manifestaciones de oponentes y partidarios de Yoon han llenado las calles de Se\u00fal y otras grandes ciudades de Corea del Sur. Cualquiera que sea el tribunal constitucional, los expertos dicen que probablemente polarizar\u00e1 a\u00fan m\u00e1s al pa\u00eds e intensificar\u00e1 su divisi\u00f3n liberal conservadora.<\/p>\n<p>Yoon es el primer presidente de Corea del Sur en ser arrestado mientras est\u00e1 en el cargo. La ley de Corea del Sur otorga a un presidente inmunidad de la mayor\u00eda de los enjuiciamientos penales, pero no por cargos graves como rebeli\u00f3n o traici\u00f3n.<\/p>\n<p>Por ley, un presidente en Corea del Sur tiene el poder de poner al pa\u00eds bajo la ley marcial en tiempos de guerra y situaciones de emergencia similares, pero muchos expertos dicen que Corea del Sur no estaba en tal estado cuando Yoon declar\u00f3 la ley marcial.<\/p>\n<p> <!----> <!----><\/div>\n\n","protected":false},"excerpt":{"rendered":"<p>Un tribunal de Corea del Sur orden\u00f3 el viernes que el presidente acusado Yoon Suk Yeol fuera liberado de la c\u00e1rcel, una medida que podr\u00eda permitir a Yoon ser juzgado por su cargo de rebeli\u00f3n sin ser detenido f\u00edsicamente. Yoon fue arrestado y acusado en enero durante el decreto de ley marcial del 3 de &hellip;<\/p>\n","protected":false},"author":1,"featured_media":17622,"comment_status":"open","ping_status":"open","sticky":false,"template":"","format":"standard","meta":{"fifu_image_url":"https:\/\/static.foxnews.com\/foxnews.com\/content\/uploads\/2025\/03\/ap25056499688448.jpg","fifu_image_alt":"","footnotes":""},"categories":[13],"tags":[],"class_list":["post-17620","post","type-post","status-publish","format-standard","has-post-thumbnail","","category-mundo"],"_links":{"self":[{"href":"https:\/\/noticiasveraces.com\/index.php?rest_route=\/wp\/v2\/posts\/17620","targetHints":{"allow":["GET"]}}],"collection":[{"href":"https:\/\/noticiasveraces.com\/index.php?rest_route=\/wp\/v2\/posts"}],"about":[{"href":"https:\/\/noticiasveraces.com\/index.php?rest_route=\/wp\/v2\/types\/post"}],"author":[{"embeddable":true,"href":"https:\/\/noticiasveraces.com\/index.php?rest_route=\/wp\/v2\/users\/1"}],"replies":[{"embeddable":true,"href":"https:\/\/noticiasveraces.com\/index.php?rest_route=%2Fwp%2Fv2%2Fcomments&post=17620"}],"version-history":[{"count":0,"href":"https:\/\/noticiasveraces.com\/index.php?rest_route=\/wp\/v2\/posts\/17620\/revisions"}],"wp:featuredmedia":[{"embeddable":true,"href":"https:\/\/noticiasveraces.com\/index.php?rest_route=\/wp\/v2\/media\/17622"}],"wp:attachment":[{"href":"https:\/\/noticiasveraces.com\/index.php?rest_route=%2Fwp%2Fv2%2Fmedia&parent=17620"}],"wp:term":[{"taxonomy":"category","embeddable":true,"href":"https:\/\/noticiasveraces.com\/index.php?rest_route=%2Fwp%2Fv2%2Fcategories&post=17620"},{"taxonomy":"post_tag","embeddable":true,"href":"https:\/\/noticiasveraces.com\/index.php?rest_route=%2Fwp%2Fv2%2Ftags&post=17620"}],"curies":[{"name":"wp","href":"https:\/\/api.w.org\/{rel}","templated":true}]}}