{"id":17617,"date":"2025-03-07T15:30:11","date_gmt":"2025-03-07T19:30:11","guid":{"rendered":"https:\/\/noticiasveraces.com\/?p=17617"},"modified":"2025-03-07T15:30:11","modified_gmt":"2025-03-07T19:30:11","slug":"la-condicion-de-la-princesa-de-la-corona-de-noruega-mette-marit-empeora-mientras-lucha-contra-la-enfermedad-pulmonar","status":"publish","type":"post","link":"https:\/\/noticiasveraces.com\/?p=17617","title":{"rendered":"La condici\u00f3n de la princesa de la corona de Noruega Mette-Marit empeora mientras lucha contra la enfermedad pulmonar"},"content":{"rendered":"<p> \n<\/p>\n<div>\n<p class=\"speakable\">La enfermedad pulmonar cr\u00f3nica de la princesa noruega de la princesa Mette-Marit ha empeorado hasta el punto de que est\u00e1 afectando \u00absu capacidad para realizar sus deberes\u00bb, anunci\u00f3 la Royal House of Noruega. <\/p>\n<p class=\"speakable\">Mette-Marit, de 51 a\u00f1os, sufre de fibrosis pulmonar, descrita por la cl\u00ednica Mayo como una condici\u00f3n que da\u00f1a y da\u00f1a irreparablemente los pulmones, lo que lleva a la falta de aliento. <\/p>\n<p>\u00abLa princesa de la corona tiene s\u00edntomas y dolencias diarias que afectan su capacidad para realizar sus deberes\u00bb, dijo la Royal House of Noruega en un comunicado, se\u00f1alando que su enfermedad ha \u00abprogresado\u00bb. <\/p>\n<p>\u00abLa princesa de la corona necesita m\u00e1s descanso, y su rutina diaria cambia m\u00e1s r\u00e1pido que antes. Esto significa que los cambios en su horario oficial pueden ocurrir con mayor frecuencia, y con un aviso m\u00e1s corto de lo que estamos acostumbrados\u00bb, agreg\u00f3. <\/p>\n<p><strong>Flashback: Mette-Marit de Noruega revela que ha sido diagnosticada con enfermedad pulmonar cr\u00f3nica<\/strong><strong> <\/strong><\/p>\n<div class=\"image-ct inline\">\n<div class=\"m\"><picture><source media=\"(max-width: 767px)\" srcset=\"https:\/\/a57.foxnews.com\/static.foxnews.com\/foxnews.com\/content\/uploads\/2025\/03\/343\/192\/mette-marit-1.jpg?ve=1&amp;tl=1, https:\/\/a57.foxnews.com\/static.foxnews.com\/foxnews.com\/content\/uploads\/2025\/03\/686\/384\/mette-marit-1.jpg?ve=1&amp;tl=1 2x\" height=\"192\" width=\"343\"><source media=\"(min-width: 768px) and (max-width: 1023px)\" srcset=\"https:\/\/a57.foxnews.com\/static.foxnews.com\/foxnews.com\/content\/uploads\/2025\/03\/672\/378\/mette-marit-1.jpg?ve=1&amp;tl=1, https:\/\/a57.foxnews.com\/static.foxnews.com\/foxnews.com\/content\/uploads\/2025\/03\/1344\/756\/mette-marit-1.jpg?ve=1&amp;tl=1 2x\" height=\"378\" width=\"672\"><source media=\"(min-width: 1024px) and (max-width: 1279px)\" srcset=\"https:\/\/a57.foxnews.com\/static.foxnews.com\/foxnews.com\/content\/uploads\/2025\/03\/931\/523\/mette-marit-1.jpg?ve=1&amp;tl=1, https:\/\/a57.foxnews.com\/static.foxnews.com\/foxnews.com\/content\/uploads\/2025\/03\/1862\/1046\/mette-marit-1.jpg?ve=1&amp;tl=1 2x\" height=\"523\" width=\"931\"><source media=\"(min-width: 1280px)\" srcset=\"https:\/\/a57.foxnews.com\/static.foxnews.com\/foxnews.com\/content\/uploads\/2025\/03\/720\/405\/mette-marit-1.jpg?ve=1&amp;tl=1, https:\/\/a57.foxnews.com\/static.foxnews.com\/foxnews.com\/content\/uploads\/2025\/03\/1440\/810\/mette-marit-1.jpg?ve=1&amp;tl=1 2x\" height=\"405\" width=\"720\"><img loading=\"lazy\" decoding=\"async\" src=\"https:\/\/a57.foxnews.com\/static.foxnews.com\/foxnews.com\/content\/uploads\/2025\/03\/1200\/675\/mette-marit-1.jpg?ve=1&amp;tl=1\" alt=\"Princesa de la corona Mette-Marit\" width=\"1200\" height=\"675\"\/><\/source><\/source><\/source><\/source><\/picture><\/div>\n<div class=\"info\">\n<div class=\"caption\">\n<p><span>La princesa de la corona Mette-Marit de Noruega visita la Biblioteca Internacional de Moda en Stasjonsmesterbygningen el 24 de enero de 2025 en Oslo.<\/span> <span>(Rune Hellestad\/Corbis\/Getty Images)<\/span><\/p>\n<\/div>\n<\/div>\n<\/div>\n<p>\u00abLa princesa de la corona tiene un fuerte deseo de continuar trabajando y, por lo tanto, organizaremos su programa oficial en el futuro de la mejor manera posible para que su salud y su trabajo se puedan combinar\u00bb, dijo tambi\u00e9n la Royal House of Noruega. <\/p>\n<p>Mette-Marit fue diagnosticado con la enfermedad en octubre de 2018. <\/p>\n<p>\u00abDurante varios a\u00f1os, he tenido desaf\u00edos de salud regularmente, y ahora sabemos m\u00e1s sobre lo que est\u00e1 involucrado. La condici\u00f3n significa que mi capacidad de trabajo variar\u00e1\u00bb, dijo en ese momento.  <\/p>\n<p><strong>Hijo de la princesa de la corona de Noruega arrestada bajo sospecha de violaci\u00f3n<\/strong><strong> <\/strong><\/p>\n<div class=\"image-ct inline\">\n<div class=\"m\"><picture><source media=\"(max-width: 767px)\" srcset=\"https:\/\/a57.foxnews.com\/static.foxnews.com\/foxnews.com\/content\/uploads\/2025\/03\/343\/192\/mette-marit-2.jpg?ve=1&amp;tl=1, https:\/\/a57.foxnews.com\/static.foxnews.com\/foxnews.com\/content\/uploads\/2025\/03\/686\/384\/mette-marit-2.jpg?ve=1&amp;tl=1 2x\" height=\"192\" width=\"343\"><source media=\"(min-width: 768px) and (max-width: 1023px)\" srcset=\"https:\/\/a57.foxnews.com\/static.foxnews.com\/foxnews.com\/content\/uploads\/2025\/03\/672\/378\/mette-marit-2.jpg?ve=1&amp;tl=1, https:\/\/a57.foxnews.com\/static.foxnews.com\/foxnews.com\/content\/uploads\/2025\/03\/1344\/756\/mette-marit-2.jpg?ve=1&amp;tl=1 2x\" height=\"378\" width=\"672\"><source media=\"(min-width: 1024px) and (max-width: 1279px)\" srcset=\"https:\/\/a57.foxnews.com\/static.foxnews.com\/foxnews.com\/content\/uploads\/2025\/03\/931\/523\/mette-marit-2.jpg?ve=1&amp;tl=1, https:\/\/a57.foxnews.com\/static.foxnews.com\/foxnews.com\/content\/uploads\/2025\/03\/1862\/1046\/mette-marit-2.jpg?ve=1&amp;tl=1 2x\" height=\"523\" width=\"931\"><source media=\"(min-width: 1280px)\" srcset=\"https:\/\/a57.foxnews.com\/static.foxnews.com\/foxnews.com\/content\/uploads\/2025\/03\/720\/405\/mette-marit-2.jpg?ve=1&amp;tl=1, https:\/\/a57.foxnews.com\/static.foxnews.com\/foxnews.com\/content\/uploads\/2025\/03\/1440\/810\/mette-marit-2.jpg?ve=1&amp;tl=1 2x\" height=\"405\" width=\"720\"><img loading=\"lazy\" decoding=\"async\" src=\"https:\/\/a57.foxnews.com\/static.foxnews.com\/foxnews.com\/content\/uploads\/2025\/03\/1200\/675\/mette-marit-2.jpg?ve=1&amp;tl=1\" alt=\"Pr\u00edncipe Heredero Hakon Magnus y la princesa de la corona Mette-Marit \" width=\"1200\" height=\"675\"\/><\/source><\/source><\/source><\/source><\/picture><\/div>\n<div class=\"info\">\n<div class=\"caption\">\n<p><span>El pr\u00edncipe heredero Hakon Magnus y la princesa de la corona Mette-Marit asisten al Partido del Premio de Paz de Save The Children en el Centro Nobel de Paz el 10 de diciembre de 2024 en Oslo, Noruega.<\/span> <span>(Por Ole Hagen\/Getty Images)<\/span><\/p>\n<\/div>\n<\/div>\n<\/div>\n<p>\u00abEl Pr\u00edncipe Heredero y yo estamos eligiendo hacer que esto sea p\u00fablico ahora en parte porque en el futuro habr\u00e1 necesidad de planificar per\u00edodos de tiempo sin un programa oficial para acomodar el tratamiento y cuando la enfermedad es m\u00e1s activa\u00bb, agreg\u00f3. <\/p>\n<p>La Cl\u00ednica Mayo dijo que algunas personas con fibrosis pulmonar \u00abpueden mantenerse estables durante mucho tiempo, pero la condici\u00f3n empeora m\u00e1s r\u00e1pido en otras\u00bb.  <\/p>\n<div class=\"image-ct inline\">\n<div class=\"m\"><picture><source media=\"(max-width: 767px)\" srcset=\"https:\/\/a57.foxnews.com\/static.foxnews.com\/foxnews.com\/content\/uploads\/2025\/03\/343\/192\/mette-marit-3.jpg?ve=1&amp;tl=1, https:\/\/a57.foxnews.com\/static.foxnews.com\/foxnews.com\/content\/uploads\/2025\/03\/686\/384\/mette-marit-3.jpg?ve=1&amp;tl=1 2x\" height=\"192\" width=\"343\"><source media=\"(min-width: 768px) and (max-width: 1023px)\" srcset=\"https:\/\/a57.foxnews.com\/static.foxnews.com\/foxnews.com\/content\/uploads\/2025\/03\/672\/378\/mette-marit-3.jpg?ve=1&amp;tl=1, https:\/\/a57.foxnews.com\/static.foxnews.com\/foxnews.com\/content\/uploads\/2025\/03\/1344\/756\/mette-marit-3.jpg?ve=1&amp;tl=1 2x\" height=\"378\" width=\"672\"><source media=\"(min-width: 1024px) and (max-width: 1279px)\" srcset=\"https:\/\/a57.foxnews.com\/static.foxnews.com\/foxnews.com\/content\/uploads\/2025\/03\/931\/523\/mette-marit-3.jpg?ve=1&amp;tl=1, https:\/\/a57.foxnews.com\/static.foxnews.com\/foxnews.com\/content\/uploads\/2025\/03\/1862\/1046\/mette-marit-3.jpg?ve=1&amp;tl=1 2x\" height=\"523\" width=\"931\"><source media=\"(min-width: 1280px)\" srcset=\"https:\/\/a57.foxnews.com\/static.foxnews.com\/foxnews.com\/content\/uploads\/2025\/03\/720\/405\/mette-marit-3.jpg?ve=1&amp;tl=1, https:\/\/a57.foxnews.com\/static.foxnews.com\/foxnews.com\/content\/uploads\/2025\/03\/1440\/810\/mette-marit-3.jpg?ve=1&amp;tl=1 2x\" height=\"405\" width=\"720\"><img loading=\"lazy\" decoding=\"async\" src=\"https:\/\/a57.foxnews.com\/static.foxnews.com\/foxnews.com\/content\/uploads\/2025\/03\/1200\/675\/mette-marit-3.jpg?ve=1&amp;tl=1\" alt=\"La princesa de la corona Mette-Marit visita la escuela primaria en Noruega\" width=\"1200\" height=\"675\"\/><\/source><\/source><\/source><\/source><\/picture><\/div>\n<div class=\"info\">\n<div class=\"caption\">\n<p><span>La princesa de la corona Mette-Marit visita la Escuela Primaria Lilleby el 12 de septiembre de 2024 en Trondheim, Noruega. <\/span> <span>(Rune Hellestad\/Corbis\/Getty Images)<\/span><\/p>\n<\/div>\n<\/div>\n<\/div>\n<p><strong>Haga clic aqu\u00ed para obtener la aplicaci\u00f3n Fox News<\/strong><strong> <\/strong><\/p>\n<p>\u00abA medida que empeora, las personas se quedan cada vez m\u00e1s al respirar\u00bb, dijo tambi\u00e9n. \u00abLos medicamentos y las terapias a veces pueden ayudar a frenar la tasa de fibrosis, aliviar los s\u00edntomas y mejorar la calidad de vida. Para algunas personas, un trasplante de pulm\u00f3n podr\u00eda ser una opci\u00f3n\u00bb. <\/p>\n<p> <!----> <\/p>\n<div class=\"article-meta\">\n<div class=\"author-bio\">\n<p>Greg Norman es reportero de Fox News Digital.<\/p>\n<\/div>\n<\/div>\n<\/div>\n\n","protected":false},"excerpt":{"rendered":"<p>La enfermedad pulmonar cr\u00f3nica de la princesa noruega de la princesa Mette-Marit ha empeorado hasta el punto de que est\u00e1 afectando \u00absu capacidad para realizar sus deberes\u00bb, anunci\u00f3 la Royal House of Noruega. Mette-Marit, de 51 a\u00f1os, sufre de fibrosis pulmonar, descrita por la cl\u00ednica Mayo como una condici\u00f3n que da\u00f1a y da\u00f1a irreparablemente los &hellip;<\/p>\n","protected":false},"author":1,"featured_media":17619,"comment_status":"open","ping_status":"open","sticky":false,"template":"","format":"standard","meta":{"fifu_image_url":"https:\/\/static.foxnews.com\/foxnews.com\/content\/uploads\/2025\/03\/mette-marit-1.jpg","fifu_image_alt":"","footnotes":""},"categories":[13],"tags":[],"class_list":["post-17617","post","type-post","status-publish","format-standard","has-post-thumbnail","","category-mundo"],"_links":{"self":[{"href":"https:\/\/noticiasveraces.com\/index.php?rest_route=\/wp\/v2\/posts\/17617","targetHints":{"allow":["GET"]}}],"collection":[{"href":"https:\/\/noticiasveraces.com\/index.php?rest_route=\/wp\/v2\/posts"}],"about":[{"href":"https:\/\/noticiasveraces.com\/index.php?rest_route=\/wp\/v2\/types\/post"}],"author":[{"embeddable":true,"href":"https:\/\/noticiasveraces.com\/index.php?rest_route=\/wp\/v2\/users\/1"}],"replies":[{"embeddable":true,"href":"https:\/\/noticiasveraces.com\/index.php?rest_route=%2Fwp%2Fv2%2Fcomments&post=17617"}],"version-history":[{"count":0,"href":"https:\/\/noticiasveraces.com\/index.php?rest_route=\/wp\/v2\/posts\/17617\/revisions"}],"wp:featuredmedia":[{"embeddable":true,"href":"https:\/\/noticiasveraces.com\/index.php?rest_route=\/wp\/v2\/media\/17619"}],"wp:attachment":[{"href":"https:\/\/noticiasveraces.com\/index.php?rest_route=%2Fwp%2Fv2%2Fmedia&parent=17617"}],"wp:term":[{"taxonomy":"category","embeddable":true,"href":"https:\/\/noticiasveraces.com\/index.php?rest_route=%2Fwp%2Fv2%2Fcategories&post=17617"},{"taxonomy":"post_tag","embeddable":true,"href":"https:\/\/noticiasveraces.com\/index.php?rest_route=%2Fwp%2Fv2%2Ftags&post=17617"}],"curies":[{"name":"wp","href":"https:\/\/api.w.org\/{rel}","templated":true}]}}