{"id":17614,"date":"2025-03-07T14:26:29","date_gmt":"2025-03-07T18:26:29","guid":{"rendered":"https:\/\/noticiasveraces.com\/?p=17614"},"modified":"2025-03-07T14:26:29","modified_gmt":"2025-03-07T18:26:29","slug":"objeto-de-la-era-de-la-primera-guerra-mundial-peligrosa-que-se-encuentra-en-la-zona-residencial-abarrotada","status":"publish","type":"post","link":"https:\/\/noticiasveraces.com\/?p=17614","title":{"rendered":"Objeto de la era de la Primera Guerra Mundial peligrosa que se encuentra en la zona residencial abarrotada"},"content":{"rendered":"<p> \n<\/p>\n<div>\n<p class=\"speakable\">Una bomba de la era de la Primera Guerra Mundial de media tonelada encontrada cerca de las v\u00edas del tren en una zona residencial llena de gente, a las afueras de Par\u00eds desat\u00f3 el caos de viajes en toda la regi\u00f3n el viernes, lo que provoc\u00f3 interrupciones en la estaci\u00f3n ferroviaria m\u00e1s concurrida de Europa y los cierres de las principales carreteras que conducen a la capital francesa. <\/p>\n<p class=\"speakable\">Los trabajadores no explotados fueron encontrados durante la noche por los trabajadores que realizan actividades de movimiento de la tierra cerca de las v\u00edas en el \u00e1rea de Sena-Saint-Denis al norte de Par\u00eds, seg\u00fan el ministro de Transporte franc\u00e9s, Philippe Tabarot.  <\/p>\n<p>Los expertos en eliminaci\u00f3n de bombas fueron llamados a la escena, los locales fueron evacuados y se estableci\u00f3 un per\u00edmetro de seguridad \u00abbastante grande\u00bb alrededor de la operaci\u00f3n, agreg\u00f3. <\/p>\n<p>\u00abEstamos encantados y aliviados de que todo esto haya llegado a su fin\u00bb, dijo Tabarot m\u00e1s tarde.<\/p>\n<p><strong>Los pasajeros de vuelo ahora pagan el impuesto sobre las entradas de avi\u00f3n para salir de un destino de viaje popular<\/strong><strong> <\/strong><\/p>\n<div class=\"image-ct inline\">\n<div class=\"m\"><picture><source media=\"(max-width: 767px)\" srcset=\"https:\/\/a57.foxnews.com\/static.foxnews.com\/foxnews.com\/content\/uploads\/2025\/03\/343\/192\/paris-bomb-2.jpg?ve=1&amp;tl=1, https:\/\/a57.foxnews.com\/static.foxnews.com\/foxnews.com\/content\/uploads\/2025\/03\/686\/384\/paris-bomb-2.jpg?ve=1&amp;tl=1 2x\" height=\"192\" width=\"343\"><source media=\"(min-width: 768px) and (max-width: 1023px)\" srcset=\"https:\/\/a57.foxnews.com\/static.foxnews.com\/foxnews.com\/content\/uploads\/2025\/03\/672\/378\/paris-bomb-2.jpg?ve=1&amp;tl=1, https:\/\/a57.foxnews.com\/static.foxnews.com\/foxnews.com\/content\/uploads\/2025\/03\/1344\/756\/paris-bomb-2.jpg?ve=1&amp;tl=1 2x\" height=\"378\" width=\"672\"><source media=\"(min-width: 1024px) and (max-width: 1279px)\" srcset=\"https:\/\/a57.foxnews.com\/static.foxnews.com\/foxnews.com\/content\/uploads\/2025\/03\/931\/523\/paris-bomb-2.jpg?ve=1&amp;tl=1, https:\/\/a57.foxnews.com\/static.foxnews.com\/foxnews.com\/content\/uploads\/2025\/03\/1862\/1046\/paris-bomb-2.jpg?ve=1&amp;tl=1 2x\" height=\"523\" width=\"931\"><source media=\"(min-width: 1280px)\" srcset=\"https:\/\/a57.foxnews.com\/static.foxnews.com\/foxnews.com\/content\/uploads\/2025\/03\/720\/405\/paris-bomb-2.jpg?ve=1&amp;tl=1, https:\/\/a57.foxnews.com\/static.foxnews.com\/foxnews.com\/content\/uploads\/2025\/03\/1440\/810\/paris-bomb-2.jpg?ve=1&amp;tl=1 2x\" height=\"405\" width=\"720\"><img loading=\"lazy\" decoding=\"async\" src=\"https:\/\/a57.foxnews.com\/static.foxnews.com\/foxnews.com\/content\/uploads\/2025\/03\/1200\/675\/paris-bomb-2.jpg?ve=1&amp;tl=1\" alt=\"Bomba de Par\u00eds sin explotar\" width=\"1200\" height=\"675\"\/><\/source><\/source><\/source><\/source><\/picture><\/div>\n<div class=\"info\">\n<div class=\"caption\">\n<p><span>Esta foto proporcionada por la prefectura de la polic\u00eda de Par\u00eds muestra la bomba de la era de la Primera Guerra Mundial sin explotar que caus\u00f3 el caos de transporte en Par\u00eds el viernes 7 de marzo.<\/span> <span>(Prefectura de Polic\u00eda a trav\u00e9s de AP)<\/span><\/p>\n<\/div>\n<\/div>\n<\/div>\n<p>Eurostar, operador de trenes de alta velocidad a trav\u00e9s del t\u00fanel del canal que une Inglaterra con el continente europeo, anunci\u00f3 la cancelaci\u00f3n de todos sus servicios hacia y desde su centro de Par\u00eds en Gare du Nord y las capitales del Reino Unido y Belga. <\/p>\n<p>\u00abSe descubri\u00f3 una bomba sin explotar de la Segunda Guerra Mundial en esta \u00e1rea\u00bb, escribi\u00f3 SNCF del operador nacional de ferrocarril franc\u00e9s SNCF en X. \u00abEl tr\u00e1fico no se reanudar\u00e1 hasta media tarde, despu\u00e9s de la autorizaci\u00f3n formal de las autoridades\u00bb. <\/p>\n<p>La polic\u00eda de Par\u00eds tambi\u00e9n anunci\u00f3 el cierre de la autopista A1 y las secciones de la carretera de anillo siempre Busy de la capital alrededor de la ciudad. <\/p>\n<p><strong>Burl\u00e1ndose de \u00e9l como &#8216;Micron&#8217;, Rusia advierte a Macron contra hacer &#8216;amenazas&#8217; nucleares<\/strong><strong> <\/strong><\/p>\n<div class=\"image-ct inline\">\n<div class=\"m\"><picture><source media=\"(max-width: 767px)\" srcset=\"https:\/\/a57.foxnews.com\/static.foxnews.com\/foxnews.com\/content\/uploads\/2025\/03\/343\/192\/paris-gare-du-nord.jpg?ve=1&amp;tl=1, https:\/\/a57.foxnews.com\/static.foxnews.com\/foxnews.com\/content\/uploads\/2025\/03\/686\/384\/paris-gare-du-nord.jpg?ve=1&amp;tl=1 2x\" height=\"192\" width=\"343\"><source media=\"(min-width: 768px) and (max-width: 1023px)\" srcset=\"https:\/\/a57.foxnews.com\/static.foxnews.com\/foxnews.com\/content\/uploads\/2025\/03\/672\/378\/paris-gare-du-nord.jpg?ve=1&amp;tl=1, https:\/\/a57.foxnews.com\/static.foxnews.com\/foxnews.com\/content\/uploads\/2025\/03\/1344\/756\/paris-gare-du-nord.jpg?ve=1&amp;tl=1 2x\" height=\"378\" width=\"672\"><source media=\"(min-width: 1024px) and (max-width: 1279px)\" srcset=\"https:\/\/a57.foxnews.com\/static.foxnews.com\/foxnews.com\/content\/uploads\/2025\/03\/931\/523\/paris-gare-du-nord.jpg?ve=1&amp;tl=1, https:\/\/a57.foxnews.com\/static.foxnews.com\/foxnews.com\/content\/uploads\/2025\/03\/1862\/1046\/paris-gare-du-nord.jpg?ve=1&amp;tl=1 2x\" height=\"523\" width=\"931\"><source media=\"(min-width: 1280px)\" srcset=\"https:\/\/a57.foxnews.com\/static.foxnews.com\/foxnews.com\/content\/uploads\/2025\/03\/720\/405\/paris-gare-du-nord.jpg?ve=1&amp;tl=1, https:\/\/a57.foxnews.com\/static.foxnews.com\/foxnews.com\/content\/uploads\/2025\/03\/1440\/810\/paris-gare-du-nord.jpg?ve=1&amp;tl=1 2x\" height=\"405\" width=\"720\"><img loading=\"lazy\" decoding=\"async\" src=\"https:\/\/a57.foxnews.com\/static.foxnews.com\/foxnews.com\/content\/uploads\/2025\/03\/1200\/675\/paris-gare-du-nord.jpg?ve=1&amp;tl=1\" alt=\"Gare du Nord pasajeros varados\" width=\"1200\" height=\"675\"\/><\/source><\/source><\/source><\/source><\/picture><\/div>\n<div class=\"info\">\n<div class=\"caption\">\n<p><span>Los pasajeros esperan dentro de la sala de salida cuando el tr\u00e1fico fue interrumpido en la estaci\u00f3n de tren Gare du Nord en Par\u00eds, Francia, el viernes 7 de marzo.<\/span> <span>(Reuters\/Benoit Tessier)<\/span><\/p>\n<\/div>\n<\/div>\n<\/div>\n<p>En la bulliciosa estaci\u00f3n de Gare du Nord de Par\u00eds, los letreros rojos brillantes advierten las interrupciones de las interrupciones saludaron a los viajeros.  <\/p>\n<p>SNCF dice que la estaci\u00f3n alberga 700,000 viajeros por d\u00eda, lo que lo convierte en el centro ferroviario m\u00e1s ocupado de Europa. <\/p>\n<p>Tabarot dijo que casi 500 trenes fueron cancelados y que la interrupci\u00f3n afect\u00f3 a alrededor de 600,000 personas en la Gare du Nord.<\/p>\n<div class=\"image-ct inline\">\n<div class=\"m\"><picture><source media=\"(max-width: 767px)\" srcset=\"https:\/\/a57.foxnews.com\/static.foxnews.com\/foxnews.com\/content\/uploads\/2025\/03\/343\/192\/paris-ring-road.jpg?ve=1&amp;tl=1, https:\/\/a57.foxnews.com\/static.foxnews.com\/foxnews.com\/content\/uploads\/2025\/03\/686\/384\/paris-ring-road.jpg?ve=1&amp;tl=1 2x\" height=\"192\" width=\"343\"><source media=\"(min-width: 768px) and (max-width: 1023px)\" srcset=\"https:\/\/a57.foxnews.com\/static.foxnews.com\/foxnews.com\/content\/uploads\/2025\/03\/672\/378\/paris-ring-road.jpg?ve=1&amp;tl=1, https:\/\/a57.foxnews.com\/static.foxnews.com\/foxnews.com\/content\/uploads\/2025\/03\/1344\/756\/paris-ring-road.jpg?ve=1&amp;tl=1 2x\" height=\"378\" width=\"672\"><source media=\"(min-width: 1024px) and (max-width: 1279px)\" srcset=\"https:\/\/a57.foxnews.com\/static.foxnews.com\/foxnews.com\/content\/uploads\/2025\/03\/931\/523\/paris-ring-road.jpg?ve=1&amp;tl=1, https:\/\/a57.foxnews.com\/static.foxnews.com\/foxnews.com\/content\/uploads\/2025\/03\/1862\/1046\/paris-ring-road.jpg?ve=1&amp;tl=1 2x\" height=\"523\" width=\"931\"><source media=\"(min-width: 1280px)\" srcset=\"https:\/\/a57.foxnews.com\/static.foxnews.com\/foxnews.com\/content\/uploads\/2025\/03\/720\/405\/paris-ring-road.jpg?ve=1&amp;tl=1, https:\/\/a57.foxnews.com\/static.foxnews.com\/foxnews.com\/content\/uploads\/2025\/03\/1440\/810\/paris-ring-road.jpg?ve=1&amp;tl=1 2x\" height=\"405\" width=\"720\"><img loading=\"lazy\" decoding=\"async\" src=\"https:\/\/a57.foxnews.com\/static.foxnews.com\/foxnews.com\/content\/uploads\/2025\/03\/1200\/675\/paris-ring-road.jpg?ve=1&amp;tl=1\" alt=\"La persona camina por la carretera de anillo de Par\u00eds vac\u00edo\" width=\"1200\" height=\"675\"\/><\/source><\/source><\/source><\/source><\/picture><\/div>\n<div class=\"info\">\n<div class=\"caption\">\n<p><span>Un peat\u00f3n cruza la carretera de anillo de Par\u00eds cerrada y vac\u00eda el 7 de marzo de 2025.<\/span> <span>(Geoffroy van der Hasselt\/AFP a trav\u00e9s de Getty Images)<\/span><\/p>\n<\/div>\n<\/div>\n<\/div>\n<p>Las im\u00e1genes capturaron multitudes de viajeros varados all\u00ed y en la estaci\u00f3n de tren internacional de St. Pancras en Londres. <\/p>\n<div class=\"image-ct inline\">\n<div class=\"m\"><picture><source media=\"(max-width: 767px)\" srcset=\"https:\/\/a57.foxnews.com\/static.foxnews.com\/foxnews.com\/content\/uploads\/2025\/03\/343\/192\/paris-bomb-1.jpg?ve=1&amp;tl=1, https:\/\/a57.foxnews.com\/static.foxnews.com\/foxnews.com\/content\/uploads\/2025\/03\/686\/384\/paris-bomb-1.jpg?ve=1&amp;tl=1 2x\" height=\"192\" width=\"343\"><source media=\"(min-width: 768px) and (max-width: 1023px)\" srcset=\"https:\/\/a57.foxnews.com\/static.foxnews.com\/foxnews.com\/content\/uploads\/2025\/03\/672\/378\/paris-bomb-1.jpg?ve=1&amp;tl=1, https:\/\/a57.foxnews.com\/static.foxnews.com\/foxnews.com\/content\/uploads\/2025\/03\/1344\/756\/paris-bomb-1.jpg?ve=1&amp;tl=1 2x\" height=\"378\" width=\"672\"><source media=\"(min-width: 1024px) and (max-width: 1279px)\" srcset=\"https:\/\/a57.foxnews.com\/static.foxnews.com\/foxnews.com\/content\/uploads\/2025\/03\/931\/523\/paris-bomb-1.jpg?ve=1&amp;tl=1, https:\/\/a57.foxnews.com\/static.foxnews.com\/foxnews.com\/content\/uploads\/2025\/03\/1862\/1046\/paris-bomb-1.jpg?ve=1&amp;tl=1 2x\" height=\"523\" width=\"931\"><source media=\"(min-width: 1280px)\" srcset=\"https:\/\/a57.foxnews.com\/static.foxnews.com\/foxnews.com\/content\/uploads\/2025\/03\/720\/405\/paris-bomb-1.jpg?ve=1&amp;tl=1, https:\/\/a57.foxnews.com\/static.foxnews.com\/foxnews.com\/content\/uploads\/2025\/03\/1440\/810\/paris-bomb-1.jpg?ve=1&amp;tl=1 2x\" height=\"405\" width=\"720\"><img loading=\"lazy\" decoding=\"async\" src=\"https:\/\/a57.foxnews.com\/static.foxnews.com\/foxnews.com\/content\/uploads\/2025\/03\/1200\/675\/paris-bomb-1.jpg?ve=1&amp;tl=1\" alt=\"Sitio seguro de la polic\u00eda de Par\u00eds donde se encontr\u00f3 una bomba de la era de la Segunda Guerra Mundial\" width=\"1200\" height=\"675\"\/><\/source><\/source><\/source><\/source><\/picture><\/div>\n<div class=\"info\">\n<div class=\"caption\">\n<p><span>La polic\u00eda francesa asegura el \u00e1rea cerca de Par\u00eds, cerca del sitio, donde se descubri\u00f3 una bomba sin explotar que data de la Segunda Guerra Mundial durante la noche.<\/span> <span>(Reuters\/Benoit Tessier)<\/span><\/p>\n<\/div>\n<\/div>\n<\/div>\n<p><strong>Haga clic aqu\u00ed para obtener la aplicaci\u00f3n Fox News<\/strong><strong> <\/strong><\/p>\n<p>\u00abDebido a un objeto en las pistas cerca de Paris Gare du Nord, esperamos una interrupci\u00f3n de nuestros servicios esta ma\u00f1ana. Cambie su viaje para una fecha diferente de viaje\u00bb, escribi\u00f3 Eurostar en X. <\/p>\n<p><i>Associated Press contribuy\u00f3 a este informe. <\/i><\/p>\n<p> <!----> <\/p>\n<div class=\"article-meta\">\n<div class=\"author-bio\">\n<p>Greg Norman es reportero de Fox News Digital.<\/p>\n<\/div>\n<\/div>\n<\/div>\n\n","protected":false},"excerpt":{"rendered":"<p>Una bomba de la era de la Primera Guerra Mundial de media tonelada encontrada cerca de las v\u00edas del tren en una zona residencial llena de gente, a las afueras de Par\u00eds desat\u00f3 el caos de viajes en toda la regi\u00f3n el viernes, lo que provoc\u00f3 interrupciones en la estaci\u00f3n ferroviaria m\u00e1s concurrida de Europa &hellip;<\/p>\n","protected":false},"author":1,"featured_media":17616,"comment_status":"open","ping_status":"open","sticky":false,"template":"","format":"standard","meta":{"fifu_image_url":"https:\/\/static.foxnews.com\/foxnews.com\/content\/uploads\/2025\/03\/paris-bomb-2.jpg","fifu_image_alt":"","footnotes":""},"categories":[13],"tags":[],"class_list":["post-17614","post","type-post","status-publish","format-standard","has-post-thumbnail","","category-mundo"],"_links":{"self":[{"href":"https:\/\/noticiasveraces.com\/index.php?rest_route=\/wp\/v2\/posts\/17614","targetHints":{"allow":["GET"]}}],"collection":[{"href":"https:\/\/noticiasveraces.com\/index.php?rest_route=\/wp\/v2\/posts"}],"about":[{"href":"https:\/\/noticiasveraces.com\/index.php?rest_route=\/wp\/v2\/types\/post"}],"author":[{"embeddable":true,"href":"https:\/\/noticiasveraces.com\/index.php?rest_route=\/wp\/v2\/users\/1"}],"replies":[{"embeddable":true,"href":"https:\/\/noticiasveraces.com\/index.php?rest_route=%2Fwp%2Fv2%2Fcomments&post=17614"}],"version-history":[{"count":0,"href":"https:\/\/noticiasveraces.com\/index.php?rest_route=\/wp\/v2\/posts\/17614\/revisions"}],"wp:featuredmedia":[{"embeddable":true,"href":"https:\/\/noticiasveraces.com\/index.php?rest_route=\/wp\/v2\/media\/17616"}],"wp:attachment":[{"href":"https:\/\/noticiasveraces.com\/index.php?rest_route=%2Fwp%2Fv2%2Fmedia&parent=17614"}],"wp:term":[{"taxonomy":"category","embeddable":true,"href":"https:\/\/noticiasveraces.com\/index.php?rest_route=%2Fwp%2Fv2%2Fcategories&post=17614"},{"taxonomy":"post_tag","embeddable":true,"href":"https:\/\/noticiasveraces.com\/index.php?rest_route=%2Fwp%2Fv2%2Ftags&post=17614"}],"curies":[{"name":"wp","href":"https:\/\/api.w.org\/{rel}","templated":true}]}}