{"id":17599,"date":"2025-03-07T13:35:20","date_gmt":"2025-03-07T17:35:20","guid":{"rendered":"https:\/\/noticiasveraces.com\/?p=17599"},"modified":"2025-03-07T13:35:20","modified_gmt":"2025-03-07T17:35:20","slug":"el-mordisco-de-aymar-navarro-al-colmillo-de-hemnes-su-descenso-sonado","status":"publish","type":"post","link":"https:\/\/noticiasveraces.com\/?p=17599","title":{"rendered":"El Mordisco de Aymar Navarro Al \u00abColmillo\u00bb de Hemnes, Su Descenso So\u00f1ado"},"content":{"rendered":"<p> \n<\/p>\n<div id=\"intext\">\n<p>El freerider aran\u00e9s<b> Aymar Navarro<\/b> Llevaba A\u00f1os Pensando en Bajar una de las Agujas Pirenaicas m\u00e1s dif\u00ed y que, Hasta Ahora, Nieie Hab\u00eda Conseguido. El Tuc des Hemnes es una de las Monta\u00f1as m\u00e1s t\u00e9cnicas y expuestas de la val d&#8217;Aran, con una altitud de 2.359 metros. SE TRATA DE UNA AGUJA PIRENAICA SITUADA AL OESTE DE LA LABADA SARRAH\u00e8ra (2.499 m) y del Tuc de Sarrah\u00e8ra (2.645 m).<\/p>\n<p>El Pasado 5 de Marzo Logr\u00f3 El Primer Descenso Conocido en Esqu\u00eds del <b>Tuc des hemnes<\/b>. ESTA MONTAIZA, DE 2.359 METROS, ES UNA DE LAS M\u00c1S TECNICAS Y EXPUESTAS DE LA <b>Val d&#8217;Aran<\/b>. Durante A\u00f1os, Navarro Tuvo Este Desaf\u00edo en Mente, Pero las Condicatos Meteorol\u00f3gicas y la Complejidad del terreno Hiciero que la Oportunidad se HiCiera Esperar. SE Ten\u00eda que Dar V; DiFORES AL MISMO TIEMPO PARA SU SUEINO SE PUDIERA REALIARE, PERO SOBRE TODO DOS COSAS: Que <b>Aymar Navarro<\/b> SE Encontrara en Plena Forma y Con la Confianza Necesaria, y que la nieve que cubre esa monta\u00f1a tuviera unas cualidades \u00d3ptiMas muy concretas.<\/p>\n<p>\u00abPARA SE Pegue la Nieve Ah\u00ed Tienen que Caer Tormentas Muy Especias, Que Caiga Con Mucha Humedad y Que Luego Por la Noche Seque y Esa nieve se Quede Bien Pegada a la Roca\u00bb, Explica Aymar Navarro a Antena 3 Deportes.<\/p>\n<p>\u00abERA el el ROTO que Ten\u00eda Pendiente en mi propia Casa y Llevaba A\u00f1os Derr\u00e1s de \u00e9l.<b> Es una MontaNa Extremadamete Da\u00f1ada, Dif\u00edcil de Encontrario en Condiciones \u00f3ptimas<\/b>. Y Cuando esas Condicatos Aparecen, Hay que esta Estar Mentalme Preparado Para APROVECHARLAS \u00ab, Apunta el Esquidor Aran\u00e9s.<\/p>\n<h2 class=\"title-h2\">Preparaci\u00f3n y eJecuci\u00f3n<\/h2>\n<p>Para Asegurar la Viabilidad de la Bajada, Aymar Llev\u00f3 A Cabo una Inspecci\u00f3n Previa El D\u00eda anterior, Analizando la Nieve y El Terreno. Durante la Subida Inicial, Constat\u00f3 la Extreme Pendiente y La Presencia de Zonas Con nieve dura y Hielo, Factores Clave en la Estrategia de Descenso. La jornada definitiva comenz\u00f3 con una ascensi\u00f3n en libre, sin cuerda, en la que navarro memoriz\u00f3 Cada secci\u00f3n para optimizar su descenso.<\/p>\n<p>\u00abPodr\u00eda Haber subido Mucho M\u00c1S R\u00c1PIDO PERO TARD\u00c9 Bastante Porque Quer\u00eda Tenerlo TODO Muy Claro Porque Ah\u00ed es Cuando Vas absorbiendo informaci\u00f3n de lo que vas a unred luego en la bajada\u00bb, detalla el legendario esquiador.<\/p>\n<p>Desde la Cumbre, El Reto Comenz\u00f3 con un \u00abdestrepe\u00bb (Descender Vali\u00e9ndosa de Pies y manos) Asistido inicial por una Peque\u00f1a Cuerda, Seguido por una Bajada Dividida Mentalme Ensectores cryticos. Con una inclinaci\u00f3n de 70 Grados y un desnivel de 350 metros, la precisi\u00f3n y el control fuelon esenciales.<\/p>\n<p>\u00ab<b>La exposici\u00f3na es brutal, est\u00e1s arrriba y ves lo que hay Abajo<\/b>sabes que si c\u00e9s las c\u00e9spedes d\u00f3nde vas casi &#8230; mantener esa calma en la cabeza es una lucha dif\u00edcil de gestionarar \u00ab, Reconoce Aymar Navarro.<\/p>\n<p>\u00abLas Piernas Arden de la Tensi\u00f3n, Pero la Cabeza Tiene que se guuir fr\u00eda. <b>No se trata de Hacer Giros Bonitos o R\u00e1pidos, es una cuestio de supervivencia<\/b>\u00ab, Admite El Esquiador Aran\u00e9s.<\/p>\n<h2 class=\"title-h2\">Un Hito para la Historia<\/h2>\n<p>Tras Superar Cadada Tramo Clave, Aymar Navarro Lleg\u00f3 a la Base de la Monta\u00f1a, Donde la Emoci\u00f3n Fue Desbordante. \u00abRe\u00eda, Lloraba, Gritaba &#8230; yo tumb\u00e9 15 minutos simplemento observ\u00e1ndola\u00bb, Relata Navarro.<\/p>\n<p>Este logro fue Gracias posibles a la Colaboraci\u00f3n de su Amigo y Compa\u00f1ero C\u00e1mara Jaime Varela, Quien desde la base Monitore\u00f3 la Seguridad y Registr\u00f3 la Haza\u00f1a Con Un Dron. Con Esta Gesta, Navarro Cierra un Cap\u00edtulo Crucial de Su Carrera, Consolid\u00e1nDosa como Uno de los referentes del Esqu\u00ed de Monta\u00f1a en la val d&#8217;Aran.<\/p>\n<p>Ahora, El freerider Ya Tiene la Vista puesta en su pr\u00f3pico Gran Desaf\u00edo: una expedici\u00f3nica a Tierras lejanas donde continuar\u00e1 explorando los l\u00cdmites del esqu\u00ed de alta monta\u00f1a.<\/p>\n<p><i>S\u00edguenos en nuestro canal de whatsapp y no te Pierdas la \u00daLtima Hora y Toda la actualidad de antena3noticias.com<\/i><\/p>\n<div class=\"recirculation-video\" data-mod=\"a3mod_recirculation_video\">\n<div class=\"recirculation-video-wrapper\">\n<div>\n<div class=\"video-wrapper\">\n  <picture class=\"video-main-picture\"><source media=\"(min-width: 481px)\" srcset=\"https:\/\/fotografias.antena3.com\/clipping\/cmsimages01\/2025\/03\/07\/D47C1010-5166-412F-9182-D613EC5D1C56\/podio-red-bull-valparaiso-cerro-abajo-2025_94.jpg?crop=1920,1080,x0,y0&amp;width=800&amp;height=450&amp;optimize=medium&amp;format=webply\" width=\"800\" height=\"450\"><source media=\"(min-width: 391px) and (max-width: 480px)\" srcset=\"https:\/\/fotografias.antena3.com\/clipping\/cmsimages01\/2025\/03\/07\/D47C1010-5166-412F-9182-D613EC5D1C56\/podio-red-bull-valparaiso-cerro-abajo-2025_70.jpg?crop=1920,1080,x0,y0&amp;width=480&amp;height=270&amp;optimize=high&amp;format=webply\" width=\"480\" height=\"270\"><source media=\"(min-width: 321px) and (max-width: 390px)\" srcset=\"https:\/\/fotografias.antena3.com\/clipping\/cmsimages01\/2025\/03\/07\/D47C1010-5166-412F-9182-D613EC5D1C56\/podio-red-bull-valparaiso-cerro-abajo-2025_92.jpg?crop=1920,1078,x0,y1&amp;width=390&amp;height=219&amp;optimize=high&amp;format=webply\" width=\"390\" height=\"219\"><source media=\"(max-width: 320px)\" srcset=\"https:\/\/fotografias.antena3.com\/clipping\/cmsimages01\/2025\/03\/07\/D47C1010-5166-412F-9182-D613EC5D1C56\/podio-red-bull-valparaiso-cerro-abajo-2025_52.jpg?crop=1920,1080,x0,y0&amp;width=320&amp;height=180&amp;optimize=high&amp;format=webply\" width=\"320\" height=\"180\"><img decoding=\"async\" title=\"El Podio del Red Bull Valpara\u00edso Cerro Abajo 2025\" alt=\"El Podio del Red Bull Valpara\u00edso Cerro Abajo 2025\" width=\"480\" height=\"270\" src=\"https:\/\/fotografias.antena3.com\/clipping\/cmsimages01\/2025\/03\/07\/D47C1010-5166-412F-9182-D613EC5D1C56\/podio-red-bull-valparaiso-cerro-abajo-2025_70.jpg?crop=1920,1080,x0,y0&amp;width=480&amp;height=270&amp;optimize=high&amp;format=webply\" loading=\"lazy\" class=\"lazy\"\/><br \/>\n  <\/source><\/source><\/source><\/source><\/picture>\n <\/div>\n<\/div><\/div>\n<\/p><\/div>\n<\/div>\n\n","protected":false},"excerpt":{"rendered":"<p>El freerider aran\u00e9s Aymar Navarro Llevaba A\u00f1os Pensando en Bajar una de las Agujas Pirenaicas m\u00e1s dif\u00ed y que, Hasta Ahora, Nieie Hab\u00eda Conseguido. El Tuc des Hemnes es una de las Monta\u00f1as m\u00e1s t\u00e9cnicas y expuestas de la val d&#8217;Aran, con una altitud de 2.359 metros. SE TRATA DE UNA AGUJA PIRENAICA SITUADA AL &hellip;<\/p>\n","protected":false},"author":1,"featured_media":17601,"comment_status":"open","ping_status":"open","sticky":false,"template":"","format":"standard","meta":{"fifu_image_url":"https:\/\/fotografias.antena3.com\/clipping\/cmsimages01\/2025\/03\/07\/10ECE9CA-4552-442F-AB68-4E3C97D75D2C\/aymar-navarro-tuc-des-hemnes-valle-aran_69.jpg?crop=3191,1795,x38,y0&width=1280&height=720&optimize=low&format=jpg","fifu_image_alt":"","footnotes":""},"categories":[6],"tags":[],"class_list":["post-17599","post","type-post","status-publish","format-standard","has-post-thumbnail","","category-deportes"],"_links":{"self":[{"href":"https:\/\/noticiasveraces.com\/index.php?rest_route=\/wp\/v2\/posts\/17599","targetHints":{"allow":["GET"]}}],"collection":[{"href":"https:\/\/noticiasveraces.com\/index.php?rest_route=\/wp\/v2\/posts"}],"about":[{"href":"https:\/\/noticiasveraces.com\/index.php?rest_route=\/wp\/v2\/types\/post"}],"author":[{"embeddable":true,"href":"https:\/\/noticiasveraces.com\/index.php?rest_route=\/wp\/v2\/users\/1"}],"replies":[{"embeddable":true,"href":"https:\/\/noticiasveraces.com\/index.php?rest_route=%2Fwp%2Fv2%2Fcomments&post=17599"}],"version-history":[{"count":0,"href":"https:\/\/noticiasveraces.com\/index.php?rest_route=\/wp\/v2\/posts\/17599\/revisions"}],"wp:featuredmedia":[{"embeddable":true,"href":"https:\/\/noticiasveraces.com\/index.php?rest_route=\/wp\/v2\/media\/17601"}],"wp:attachment":[{"href":"https:\/\/noticiasveraces.com\/index.php?rest_route=%2Fwp%2Fv2%2Fmedia&parent=17599"}],"wp:term":[{"taxonomy":"category","embeddable":true,"href":"https:\/\/noticiasveraces.com\/index.php?rest_route=%2Fwp%2Fv2%2Fcategories&post=17599"},{"taxonomy":"post_tag","embeddable":true,"href":"https:\/\/noticiasveraces.com\/index.php?rest_route=%2Fwp%2Fv2%2Ftags&post=17599"}],"curies":[{"name":"wp","href":"https:\/\/api.w.org\/{rel}","templated":true}]}}