{"id":17589,"date":"2025-03-07T12:19:27","date_gmt":"2025-03-07T16:19:27","guid":{"rendered":"https:\/\/noticiasveraces.com\/?p=17589"},"modified":"2025-03-07T12:19:27","modified_gmt":"2025-03-07T16:19:27","slug":"el-papa-francisco-no-leera-las-oraciones-del-domingo-dice-el-vaticano","status":"publish","type":"post","link":"https:\/\/noticiasveraces.com\/?p=17589","title":{"rendered":"El Papa Francisco no leer\u00e1 las oraciones del domingo, dice el Vaticano"},"content":{"rendered":"<p> \n<\/p>\n<div>\n<p class=\"speakable\">El Papa Francisco todav\u00eda est\u00e1 recibiendo asistencia respiratoria utilizando diferentes tipos de ventilaci\u00f3n, dijeron el viernes fuentes del Vaticano. Mientras que el Papa \u00abno corre por los pasillos\u00bb de Gemelli de Roma, aparentemente es capaz de moverse. Adem\u00e1s, las fuentes del Vaticano dicen que el Papa est\u00e1 comiendo alimentos s\u00f3lidos y no necesita \u00abalimentaci\u00f3n asistida\u00bb.<\/p>\n<p class=\"speakable\">Ayer, el Papa registr\u00f3 un mensaje agradeciendo a aquellos que hab\u00edan estado rezando por su recuperaci\u00f3n. La grabaci\u00f3n fue \u00abclaramente un esfuerzo para \u00e9l\u00bb, dijeron fuentes del Vaticano, se\u00f1alando que el ruido de la m\u00e1quina de ox\u00edgeno del Papa se pod\u00eda escuchar en el audio.<\/p>\n<p>\u00abPod\u00edamos escuchar ayer que estaba recibiendo ox\u00edgeno a trav\u00e9s de la nariz durante el audio, claramente no leer\u00e1 a Angelus\u00bb, dijeron fuentes del Vaticano a Fox News.<\/p>\n<div class=\"image-ct inline\">\n<div class=\"m\"><picture><source media=\"(max-width: 767px)\" srcset=\"https:\/\/a57.foxnews.com\/static.foxnews.com\/foxnews.com\/content\/uploads\/2025\/02\/343\/192\/pope-francis-health-update_002-.jpg?ve=1&amp;tl=1, https:\/\/a57.foxnews.com\/static.foxnews.com\/foxnews.com\/content\/uploads\/2025\/02\/686\/384\/pope-francis-health-update_002-.jpg?ve=1&amp;tl=1 2x\" height=\"192\" width=\"343\"><source media=\"(min-width: 768px) and (max-width: 1023px)\" srcset=\"https:\/\/a57.foxnews.com\/static.foxnews.com\/foxnews.com\/content\/uploads\/2025\/02\/672\/378\/pope-francis-health-update_002-.jpg?ve=1&amp;tl=1, https:\/\/a57.foxnews.com\/static.foxnews.com\/foxnews.com\/content\/uploads\/2025\/02\/1344\/756\/pope-francis-health-update_002-.jpg?ve=1&amp;tl=1 2x\" height=\"378\" width=\"672\"><source media=\"(min-width: 1024px) and (max-width: 1279px)\" srcset=\"https:\/\/a57.foxnews.com\/static.foxnews.com\/foxnews.com\/content\/uploads\/2025\/02\/931\/523\/pope-francis-health-update_002-.jpg?ve=1&amp;tl=1, https:\/\/a57.foxnews.com\/static.foxnews.com\/foxnews.com\/content\/uploads\/2025\/02\/1862\/1046\/pope-francis-health-update_002-.jpg?ve=1&amp;tl=1 2x\" height=\"523\" width=\"931\"><source media=\"(min-width: 1280px)\" srcset=\"https:\/\/a57.foxnews.com\/static.foxnews.com\/foxnews.com\/content\/uploads\/2025\/02\/720\/405\/pope-francis-health-update_002-.jpg?ve=1&amp;tl=1, https:\/\/a57.foxnews.com\/static.foxnews.com\/foxnews.com\/content\/uploads\/2025\/02\/1440\/810\/pope-francis-health-update_002-.jpg?ve=1&amp;tl=1 2x\" height=\"405\" width=\"720\"><img loading=\"lazy\" decoding=\"async\" src=\"https:\/\/a57.foxnews.com\/static.foxnews.com\/foxnews.com\/content\/uploads\/2025\/02\/1200\/675\/pope-francis-health-update_002-.jpg?ve=1&amp;tl=1\" alt=\"Una foto del Papa Francisco en mejor salud\" width=\"1200\" height=\"675\"\/><\/source><\/source><\/source><\/source><\/picture><\/div>\n<div class=\"info\">\n<div class=\"caption\">\n<p><span>El Papa Francisco saluda a los creyentes cuando deja el Cercle cita despu\u00e9s de una reuni\u00f3n con el primer ministro de Luxemburgo durante un viaje apost\u00f3lico de cuatro d\u00edas en Luxemburgo y B\u00e9lgica en la ciudad de Luxemburgo el 26 de septiembre de 2024. <\/span> <span>(Simon Wohlfahrt\/AFP\/Getty)<\/span><\/p>\n<\/div>\n<\/div>\n<\/div>\n<p><strong>El Papa Francisco comparte el primer mensaje de audio desde la hospitalizaci\u00f3n: &#8216;Que Dios te bendiga&#8217;<\/strong><\/p>\n<p>Cuando el Papa ingresa a su cuarta semana en el Hospital Gemelli, su camino hacia la recuperaci\u00f3n sigue sin estar claro. Los m\u00e9dicos de Pontiff de 88 a\u00f1os parecen estar esperando m\u00e1s estabilidad en su condici\u00f3n antes de darle al p\u00fablico otra actualizaci\u00f3n. <\/p>\n<p>El Dr. Claudio Santini, jefe de medicina interna en el Hospital Grassi, le dijo a Corriere della Sera que la falta de boletines del Vaticano que se\u00f1ala que la condici\u00f3n del Papa ha mejorado \u00abno es una se\u00f1al positiva\u00bb.<\/p>\n<p>\u00abTengamos en cuenta que el Papa probablemente sufre de una enfermedad respiratoria cr\u00f3nica que recientemente lo ha hecho parcialmente discapacitado. Ahora tambi\u00e9n se ha agregado neumon\u00eda doble\u00bb, dijo el Dr. Santini.<\/p>\n<div class=\"image-ct inline\">\n<div class=\"m\"><picture><source media=\"(max-width: 767px)\" srcset=\"https:\/\/a57.foxnews.com\/static.foxnews.com\/foxnews.com\/content\/uploads\/2025\/02\/343\/192\/pope-hospital.jpg?ve=1&amp;tl=1, https:\/\/a57.foxnews.com\/static.foxnews.com\/foxnews.com\/content\/uploads\/2025\/02\/686\/384\/pope-hospital.jpg?ve=1&amp;tl=1 2x\" height=\"192\" width=\"343\"><source media=\"(min-width: 768px) and (max-width: 1023px)\" srcset=\"https:\/\/a57.foxnews.com\/static.foxnews.com\/foxnews.com\/content\/uploads\/2025\/02\/672\/378\/pope-hospital.jpg?ve=1&amp;tl=1, https:\/\/a57.foxnews.com\/static.foxnews.com\/foxnews.com\/content\/uploads\/2025\/02\/1344\/756\/pope-hospital.jpg?ve=1&amp;tl=1 2x\" height=\"378\" width=\"672\"><source media=\"(min-width: 1024px) and (max-width: 1279px)\" srcset=\"https:\/\/a57.foxnews.com\/static.foxnews.com\/foxnews.com\/content\/uploads\/2025\/02\/931\/523\/pope-hospital.jpg?ve=1&amp;tl=1, https:\/\/a57.foxnews.com\/static.foxnews.com\/foxnews.com\/content\/uploads\/2025\/02\/1862\/1046\/pope-hospital.jpg?ve=1&amp;tl=1 2x\" height=\"523\" width=\"931\"><source media=\"(min-width: 1280px)\" srcset=\"https:\/\/a57.foxnews.com\/static.foxnews.com\/foxnews.com\/content\/uploads\/2025\/02\/720\/405\/pope-hospital.jpg?ve=1&amp;tl=1, https:\/\/a57.foxnews.com\/static.foxnews.com\/foxnews.com\/content\/uploads\/2025\/02\/1440\/810\/pope-hospital.jpg?ve=1&amp;tl=1 2x\" height=\"405\" width=\"720\"><img loading=\"lazy\" decoding=\"async\" src=\"https:\/\/a57.foxnews.com\/static.foxnews.com\/foxnews.com\/content\/uploads\/2025\/02\/1200\/675\/pope-hospital.jpg?ve=1&amp;tl=1\" alt=\"La persona reza fuera del hospital donde el Papa Francisco est\u00e1 siendo tratado\" width=\"1200\" height=\"675\"\/><\/source><\/source><\/source><\/source><\/picture><\/div>\n<div class=\"info\">\n<div class=\"caption\">\n<p><span>Una mujer coloca un rosario en la estatua del difunto Papa Juan Pablo II fuera del Hospital Gemelli, donde el Papa Francisco es ingresado para recibir tratamiento, en Roma, Italia, el 22 de febrero de 2025. <\/span> <span>(Reuters\/Vincenzo Livieri)<\/span><\/p>\n<\/div>\n<\/div>\n<\/div>\n<p><strong>Condici\u00f3n m\u00e9dica del Papa Francisco: qu\u00e9 saber sobre la neumon\u00eda bilateral<\/strong><\/p>\n<p>El Papa ha tenido una larga historia de problemas respiratorios. Cuando ten\u00eda solo 21 a\u00f1os, el Papa Francisco le quit\u00f3 parte de su pulm\u00f3n despu\u00e9s de desarrollar pleurisy, que es una inflamaci\u00f3n de las membranas que amortiguan los pulmones. Ahora, seg\u00fan fuentes del Vaticano, contin\u00faa la terapia para la neumon\u00eda bilateral.<\/p>\n<p>Mientras que la oxigenerapia ha estado ayudando al Papa Francisco hasta ahora, el Dr. Santini advierte que el pont\u00edfice no puede confiar en \u00e9l. El m\u00e9dico advierte que las terapias como las que el Papa ha recibido son \u00abnecesarias\u00bb, pero someten al paciente a \u00abestr\u00e9s considerable\u00bb y eventualmente pueden afectar otros sistemas vitales.<\/p>\n<p>Los cat\u00f3licos de todo el mundo han estado rezando por el Papa Francisco, quien no pudo liderar la misa del Mi\u00e9rcoles de Ceniza a principios de esta semana debido a sus luchas de salud. En cambio, el cardenal Angelo de Donatis ley\u00f3 en voz alta la homil\u00eda del Papa en la Bas\u00edlica de Santa Sabrina de Roma.<\/p>\n<div class=\"image-ct inline\">\n<div class=\"m\"><picture><source media=\"(max-width: 767px)\" srcset=\"https:\/\/a57.foxnews.com\/static.foxnews.com\/foxnews.com\/content\/uploads\/2025\/03\/343\/192\/cardinal-speaks.jpg?ve=1&amp;tl=1, https:\/\/a57.foxnews.com\/static.foxnews.com\/foxnews.com\/content\/uploads\/2025\/03\/686\/384\/cardinal-speaks.jpg?ve=1&amp;tl=1 2x\" height=\"192\" width=\"343\"><source media=\"(min-width: 768px) and (max-width: 1023px)\" srcset=\"https:\/\/a57.foxnews.com\/static.foxnews.com\/foxnews.com\/content\/uploads\/2025\/03\/672\/378\/cardinal-speaks.jpg?ve=1&amp;tl=1, https:\/\/a57.foxnews.com\/static.foxnews.com\/foxnews.com\/content\/uploads\/2025\/03\/1344\/756\/cardinal-speaks.jpg?ve=1&amp;tl=1 2x\" height=\"378\" width=\"672\"><source media=\"(min-width: 1024px) and (max-width: 1279px)\" srcset=\"https:\/\/a57.foxnews.com\/static.foxnews.com\/foxnews.com\/content\/uploads\/2025\/03\/931\/523\/cardinal-speaks.jpg?ve=1&amp;tl=1, https:\/\/a57.foxnews.com\/static.foxnews.com\/foxnews.com\/content\/uploads\/2025\/03\/1862\/1046\/cardinal-speaks.jpg?ve=1&amp;tl=1 2x\" height=\"523\" width=\"931\"><source media=\"(min-width: 1280px)\" srcset=\"https:\/\/a57.foxnews.com\/static.foxnews.com\/foxnews.com\/content\/uploads\/2025\/03\/720\/405\/cardinal-speaks.jpg?ve=1&amp;tl=1, https:\/\/a57.foxnews.com\/static.foxnews.com\/foxnews.com\/content\/uploads\/2025\/03\/1440\/810\/cardinal-speaks.jpg?ve=1&amp;tl=1 2x\" height=\"405\" width=\"720\"><img loading=\"lazy\" decoding=\"async\" src=\"https:\/\/a57.foxnews.com\/static.foxnews.com\/foxnews.com\/content\/uploads\/2025\/03\/1200\/675\/cardinal-speaks.jpg?ve=1&amp;tl=1\" alt=\"Cardenal Angelo de Donatis\" width=\"1200\" height=\"675\"\/><\/source><\/source><\/source><\/source><\/picture><\/div>\n<div class=\"info\">\n<div class=\"caption\">\n<p><span>El cardenal Angelo de Donatis habla durante la misa del Mi\u00e9rcoles de Ceniza, mientras el Papa Francisco contin\u00faa su hospitalizaci\u00f3n, en la Bas\u00edlica de Santa Sabina en Roma, Italia, el 5 de marzo de 2025. <\/span> <span>(Reuters\/Guglielmo Mangiapane)<\/span><\/p>\n<\/div>\n<\/div>\n<\/div>\n<p><strong><u>Haga clic aqu\u00ed para obtener la aplicaci\u00f3n Fox News<\/u><\/strong><\/p>\n<p>En su homil\u00eda, el Papa habl\u00f3 de la importancia de las cenizas y el acto de recibirlas.<\/p>\n<p>\u00abNos inclinamos la cabeza para recibir las cenizas como para mirarnos a nosotros mismos y mirar dentro de nosotros mismos. De hecho, las cenizas ayudan a recordarnos que nuestras vidas son fr\u00e1giles e insignificantes: somos polvo, desde el polvo que fuimos creados, y al polvo regresaremos,\u00bb la homil\u00eda lectura, seg\u00fan el Vaticano.<\/p>\n<p>El Papa tambi\u00e9n pidi\u00f3 un \u00abregreso a Dios con todos nuestros corazones\u00bb en su homil\u00eda, instando a los cat\u00f3licos a \u00abcolocarlo en el centro de nuestras vidas\u00bb.<\/p>\n<p><i>Courtney Walsh de Fox News contribuy\u00f3 a este informe.<\/i><\/p>\n<p> <!----> <\/p>\n<div class=\"article-meta\">\n<div class=\"author-bio\">\n<p>Rachel Wolf es una escritora de noticias de Fox News Digital y Fox Business.<\/p>\n<\/div>\n<\/div>\n<\/div>\n\n","protected":false},"excerpt":{"rendered":"<p>El Papa Francisco todav\u00eda est\u00e1 recibiendo asistencia respiratoria utilizando diferentes tipos de ventilaci\u00f3n, dijeron el viernes fuentes del Vaticano. Mientras que el Papa \u00abno corre por los pasillos\u00bb de Gemelli de Roma, aparentemente es capaz de moverse. Adem\u00e1s, las fuentes del Vaticano dicen que el Papa est\u00e1 comiendo alimentos s\u00f3lidos y no necesita \u00abalimentaci\u00f3n asistida\u00bb. &hellip;<\/p>\n","protected":false},"author":1,"featured_media":17591,"comment_status":"open","ping_status":"open","sticky":false,"template":"","format":"standard","meta":{"fifu_image_url":"https:\/\/static.foxnews.com\/foxnews.com\/content\/uploads\/2025\/02\/pope-francis-health-update_002-.jpg","fifu_image_alt":"","footnotes":""},"categories":[13],"tags":[],"class_list":["post-17589","post","type-post","status-publish","format-standard","has-post-thumbnail","","category-mundo"],"_links":{"self":[{"href":"https:\/\/noticiasveraces.com\/index.php?rest_route=\/wp\/v2\/posts\/17589","targetHints":{"allow":["GET"]}}],"collection":[{"href":"https:\/\/noticiasveraces.com\/index.php?rest_route=\/wp\/v2\/posts"}],"about":[{"href":"https:\/\/noticiasveraces.com\/index.php?rest_route=\/wp\/v2\/types\/post"}],"author":[{"embeddable":true,"href":"https:\/\/noticiasveraces.com\/index.php?rest_route=\/wp\/v2\/users\/1"}],"replies":[{"embeddable":true,"href":"https:\/\/noticiasveraces.com\/index.php?rest_route=%2Fwp%2Fv2%2Fcomments&post=17589"}],"version-history":[{"count":0,"href":"https:\/\/noticiasveraces.com\/index.php?rest_route=\/wp\/v2\/posts\/17589\/revisions"}],"wp:featuredmedia":[{"embeddable":true,"href":"https:\/\/noticiasveraces.com\/index.php?rest_route=\/wp\/v2\/media\/17591"}],"wp:attachment":[{"href":"https:\/\/noticiasveraces.com\/index.php?rest_route=%2Fwp%2Fv2%2Fmedia&parent=17589"}],"wp:term":[{"taxonomy":"category","embeddable":true,"href":"https:\/\/noticiasveraces.com\/index.php?rest_route=%2Fwp%2Fv2%2Fcategories&post=17589"},{"taxonomy":"post_tag","embeddable":true,"href":"https:\/\/noticiasveraces.com\/index.php?rest_route=%2Fwp%2Fv2%2Ftags&post=17589"}],"curies":[{"name":"wp","href":"https:\/\/api.w.org\/{rel}","templated":true}]}}