{"id":17578,"date":"2025-03-07T11:16:16","date_gmt":"2025-03-07T15:16:16","guid":{"rendered":"https:\/\/noticiasveraces.com\/?p=17578"},"modified":"2025-03-07T11:16:16","modified_gmt":"2025-03-07T15:16:16","slug":"los-rehenes-de-hamas-liberados-le-dicen-a-trump-que-les-dio-esperanza-enviado-por-dios","status":"publish","type":"post","link":"https:\/\/noticiasveraces.com\/?p=17578","title":{"rendered":"Los rehenes de Hamas liberados le dicen a Trump que les dio esperanza: &#8216;enviado por Dios&#8217;"},"content":{"rendered":"<p> \n<\/p>\n<div>\n<p class=\"speakable\">Los rehenes liberados de Gaza visitaron al presidente Donald Trump en la Oficina Oval para decirle que su reelecci\u00f3n a la Casa Blanca les dio esperanza despu\u00e9s de cientos de d\u00edas en el cautiverio de Hamas. <\/p>\n<p class=\"speakable\">En un evento de la prensa del jueves, el enviado especial de los Estados Unidos al Medio Oriente Steve Witkoff dijo a los periodistas que siete personas liberaron de Gaza, junto con algunos de sus seres queridos, se reunieron con el presidente esta semana para compartir sus horribles historias de secuestro, abuso severo y tiempo en cautiverio.<\/p>\n<p>Un reh\u00e9n israel\u00ed, Omer Shem Tov, quien fue liberado el 22 de febrero, le dijo al presidente que cre\u00eda que Trump hab\u00eda \u00absido enviado por Dios\u00bb para asegurar su liberaci\u00f3n.<\/p>\n<p><strong>El tratamiento de Hamas de los rehenes &#8216;intolerables&#8217;, dice Trump Envoy<\/strong><\/p>\n<div class=\"image-ct inline\">\n<div class=\"m\"><picture><source media=\"(max-width: 767px)\" srcset=\"https:\/\/a57.foxnews.com\/static.foxnews.com\/foxnews.com\/content\/uploads\/2025\/03\/343\/192\/photo-2025-03-05-18-04-21.jpg?ve=1&amp;tl=1, https:\/\/a57.foxnews.com\/static.foxnews.com\/foxnews.com\/content\/uploads\/2025\/03\/686\/384\/photo-2025-03-05-18-04-21.jpg?ve=1&amp;tl=1 2x\" height=\"192\" width=\"343\"><source media=\"(min-width: 768px) and (max-width: 1023px)\" srcset=\"https:\/\/a57.foxnews.com\/static.foxnews.com\/foxnews.com\/content\/uploads\/2025\/03\/672\/378\/photo-2025-03-05-18-04-21.jpg?ve=1&amp;tl=1, https:\/\/a57.foxnews.com\/static.foxnews.com\/foxnews.com\/content\/uploads\/2025\/03\/1344\/756\/photo-2025-03-05-18-04-21.jpg?ve=1&amp;tl=1 2x\" height=\"378\" width=\"672\"><source media=\"(min-width: 1024px) and (max-width: 1279px)\" srcset=\"https:\/\/a57.foxnews.com\/static.foxnews.com\/foxnews.com\/content\/uploads\/2025\/03\/931\/523\/photo-2025-03-05-18-04-21.jpg?ve=1&amp;tl=1, https:\/\/a57.foxnews.com\/static.foxnews.com\/foxnews.com\/content\/uploads\/2025\/03\/1862\/1046\/photo-2025-03-05-18-04-21.jpg?ve=1&amp;tl=1 2x\" height=\"523\" width=\"931\"><source media=\"(min-width: 1280px)\" srcset=\"https:\/\/a57.foxnews.com\/static.foxnews.com\/foxnews.com\/content\/uploads\/2025\/03\/720\/405\/photo-2025-03-05-18-04-21.jpg?ve=1&amp;tl=1, https:\/\/a57.foxnews.com\/static.foxnews.com\/foxnews.com\/content\/uploads\/2025\/03\/1440\/810\/photo-2025-03-05-18-04-21.jpg?ve=1&amp;tl=1 2x\" height=\"405\" width=\"720\"><img loading=\"lazy\" decoding=\"async\" src=\"https:\/\/a57.foxnews.com\/static.foxnews.com\/foxnews.com\/content\/uploads\/2025\/03\/1200\/675\/photo-2025-03-05-18-04-21.jpg?ve=1&amp;tl=1\" alt=\"Trump se re\u00fane con los rehenes de Hamas liberados\" width=\"1200\" height=\"675\"\/><\/source><\/source><\/source><\/source><\/picture><\/div>\n<div class=\"info\">\n<div class=\"caption\">\n<p><span>El presidente Donald Trump se reuni\u00f3 con siete rehenes liberados del cautiverio de Hamas.<\/span> <span>(Foto proporcionada por el foro de familias de rehenes)<\/span><\/p>\n<\/div>\n<\/div>\n<\/div>\n<p>\u00abHablaron sobre c\u00f3mo se enteraron de su elecci\u00f3n, y fueron elevados\u00bb, dijo Witkoff sobre la reuni\u00f3n. \u00abEstaban euf\u00f3ricos esper\u00e1ndolo porque sab\u00edan que iba a ayudarlos a ser rescatados\u00bb.<\/p>\n<p>Witkoff, quien describi\u00f3 el evento como \u00abemocional\u00bb, tambi\u00e9n reiter\u00f3 el compromiso de la administraci\u00f3n Trump de asegurar la liberaci\u00f3n de m\u00e1s rehenes.<\/p>\n<p>Los informes de esta semana revelaron que la administraci\u00f3n Trump ha comenzado a negociar directamente con Hamas, una revelaci\u00f3n que aparentemente frustraba al primer ministro israel\u00ed Benjamin Netanyahu.<\/p>\n<p>Los detalles de las negociaciones siguen sin estar claros, aunque los informes sugirieron que el equipo de Trump hab\u00eda propuesto un alto el fuego de 60 d\u00edas y la liberaci\u00f3n de 10 rehenes adicionales, aunque qui\u00e9n se incluir\u00eda en el pr\u00f3ximo lanzamiento, no est\u00e1 claro, ya que a\u00fan hay 25 rehenes que a\u00fan se eval\u00faan para estar vivos, incluido un estadounidense.<\/p>\n<p>\u00abEdan Alexander es muy importante para nosotros, ya que todos los rehenes son, pero Edan Alexander es estadounidense, y est\u00e1 herido. Y as\u00ed, es una prioridad para nosotros\u00bb, dijo Witkoff a los periodistas.<\/p>\n<p><strong>Despu\u00e9s de la amenaza de Trump, Hamas se niega a liberar a m\u00e1s rehenes sin el acuerdo de alto el fuego de la Fase 2<\/strong><\/p>\n<div class=\"image-ct inline\">\n<div class=\"m\"><picture><source media=\"(max-width: 767px)\" srcset=\"https:\/\/a57.foxnews.com\/static.foxnews.com\/foxnews.com\/content\/uploads\/2025\/03\/343\/192\/witkoff-hamas.jpg?ve=1&amp;tl=1, https:\/\/a57.foxnews.com\/static.foxnews.com\/foxnews.com\/content\/uploads\/2025\/03\/686\/384\/witkoff-hamas.jpg?ve=1&amp;tl=1 2x\" height=\"192\" width=\"343\"><source media=\"(min-width: 768px) and (max-width: 1023px)\" srcset=\"https:\/\/a57.foxnews.com\/static.foxnews.com\/foxnews.com\/content\/uploads\/2025\/03\/672\/378\/witkoff-hamas.jpg?ve=1&amp;tl=1, https:\/\/a57.foxnews.com\/static.foxnews.com\/foxnews.com\/content\/uploads\/2025\/03\/1344\/756\/witkoff-hamas.jpg?ve=1&amp;tl=1 2x\" height=\"378\" width=\"672\"><source media=\"(min-width: 1024px) and (max-width: 1279px)\" srcset=\"https:\/\/a57.foxnews.com\/static.foxnews.com\/foxnews.com\/content\/uploads\/2025\/03\/931\/523\/witkoff-hamas.jpg?ve=1&amp;tl=1, https:\/\/a57.foxnews.com\/static.foxnews.com\/foxnews.com\/content\/uploads\/2025\/03\/1862\/1046\/witkoff-hamas.jpg?ve=1&amp;tl=1 2x\" height=\"523\" width=\"931\"><source media=\"(min-width: 1280px)\" srcset=\"https:\/\/a57.foxnews.com\/static.foxnews.com\/foxnews.com\/content\/uploads\/2025\/03\/720\/405\/witkoff-hamas.jpg?ve=1&amp;tl=1, https:\/\/a57.foxnews.com\/static.foxnews.com\/foxnews.com\/content\/uploads\/2025\/03\/1440\/810\/witkoff-hamas.jpg?ve=1&amp;tl=1 2x\" height=\"405\" width=\"720\"><img loading=\"lazy\" decoding=\"async\" src=\"https:\/\/a57.foxnews.com\/static.foxnews.com\/foxnews.com\/content\/uploads\/2025\/03\/1200\/675\/witkoff-hamas.jpg?ve=1&amp;tl=1\" alt=\"Steve Witkoff habla\" width=\"1200\" height=\"675\"\/><\/source><\/source><\/source><\/source><\/picture><\/div>\n<div class=\"info\">\n<div class=\"caption\">\n<p><span>Steve Witkoff, enviado especial de la Casa Blanca para el Medio Oriente, acompa\u00f1ado por la secretaria de prensa de la Casa Blanca, Karoline Leavitt, habla con periodistas en la Casa Blanca en Washington, DC, el jueves 6 de marzo.<\/span> <span>(AP\/Ben Curtis)<\/span><\/p>\n<\/div>\n<\/div>\n<\/div>\n<p>Witkoff confirm\u00f3 que Adam Boehler, enviado especial a cargo de los rehenes, hab\u00eda estado involucrado en las recientes negociaciones que intentaban asegurar la segunda fase del acuerdo de alto el fuego que se supone que ver\u00e1 la liberaci\u00f3n de los rehenes restantes. <\/p>\n<p>\u00abCreemos que Hamas no ha sido directo con nosotros. Y es hora de que sean directamente con nosotros\u00bb, dijo Witkoff.  \u00abEdan Alexander ser\u00eda un espect\u00e1culo muy importante\u00bb.<\/p>\n<p>Trump emiti\u00f3 otra advertencia en las redes sociales esta semana, dici\u00e9ndole a Hamas que libere a todos los rehenes de inmediato. Aunque Hamas ha respondido hasta ahora diciendo que solo comenzar\u00e1n la liberaci\u00f3n de m\u00e1s rehenes si se acuerda una segunda fase en el alto el fuego.  <\/p>\n<div class=\"image-ct inline\">\n<div class=\"m\"><picture><source media=\"(max-width: 767px)\" srcset=\"https:\/\/a57.foxnews.com\/static.foxnews.com\/foxnews.com\/content\/uploads\/2023\/12\/343\/192\/edan-alexander.jpg?ve=1&amp;tl=1, https:\/\/a57.foxnews.com\/static.foxnews.com\/foxnews.com\/content\/uploads\/2023\/12\/686\/384\/edan-alexander.jpg?ve=1&amp;tl=1 2x\" height=\"192\" width=\"343\"><source media=\"(min-width: 768px) and (max-width: 1023px)\" srcset=\"https:\/\/a57.foxnews.com\/static.foxnews.com\/foxnews.com\/content\/uploads\/2023\/12\/672\/378\/edan-alexander.jpg?ve=1&amp;tl=1, https:\/\/a57.foxnews.com\/static.foxnews.com\/foxnews.com\/content\/uploads\/2023\/12\/1344\/756\/edan-alexander.jpg?ve=1&amp;tl=1 2x\" height=\"378\" width=\"672\"><source media=\"(min-width: 1024px) and (max-width: 1279px)\" srcset=\"https:\/\/a57.foxnews.com\/static.foxnews.com\/foxnews.com\/content\/uploads\/2023\/12\/931\/523\/edan-alexander.jpg?ve=1&amp;tl=1, https:\/\/a57.foxnews.com\/static.foxnews.com\/foxnews.com\/content\/uploads\/2023\/12\/1862\/1046\/edan-alexander.jpg?ve=1&amp;tl=1 2x\" height=\"523\" width=\"931\"><source media=\"(min-width: 1280px)\" srcset=\"https:\/\/a57.foxnews.com\/static.foxnews.com\/foxnews.com\/content\/uploads\/2023\/12\/720\/405\/edan-alexander.jpg?ve=1&amp;tl=1, https:\/\/a57.foxnews.com\/static.foxnews.com\/foxnews.com\/content\/uploads\/2023\/12\/1440\/810\/edan-alexander.jpg?ve=1&amp;tl=1 2x\" height=\"405\" width=\"720\"><img loading=\"lazy\" decoding=\"async\" src=\"https:\/\/a57.foxnews.com\/static.foxnews.com\/foxnews.com\/content\/uploads\/2023\/12\/1200\/675\/edan-alexander.jpg?ve=1&amp;tl=1\" alt=\"Una imagen de Edan Alexander sostenida por una mujer\" width=\"1200\" height=\"675\"\/><\/source><\/source><\/source><\/source><\/picture><\/div>\n<div class=\"info\">\n<div class=\"caption\">\n<p><span> Una mujer sostiene una imagen del reh\u00e9n Edan Alexander durante el d\u00eda global de la unidad y la oraci\u00f3n con los rehenes de Israel y Familias Missing Forum, que representa a los familiares de los tomados cautivos por los militantes palestinos de Hamas durante el ataque del 7 de octubre.<\/span> <span>(Yuri Cortez\/AFP a trav\u00e9s de Getty Images)<\/span><\/p>\n<\/div>\n<\/div>\n<\/div>\n<p><strong>Haga clic aqu\u00ed para obtener la aplicaci\u00f3n Fox News<\/strong> <\/p>\n<p>Hamas todav\u00eda hay 59 rehenes, incluido un individuo que fue tomado por el grupo terrorista separado de los ataques de octubre de 2023.<\/p>\n<p>Se eval\u00faa que unos 35 rehenes han sido asesinados por Hamas y cuyos cuerpos a\u00fan est\u00e1n siendo retenidos, incluidos cuatro estadounidenses: Omer Neutra, Itay Chen, Gadi Haggai y Judi Weinstein Haggai, todos los cuales se cree que fueron asesinados el 7 de octubre de 2023. <\/p>\n<p> <!----> <\/p>\n<div class=\"article-meta\">\n<div class=\"author-bio\">\n<p>Caitlin McFall es reportero de Fox News Digital Cubting Politics, US y World News.<\/p>\n<\/div>\n<\/div>\n<\/div>\n\n","protected":false},"excerpt":{"rendered":"<p>Los rehenes liberados de Gaza visitaron al presidente Donald Trump en la Oficina Oval para decirle que su reelecci\u00f3n a la Casa Blanca les dio esperanza despu\u00e9s de cientos de d\u00edas en el cautiverio de Hamas. En un evento de la prensa del jueves, el enviado especial de los Estados Unidos al Medio Oriente Steve &hellip;<\/p>\n","protected":false},"author":1,"featured_media":17580,"comment_status":"open","ping_status":"open","sticky":false,"template":"","format":"standard","meta":{"fifu_image_url":"https:\/\/static.foxnews.com\/foxnews.com\/content\/uploads\/2025\/03\/photo-2025-03-05-18-04-21.jpg","fifu_image_alt":"","footnotes":""},"categories":[13],"tags":[],"class_list":["post-17578","post","type-post","status-publish","format-standard","has-post-thumbnail","","category-mundo"],"_links":{"self":[{"href":"https:\/\/noticiasveraces.com\/index.php?rest_route=\/wp\/v2\/posts\/17578","targetHints":{"allow":["GET"]}}],"collection":[{"href":"https:\/\/noticiasveraces.com\/index.php?rest_route=\/wp\/v2\/posts"}],"about":[{"href":"https:\/\/noticiasveraces.com\/index.php?rest_route=\/wp\/v2\/types\/post"}],"author":[{"embeddable":true,"href":"https:\/\/noticiasveraces.com\/index.php?rest_route=\/wp\/v2\/users\/1"}],"replies":[{"embeddable":true,"href":"https:\/\/noticiasveraces.com\/index.php?rest_route=%2Fwp%2Fv2%2Fcomments&post=17578"}],"version-history":[{"count":0,"href":"https:\/\/noticiasveraces.com\/index.php?rest_route=\/wp\/v2\/posts\/17578\/revisions"}],"wp:featuredmedia":[{"embeddable":true,"href":"https:\/\/noticiasveraces.com\/index.php?rest_route=\/wp\/v2\/media\/17580"}],"wp:attachment":[{"href":"https:\/\/noticiasveraces.com\/index.php?rest_route=%2Fwp%2Fv2%2Fmedia&parent=17578"}],"wp:term":[{"taxonomy":"category","embeddable":true,"href":"https:\/\/noticiasveraces.com\/index.php?rest_route=%2Fwp%2Fv2%2Fcategories&post=17578"},{"taxonomy":"post_tag","embeddable":true,"href":"https:\/\/noticiasveraces.com\/index.php?rest_route=%2Fwp%2Fv2%2Ftags&post=17578"}],"curies":[{"name":"wp","href":"https:\/\/api.w.org\/{rel}","templated":true}]}}