{"id":17572,"date":"2025-03-07T09:10:14","date_gmt":"2025-03-07T13:10:14","guid":{"rendered":"https:\/\/noticiasveraces.com\/?p=17572"},"modified":"2025-03-07T09:10:14","modified_gmt":"2025-03-07T13:10:14","slug":"la-nota-interna-de-la-onu-indica-preocupaciones-sobre-posibles-cortes-de-gastos","status":"publish","type":"post","link":"https:\/\/noticiasveraces.com\/?p=17572","title":{"rendered":"La nota interna de la ONU indica preocupaciones sobre posibles cortes de gastos"},"content":{"rendered":"<p> \n<\/p>\n<div>\n<p class=\"speakable\">Un memorando interno de las Naciones Unidas obtenidas por Fox News Digital muestra que la organizaci\u00f3n est\u00e1 tratando de prepararse para los recortes de fondos de EE. UU. Mientras el Departamento de Eficiencia del Gobierno (DOGE) trabaja para detener el desperdicio.<\/p>\n<p class=\"speakable\">El memorando fue enviado a los jefes de varios departamentos y oficinas con la l\u00ednea de asunto \u00abAdministraci\u00f3n de la crisis de liquidez presupuestaria regular 2025\u00bb. Seg\u00fan el memorando, el Secretario General de la ONU, Ant\u00f3nio Guterres, emiti\u00f3 una directiva para administrar el flujo de efectivo \u00abde forma conservadora\u00bb y para suspender la contrataci\u00f3n. Tambi\u00e9n conten\u00eda una advertencia a los jefes de departamento, dici\u00e9ndoles que se preparen para trabajar con el 80% de sus presupuestos asignados. <\/p>\n<p>\u00abSomos conscientes de que el techo del 80% podr\u00eda plantear desaf\u00edos significativos para que muchas entidades cumplan con algunos de sus gastos no discrecionales para costos no postrados. Sin embargo, estamos limitados por la falta de liquidez general\u00bb, dice el memorando.<\/p>\n<div class=\"image-ct inline\">\n<div class=\"m\"><picture><source media=\"(max-width: 767px)\" srcset=\"https:\/\/a57.foxnews.com\/static.foxnews.com\/foxnews.com\/content\/uploads\/2024\/10\/343\/192\/2024-09-27t193116z_898794345_rc279aa6t4lv_rtrmadp_3_israel-palestinians-un-scaled.jpg?ve=1&amp;tl=1, https:\/\/a57.foxnews.com\/static.foxnews.com\/foxnews.com\/content\/uploads\/2024\/10\/686\/384\/2024-09-27t193116z_898794345_rc279aa6t4lv_rtrmadp_3_israel-palestinians-un-scaled.jpg?ve=1&amp;tl=1 2x\" height=\"192\" width=\"343\"><source media=\"(min-width: 768px) and (max-width: 1023px)\" srcset=\"https:\/\/a57.foxnews.com\/static.foxnews.com\/foxnews.com\/content\/uploads\/2024\/10\/672\/378\/2024-09-27t193116z_898794345_rc279aa6t4lv_rtrmadp_3_israel-palestinians-un-scaled.jpg?ve=1&amp;tl=1, https:\/\/a57.foxnews.com\/static.foxnews.com\/foxnews.com\/content\/uploads\/2024\/10\/1344\/756\/2024-09-27t193116z_898794345_rc279aa6t4lv_rtrmadp_3_israel-palestinians-un-scaled.jpg?ve=1&amp;tl=1 2x\" height=\"378\" width=\"672\"><source media=\"(min-width: 1024px) and (max-width: 1279px)\" srcset=\"https:\/\/a57.foxnews.com\/static.foxnews.com\/foxnews.com\/content\/uploads\/2024\/10\/931\/523\/2024-09-27t193116z_898794345_rc279aa6t4lv_rtrmadp_3_israel-palestinians-un-scaled.jpg?ve=1&amp;tl=1, https:\/\/a57.foxnews.com\/static.foxnews.com\/foxnews.com\/content\/uploads\/2024\/10\/1862\/1046\/2024-09-27t193116z_898794345_rc279aa6t4lv_rtrmadp_3_israel-palestinians-un-scaled.jpg?ve=1&amp;tl=1 2x\" height=\"523\" width=\"931\"><source media=\"(min-width: 1280px)\" srcset=\"https:\/\/a57.foxnews.com\/static.foxnews.com\/foxnews.com\/content\/uploads\/2024\/10\/720\/405\/2024-09-27t193116z_898794345_rc279aa6t4lv_rtrmadp_3_israel-palestinians-un-scaled.jpg?ve=1&amp;tl=1, https:\/\/a57.foxnews.com\/static.foxnews.com\/foxnews.com\/content\/uploads\/2024\/10\/1440\/810\/2024-09-27t193116z_898794345_rc279aa6t4lv_rtrmadp_3_israel-palestinians-un-scaled.jpg?ve=1&amp;tl=1 2x\" height=\"405\" width=\"720\"><img loading=\"lazy\" decoding=\"async\" src=\"https:\/\/a57.foxnews.com\/static.foxnews.com\/foxnews.com\/content\/uploads\/2024\/10\/1200\/675\/2024-09-27t193116z_898794345_rc279aa6t4lv_rtrmadp_3_israel-palestinians-un-scaled.jpg?ve=1&amp;tl=1\" alt=\"Secretario General Antonio Guterres\" width=\"1200\" height=\"675\"\/><\/source><\/source><\/source><\/source><\/picture><\/div>\n<div class=\"info\">\n<div class=\"caption\">\n<p><span>El secretario general de las Naciones Unidas, Ant\u00f3nio Guterres, habla durante una reuni\u00f3n del Consejo de Seguridad durante la 79a Asamblea General de las Naciones Unidas en la sede de la ONU en la ciudad de Nueva York el 27 de septiembre de 2024.<\/span> <span>(Reuters\/Eduardo Mu\u00f1oz)<\/span><\/p>\n<\/div>\n<\/div>\n<\/div>\n<p><strong>El Jefe de la ONU sona la alarma en medio de temores sobre posibles recortes inspirados en dux despu\u00e9s de la orden de Trump<\/strong><\/p>\n<p>El portavoz del Secretario General, St\u00e9phane Dujarric, confirm\u00f3 a Fox News Digital que este memorando fue enviado y dijo que \u00abno era inusual\u00bb.<\/p>\n<p>A pesar de que el memorando de la ONU afirma que recortar al 80% de los fondos asignados potencialmente da\u00f1ar\u00edan a las entidades, los expertos le dicen al ex adjunto al enviado presidencial especial de los asuntos de rehenes Hugh Dugan que no ven ning\u00fan \u00abrecorte real\u00bb en \u00e9l. Supuestamente se sorprendieron a los expertos por la congelaci\u00f3n del personal, aunque dudan de que habr\u00e1 una pausa concreta para la contrataci\u00f3n.<\/p>\n<p>Adem\u00e1s del memorando, el Secretario General Guterres envi\u00f3 una invitaci\u00f3n a todo el personal de la Secretar\u00eda para participar en un ayuntamiento virtual a finales de este mes. La invitaci\u00f3n no declar\u00f3 un tema oficial para el Ayuntamiento, pero Dujarric confirm\u00f3 a Fox News Digital que \u00abel Secretario General abordar\u00e1 la situaci\u00f3n financiera de la ONU\u00bb<\/p>\n<div class=\"image-ct inline\">\n<div class=\"m\"><picture><source media=\"(max-width: 767px)\" srcset=\"https:\/\/a57.foxnews.com\/static.foxnews.com\/foxnews.com\/content\/uploads\/2019\/09\/343\/192\/United-Nations.jpg?ve=1&amp;tl=1, https:\/\/a57.foxnews.com\/static.foxnews.com\/foxnews.com\/content\/uploads\/2019\/09\/686\/384\/United-Nations.jpg?ve=1&amp;tl=1 2x\" height=\"192\" width=\"343\"><source media=\"(min-width: 768px) and (max-width: 1023px)\" srcset=\"https:\/\/a57.foxnews.com\/static.foxnews.com\/foxnews.com\/content\/uploads\/2019\/09\/672\/378\/United-Nations.jpg?ve=1&amp;tl=1, https:\/\/a57.foxnews.com\/static.foxnews.com\/foxnews.com\/content\/uploads\/2019\/09\/1344\/756\/United-Nations.jpg?ve=1&amp;tl=1 2x\" height=\"378\" width=\"672\"><source media=\"(min-width: 1024px) and (max-width: 1279px)\" srcset=\"https:\/\/a57.foxnews.com\/static.foxnews.com\/foxnews.com\/content\/uploads\/2019\/09\/931\/523\/United-Nations.jpg?ve=1&amp;tl=1, https:\/\/a57.foxnews.com\/static.foxnews.com\/foxnews.com\/content\/uploads\/2019\/09\/1862\/1046\/United-Nations.jpg?ve=1&amp;tl=1 2x\" height=\"523\" width=\"931\"><source media=\"(min-width: 1280px)\" srcset=\"https:\/\/a57.foxnews.com\/static.foxnews.com\/foxnews.com\/content\/uploads\/2019\/09\/720\/405\/United-Nations.jpg?ve=1&amp;tl=1, https:\/\/a57.foxnews.com\/static.foxnews.com\/foxnews.com\/content\/uploads\/2019\/09\/1440\/810\/United-Nations.jpg?ve=1&amp;tl=1 2x\" height=\"405\" width=\"720\"><img loading=\"lazy\" decoding=\"async\" src=\"https:\/\/a57.foxnews.com\/static.foxnews.com\/foxnews.com\/content\/uploads\/2019\/09\/1200\/675\/United-Nations.jpg?ve=1&amp;tl=1\" alt=\"Sede de las Naciones Unidas\" width=\"1200\" height=\"675\"\/><\/source><\/source><\/source><\/source><\/picture><\/div>\n<div class=\"info\">\n<div class=\"caption\">\n<p><span>La sede de las Naciones Unidas se fotografia en la ciudad de Nueva York.<\/span> <span>(Istock)<\/span><\/p>\n<\/div>\n<\/div>\n<\/div>\n<p><strong>Ex funcionarios de las Naciones Unidas de alto nivel lanzar\u00e1n &#8216;doge-un&#8217; para resaltar las ineficiencias de la agencia<\/strong><\/p>\n<p>Dugan le dijo a Fox News Digital que la falta de un tema de la invitaci\u00f3n del ayuntamiento y las fechas tard\u00edas del evento muestran que \u00abla urgencia no est\u00e1 lo suficientemente presente en absoluto\u00bb. <\/p>\n<p>Si bien la ONU ha podido superar su suposici\u00f3n de que podr\u00eda encontrar formas de rescatar, puede haber agotado esos m\u00e9todos, seg\u00fan Dugan. Adem\u00e1s, Dugan dijo que la suposici\u00f3n de la ONU de que puede usar su poder en el escenario mundial, ya que el apalancamiento en las negociaciones con los Estados Unidos ha demostrado ser \u00ababsurdo\u00bb en los \u00faltimos a\u00f1os.<\/p>\n<p>La ONU puede tener una raz\u00f3n para preocuparse despu\u00e9s del discurso del presidente Donald Trump a una sesi\u00f3n conjunta del Congreso en la que enumer\u00f3 numerosos ejemplos de \u00abdesechos terribles\u00bb identificados por Doge. Sin embargo, la posibilidad de otros pa\u00edses que brindan fondos importantes al organismo internacional para reevaluar sus gastos tambi\u00e9n podr\u00eda estar causando una mayor preocupaci\u00f3n.<\/p>\n<p>Sin embargo, Dujarric neg\u00f3 que el memorando fuera un \u00abresultado directo de la situaci\u00f3n pol\u00edtica en los Estados Unidos\u00bb y que la ONU ha \u00abenfrentado una crisis de liquidez\u00bb durante d\u00e9cadas, ya que \u00abno todos los Estados miembros pagan a su totalidad\u00bb o \u00aba tiempo\u00bb.<\/p>\n<div class=\"image-ct inline\">\n<div class=\"m\"><picture><source media=\"(max-width: 767px)\" srcset=\"https:\/\/a57.foxnews.com\/static.foxnews.com\/foxnews.com\/content\/uploads\/2023\/07\/343\/192\/Guterres.jpg?ve=1&amp;tl=1, https:\/\/a57.foxnews.com\/static.foxnews.com\/foxnews.com\/content\/uploads\/2023\/07\/686\/384\/Guterres.jpg?ve=1&amp;tl=1 2x\" height=\"192\" width=\"343\"><source media=\"(min-width: 768px) and (max-width: 1023px)\" srcset=\"https:\/\/a57.foxnews.com\/static.foxnews.com\/foxnews.com\/content\/uploads\/2023\/07\/672\/378\/Guterres.jpg?ve=1&amp;tl=1, https:\/\/a57.foxnews.com\/static.foxnews.com\/foxnews.com\/content\/uploads\/2023\/07\/1344\/756\/Guterres.jpg?ve=1&amp;tl=1 2x\" height=\"378\" width=\"672\"><source media=\"(min-width: 1024px) and (max-width: 1279px)\" srcset=\"https:\/\/a57.foxnews.com\/static.foxnews.com\/foxnews.com\/content\/uploads\/2023\/07\/931\/523\/Guterres.jpg?ve=1&amp;tl=1, https:\/\/a57.foxnews.com\/static.foxnews.com\/foxnews.com\/content\/uploads\/2023\/07\/1862\/1046\/Guterres.jpg?ve=1&amp;tl=1 2x\" height=\"523\" width=\"931\"><source media=\"(min-width: 1280px)\" srcset=\"https:\/\/a57.foxnews.com\/static.foxnews.com\/foxnews.com\/content\/uploads\/2023\/07\/720\/405\/Guterres.jpg?ve=1&amp;tl=1, https:\/\/a57.foxnews.com\/static.foxnews.com\/foxnews.com\/content\/uploads\/2023\/07\/1440\/810\/Guterres.jpg?ve=1&amp;tl=1 2x\" height=\"405\" width=\"720\"><img loading=\"lazy\" decoding=\"async\" src=\"https:\/\/a57.foxnews.com\/static.foxnews.com\/foxnews.com\/content\/uploads\/2023\/07\/1200\/675\/Guterres.jpg?ve=1&amp;tl=1\" alt=\"El secretario general de la ONU, Antonio Guterres, habla\" width=\"1200\" height=\"675\"\/><\/source><\/source><\/source><\/source><\/picture><\/div>\n<div class=\"info\">\n<div class=\"caption\">\n<p><span>El secretario general de la ONU, Ant\u00f3nio Guterres, habla durante una conferencia de prensa en Port-Au-Prince, Hait\u00ed, el 1 de julio de 2023.<\/span> <span>(Richard Pierrin\/AFP a trav\u00e9s de Getty Images)<\/span><\/p>\n<\/div>\n<\/div>\n<\/div>\n<p><strong><u>Haga clic aqu\u00ed para obtener la aplicaci\u00f3n Fox News<\/u><\/strong><\/p>\n<p>El memorando se produce casi un mes despu\u00e9s de que el Secretario General Guterres envi\u00f3 una carta al personal asegur\u00e1ndoles que la ONU estaba trabajando para mitigar el impacto de posibles recortes presupuestarios. Tambi\u00e9n duplic\u00f3 la importancia del cuerpo internacional y parec\u00eda incluir un mensaje para impulsar la moral.<\/p>\n<p>\u00abAhora, m\u00e1s que nunca, el trabajo de las Naciones Unidas es crucial. A medida que enfrentamos este dif\u00edcil desaf\u00edo, su dedicaci\u00f3n y apoyo nos ayudar\u00e1 a superar y avanzar\u00bb, dec\u00eda la carta de febrero de Guterres.<\/p>\n<p> <!----> <\/p>\n<div class=\"article-meta\">\n<div class=\"author-bio\">\n<p>Rachel Wolf es una escritora de noticias de Fox News Digital y Fox Business.<\/p>\n<\/div>\n<\/div>\n<\/div>\n\n","protected":false},"excerpt":{"rendered":"<p>Un memorando interno de las Naciones Unidas obtenidas por Fox News Digital muestra que la organizaci\u00f3n est\u00e1 tratando de prepararse para los recortes de fondos de EE. UU. Mientras el Departamento de Eficiencia del Gobierno (DOGE) trabaja para detener el desperdicio. El memorando fue enviado a los jefes de varios departamentos y oficinas con la &hellip;<\/p>\n","protected":false},"author":1,"featured_media":17574,"comment_status":"open","ping_status":"open","sticky":false,"template":"","format":"standard","meta":{"fifu_image_url":"https:\/\/static.foxnews.com\/foxnews.com\/content\/uploads\/2024\/10\/2024-09-27t193116z_898794345_rc279aa6t4lv_rtrmadp_3_israel-palestinians-un-scaled.jpg","fifu_image_alt":"","footnotes":""},"categories":[13],"tags":[],"class_list":["post-17572","post","type-post","status-publish","format-standard","has-post-thumbnail","","category-mundo"],"_links":{"self":[{"href":"https:\/\/noticiasveraces.com\/index.php?rest_route=\/wp\/v2\/posts\/17572","targetHints":{"allow":["GET"]}}],"collection":[{"href":"https:\/\/noticiasveraces.com\/index.php?rest_route=\/wp\/v2\/posts"}],"about":[{"href":"https:\/\/noticiasveraces.com\/index.php?rest_route=\/wp\/v2\/types\/post"}],"author":[{"embeddable":true,"href":"https:\/\/noticiasveraces.com\/index.php?rest_route=\/wp\/v2\/users\/1"}],"replies":[{"embeddable":true,"href":"https:\/\/noticiasveraces.com\/index.php?rest_route=%2Fwp%2Fv2%2Fcomments&post=17572"}],"version-history":[{"count":0,"href":"https:\/\/noticiasveraces.com\/index.php?rest_route=\/wp\/v2\/posts\/17572\/revisions"}],"wp:featuredmedia":[{"embeddable":true,"href":"https:\/\/noticiasveraces.com\/index.php?rest_route=\/wp\/v2\/media\/17574"}],"wp:attachment":[{"href":"https:\/\/noticiasveraces.com\/index.php?rest_route=%2Fwp%2Fv2%2Fmedia&parent=17572"}],"wp:term":[{"taxonomy":"category","embeddable":true,"href":"https:\/\/noticiasveraces.com\/index.php?rest_route=%2Fwp%2Fv2%2Fcategories&post=17572"},{"taxonomy":"post_tag","embeddable":true,"href":"https:\/\/noticiasveraces.com\/index.php?rest_route=%2Fwp%2Fv2%2Ftags&post=17572"}],"curies":[{"name":"wp","href":"https:\/\/api.w.org\/{rel}","templated":true}]}}