{"id":17556,"date":"2025-03-07T06:02:57","date_gmt":"2025-03-07T10:02:57","guid":{"rendered":"https:\/\/noticiasveraces.com\/?p=17556"},"modified":"2025-03-07T06:02:57","modified_gmt":"2025-03-07T10:02:57","slug":"cohete-europeo-ariane-6-coloca-en-orbita-satelite-militar-dw-06-03-2025","status":"publish","type":"post","link":"https:\/\/noticiasveraces.com\/?p=17556","title":{"rendered":"Cohete Europeo Ariane 6 Coloca en \u00f3rbita Sat\u00e9lite Militar &#8211; DW &#8211; 06\/03\/2025"},"content":{"rendered":"<p> \n<\/p>\n<div>\n<p>El Cohete Ariane 6, Que Despeg\u00f3 Este Jueves (06.03.2025) Desde Guayana Francesa en Su Primer Vuelo Comercial, Coloc\u00f3 en \u00f3rbita un sat\u00e9lite Militar Franc\u00e9s de Observaci\u00f3n.<\/p>\n<p>Despu\u00e9s de Varios Retrasos, El Lanzador Europeo despeg\u00f3 desde la localidad de kourou con el sat\u00e9lite militar franc\u00e9s de observaci\u00f3n cso-3.<\/p>\n<p>Ambos \u00abEst\u00e1n en Condiciones Estabilizadas y Seguras\u00bb, Asegur\u00f3 El Grupo Encargado de la Explotacia y Comercializaci\u00f3n Del Lanzador.<\/p>\n<p>El Lanzamiento hab\u00eda Sido Abortado El Lunes 30 Minutos Antes de la Hora Prevista, Debido A Un Mal FuncionAmiento de una V\u00e1lvula en Uno de los Tipos de Abastecimiento.<\/p>\n<p>Las Pruebas Realizadas Antes del Lanzamiento \u00abMostraban que Ten\u00edamos un Comportamiento anormal\u00bb, Explic\u00f3 el Presidente Ejecutivo de Arianespace, David Cavaillol\u00e8s. Por lo tanto \u00abla \u00fanica decisi\u00f3n correcta fue interrumpir la cuenta regresiva Hasta Comprender El Mal FuncionAmientO y Solucionarlo\u00bb, Precis\u00f3.<\/p>\n<p>Inicialmental Prevista para Diciembre, La Misi\u00f3n ya Hab\u00eda Sido Pospuesta al 26 de Febero.<\/p>\n<p>El Sat\u00e9lite Cao-3, Que Ariane 6 Debe Colocar en una \u00f3rbita A 800 Kil\u00f3metros, Desplate la Miniconstelacia de Vigilancia de la Tierra para el Ministerio de Defensa Franc\u00e9s y Mejorar\u00e1 Sus Capacidades de Inteligencia.<\/p>\n<p>El Sat\u00e9lite Permitir\u00e1 Recibir Im\u00e1genes con Resoluci\u00f3n Extremadamento Alta.<\/p>\n<p>RR (AFP\/Reuters)<\/p>\n<\/div>\n\n","protected":false},"excerpt":{"rendered":"<p>El Cohete Ariane 6, Que Despeg\u00f3 Este Jueves (06.03.2025) Desde Guayana Francesa en Su Primer Vuelo Comercial, Coloc\u00f3 en \u00f3rbita un sat\u00e9lite Militar Franc\u00e9s de Observaci\u00f3n. Despu\u00e9s de Varios Retrasos, El Lanzador Europeo despeg\u00f3 desde la localidad de kourou con el sat\u00e9lite militar franc\u00e9s de observaci\u00f3n cso-3. Ambos \u00abEst\u00e1n en Condiciones Estabilizadas y Seguras\u00bb, Asegur\u00f3 &hellip;<\/p>\n","protected":false},"author":1,"featured_media":17557,"comment_status":"open","ping_status":"open","sticky":false,"template":"","format":"standard","meta":{"fifu_image_url":"https:\/\/static.dw.com\/image\/69610786_6.jpg","fifu_image_alt":"","footnotes":""},"categories":[13],"tags":[],"class_list":["post-17556","post","type-post","status-publish","format-standard","has-post-thumbnail","","category-mundo"],"_links":{"self":[{"href":"https:\/\/noticiasveraces.com\/index.php?rest_route=\/wp\/v2\/posts\/17556","targetHints":{"allow":["GET"]}}],"collection":[{"href":"https:\/\/noticiasveraces.com\/index.php?rest_route=\/wp\/v2\/posts"}],"about":[{"href":"https:\/\/noticiasveraces.com\/index.php?rest_route=\/wp\/v2\/types\/post"}],"author":[{"embeddable":true,"href":"https:\/\/noticiasveraces.com\/index.php?rest_route=\/wp\/v2\/users\/1"}],"replies":[{"embeddable":true,"href":"https:\/\/noticiasveraces.com\/index.php?rest_route=%2Fwp%2Fv2%2Fcomments&post=17556"}],"version-history":[{"count":0,"href":"https:\/\/noticiasveraces.com\/index.php?rest_route=\/wp\/v2\/posts\/17556\/revisions"}],"wp:featuredmedia":[{"embeddable":true,"href":"https:\/\/noticiasveraces.com\/index.php?rest_route=\/wp\/v2\/media\/17557"}],"wp:attachment":[{"href":"https:\/\/noticiasveraces.com\/index.php?rest_route=%2Fwp%2Fv2%2Fmedia&parent=17556"}],"wp:term":[{"taxonomy":"category","embeddable":true,"href":"https:\/\/noticiasveraces.com\/index.php?rest_route=%2Fwp%2Fv2%2Fcategories&post=17556"},{"taxonomy":"post_tag","embeddable":true,"href":"https:\/\/noticiasveraces.com\/index.php?rest_route=%2Fwp%2Fv2%2Ftags&post=17556"}],"curies":[{"name":"wp","href":"https:\/\/api.w.org\/{rel}","templated":true}]}}