{"id":17538,"date":"2025-03-07T03:53:27","date_gmt":"2025-03-07T07:53:27","guid":{"rendered":"https:\/\/noticiasveraces.com\/?p=17538"},"modified":"2025-03-07T03:53:27","modified_gmt":"2025-03-07T07:53:27","slug":"china-ve-mas-razones-que-nunca-para-buena-relacion-con-ue-dw-07-03-2025","status":"publish","type":"post","link":"https:\/\/noticiasveraces.com\/?p=17538","title":{"rendered":"China ve \u00abM\u00e1s Razones Que Nunca\u00bb para Buena Relaci\u00f3n Con Ue &#8211; DW &#8211; 07\/03\/2025"},"content":{"rendered":"<p> \n<\/p>\n<div>\n<p>El Ministro de Exteriores de China, Wang Yi, Consider\u00f3 Este Viernes (07.03.2025) Que en El Escenario Mundial Real Heno \u00abM\u00e1S Razones Que Nunca\u00bb Para que Su Pa\u00eds y la Uni\u00f3n Europea (UE) Mantengan Una Buena Relaci\u00d3n Y La Fortalezcan.<\/p>\n<p>\u00abChina Sigue Confiando en Europa (&#8230;). Las dos partes Tienen la Capacidad y la Sabidur\u00eda Para Resolver Adecuadamme Los problemas existentes un Trav\u00e9s de Consultas amistosas\u00bb, Dijo El Canciller Sesiones \u00ab, La Reuni\u00f3n de la Asamblea Nacional Popular en la que anualmente se Traza la Hoja de Ruta Pol\u00edtica y Econ\u00f3mica del Pa\u00eds.<\/p>\n<p>Wang Record\u00f3 que este y A\u00f1o se Cumplen Cinco D\u00e9cadas del establecimiento del establecimiento de relaciones diplom\u00e1ticos entre China y europa, Unos nexos en los que que la experiencia m\u00e1s multilateralismo \u00ab.<\/p>\n<p>El Jefe de la Diplomacia China Record\u00f3 que el Presidente Chino, Xi Jinping, Sostuvo en Enero Pasado Tras Hablar Con El Presidente del Consejo Europa, Ant\u00f3nio Costa, CUANTO M\u00c1S GRAVE Y COMPLADA ES LA SITUACI\u00d3N PER Mejorar La Confianza Mutua \u00ab.<\/p>\n<p>En Las \u00daltimas Semanas, Algunos Analistas Han Mencionado la Posibilidad de un acercamiento entre China y Europa Ante las desavenencias Entre el bloque continental y estados unidos tras la vuelta de donald Trump a la casa blanca, asistidos de bien importantes friccres comerciales entres brujas biskskin a yes ypaskin a yes CUENTA DE ASUNTOS COMO LOS VEH\u00cdCULOS ELECTRICOS CHINOS, A LOS LA UE IMPUSO ARANCELES EL A\u00f1o Pasado.<\/p>\n<p>JC (Efe, Reuters)<\/p>\n<\/div>\n\n","protected":false},"excerpt":{"rendered":"<p>El Ministro de Exteriores de China, Wang Yi, Consider\u00f3 Este Viernes (07.03.2025) Que en El Escenario Mundial Real Heno \u00abM\u00e1S Razones Que Nunca\u00bb Para que Su Pa\u00eds y la Uni\u00f3n Europea (UE) Mantengan Una Buena Relaci\u00d3n Y La Fortalezcan. \u00abChina Sigue Confiando en Europa (&#8230;). Las dos partes Tienen la Capacidad y la Sabidur\u00eda Para &hellip;<\/p>\n","protected":false},"author":1,"featured_media":17539,"comment_status":"open","ping_status":"open","sticky":false,"template":"","format":"standard","meta":{"fifu_image_url":"https:\/\/static.dw.com\/image\/68836708_6.jpg","fifu_image_alt":"","footnotes":""},"categories":[13],"tags":[],"class_list":["post-17538","post","type-post","status-publish","format-standard","has-post-thumbnail","","category-mundo"],"_links":{"self":[{"href":"https:\/\/noticiasveraces.com\/index.php?rest_route=\/wp\/v2\/posts\/17538","targetHints":{"allow":["GET"]}}],"collection":[{"href":"https:\/\/noticiasveraces.com\/index.php?rest_route=\/wp\/v2\/posts"}],"about":[{"href":"https:\/\/noticiasveraces.com\/index.php?rest_route=\/wp\/v2\/types\/post"}],"author":[{"embeddable":true,"href":"https:\/\/noticiasveraces.com\/index.php?rest_route=\/wp\/v2\/users\/1"}],"replies":[{"embeddable":true,"href":"https:\/\/noticiasveraces.com\/index.php?rest_route=%2Fwp%2Fv2%2Fcomments&post=17538"}],"version-history":[{"count":0,"href":"https:\/\/noticiasveraces.com\/index.php?rest_route=\/wp\/v2\/posts\/17538\/revisions"}],"wp:featuredmedia":[{"embeddable":true,"href":"https:\/\/noticiasveraces.com\/index.php?rest_route=\/wp\/v2\/media\/17539"}],"wp:attachment":[{"href":"https:\/\/noticiasveraces.com\/index.php?rest_route=%2Fwp%2Fv2%2Fmedia&parent=17538"}],"wp:term":[{"taxonomy":"category","embeddable":true,"href":"https:\/\/noticiasveraces.com\/index.php?rest_route=%2Fwp%2Fv2%2Fcategories&post=17538"},{"taxonomy":"post_tag","embeddable":true,"href":"https:\/\/noticiasveraces.com\/index.php?rest_route=%2Fwp%2Fv2%2Ftags&post=17538"}],"curies":[{"name":"wp","href":"https:\/\/api.w.org\/{rel}","templated":true}]}}